{"id":22182,"date":"2025-02-11T09:19:58","date_gmt":"2025-02-11T12:19:58","guid":{"rendered":"https:\/\/acontecenafronteira.com.br\/?p=22182"},"modified":"2025-02-11T09:23:10","modified_gmt":"2025-02-11T12:23:10","slug":"comeca-hoje-juri-de-jorge-guaranho-acusado-pela-morte-de-marcelo-arruda","status":"publish","type":"post","link":"https:\/\/acontecenafronteira.com.br\/index.php\/2025\/02\/11\/comeca-hoje-juri-de-jorge-guaranho-acusado-pela-morte-de-marcelo-arruda\/","title":{"rendered":"Come\u00e7a Hoje J\u00fari de Jorge Guaranho, acusado pela morte de\u00a0Marcelo Arruda"},"content":{"rendered":"\n<p>Est\u00e1 previsto para 10h desta ter\u00e7a-feira (11) o in\u00edcio do j\u00fari popular de Jorge Guaranho, ex-policial penal&nbsp;r\u00e9u por homic\u00eddio duplamente qualificado pelo assassinato de Marcelo Arruda, guarda municipal e tesoureiro do Partido dos Trabalhadores (PT) de&nbsp;Foz do Igua\u00e7u, no oeste do Paran\u00e1.<\/p>\n\n\n\n<p>O julgamento ser\u00e1 no Tribunal do J\u00fari de&nbsp;Curitiba&nbsp;ap\u00f3s a Justi\u00e7a atender pedido de desaforamento feito pela defesa de Guaranho, que&nbsp;alegou que a realiza\u00e7\u00e3o do julgamento em Foz, onde crime aconteceu, possibilitaria risco de parcialidade dos jurados.<\/p>\n\n\n\n<p>O j\u00fari popular ser\u00e1 presidido pela ju\u00edza Mychelle Pacheco Cintra Stadler, magistrada da Vara Privativa do Tribunal do J\u00fari do Foro Central de Curitiba. 11 pessoas dever\u00e3o ser ouvidas.&nbsp;<\/p>\n\n\n\n<p>O crime aconteceu em 9 julho de 2022, em Foz do Igua\u00e7u. Arruda comemorava 50 anos com festa tem\u00e1tica de Lula e do PT. Segundo a investiga\u00e7\u00e3o, Guaranho invadiu a festa e disparou contra Arruda, que revidou. O tesoureiro morreu na madrugada do dia 10.<\/p>\n\n\n\n<p>Guaranho est\u00e1 em pris\u00e3o domiciliar desde setembro do ano passado. Antes disso, ele estava&nbsp;preso no Complexo M\u00e9dico de Pinhais, na Regi\u00e3o Metropolitana de Curitiba, para onde foi levado um m\u00eas ap\u00f3s o crime, quando recebeu alta hospitalar.<\/p>\n\n\n\n<p>O j\u00fari come\u00e7ar\u00e1 com a escolha dos sete jurados para a forma\u00e7\u00e3o do Conselho de Senten\u00e7a. Para isso, 25 pessoas foram convocadas, al\u00e9m de 55 suplentes.<\/p>\n\n\n\n<p>O servi\u00e7o de j\u00fari \u00e9 obrigat\u00f3rio no Brasil, mas os sorteados podem alegar impedimento e cada parte envolvida no processo pode dispensar at\u00e9 tr\u00eas jurados sorteados sem qualquer justificativa. Se os primeiros sorteados n\u00e3o cumprirem os requisitos de participa\u00e7\u00e3o no j\u00fari, \u00e9 feito sorteio de suplentes.<\/p>\n\n\n\n<p>A Justi\u00e7a afirma que o&nbsp;<strong>j\u00fari de Jorge Guaranho pode se estender at\u00e9 a quinta-feira (13)<\/strong>.<\/p>\n\n\n\n<h2 class=\"wp-block-heading\">Quem ir\u00e1 ser ouvido (a)?<\/h2>\n\n\n\n<p><strong>Testemunhas de Jorge Guaranho<\/strong>:<\/p>\n\n\n\n<ol class=\"wp-block-list\">\n<li><strong>Daniele Lima dos Santos,<\/strong>&nbsp;vigilante que estava pr\u00f3xima ao local do crime e que falou em depoimento \u00e0 Pol\u00edcia Civil&nbsp;ter ouvido ex-policial penal gritar &#8220;aqui \u00e9 Bolsonaro&#8221; pouco antes dele atirar em Arruda;<\/li>\n\n\n\n<li><strong>Alexandre Jos\u00e9 dos Santos,&nbsp;<\/strong>amigo de Marcelo Arruda que participava da festa.<\/li>\n\n\n\n<li><strong>Francielle Sales da Silva<\/strong>, esposa de Jorge Guaranho que&nbsp;esteve com ele na primeira ida ao local onde acontecia a festa de Arruda e afirmou que o marido gritou &#8220;Bolsonaro mito!&#8221;;<\/li>\n\n\n\n<li><strong>Marcelo Adriano Ferreira<\/strong>;<\/li>\n\n\n\n<li><strong>M\u00e1rcio Jacob Muller Murback<\/strong>, amigo de Guaranho que tinha acesso \u00e0s imagens das c\u00e2meras de seguran\u00e7a da associa\u00e7\u00e3o onde ocorria a festa de Arruda e que&nbsp;afirmou \u00e0 pol\u00edcia ter sido atrav\u00e9s do celular dele que Guaranho soube da festa de Arruda, mas &#8220;permaneceu normal&#8221;.<\/li>\n<\/ol>\n\n\n\n<p>A defesa de Guaranho tamb\u00e9m quer que sejam ouvidos tr\u00eas peritos que elaboraram os laudos do caso. S\u00e3o eles:<\/p>\n\n\n\n<ul class=\"wp-block-list\">\n<li><strong>Rodrigo Cavalcanti de Oliveira Neves<\/strong><\/li>\n\n\n\n<li><strong>Simone Cristina Malysz<\/strong><\/li>\n\n\n\n<li><strong>Denise de Oliveira Carneiro Berejuk<\/strong><\/li>\n<\/ul>\n\n\n\n<p><strong>Testemunhas da acusa\u00e7\u00e3o<\/strong>:<strong><\/strong><\/p>\n\n\n\n<ol class=\"wp-block-list\">\n<li><strong>P\u00e2mela Suellen Silva<\/strong>,<strong>&nbsp;<\/strong>esposa de Marcelo Arruda e que tentou evitar disparos de Guaranho contra o marido dizendo ao atirador que \u00e9 policial civil;<\/li>\n\n\n\n<li><strong>Leonardo Miranda Arruda<\/strong>, filho mais velho de Marcelo Arruda que estava na festa do pai e presenciou discuss\u00e3o dele com Guaranho; (n\u00e3o ser\u00e1 ouvido porque foi dispensado pela defesa de Guaranho).<\/li>\n\n\n\n<li><strong>Daniele Lima dos Santos<\/strong>,&nbsp;a mesma vigilante arrolada pela defesa de Guaranho;<\/li>\n\n\n\n<li><strong>Edemir Alexandre Riquelme Gonsalves<\/strong>, amigo de Marcelo Arruda;<\/li>\n\n\n\n<li><strong>Wolfgang Vaz Neitzel,<\/strong>&nbsp;amigo de Marcelo Arruda que participou da festa e viu discuss\u00e3o que terminou com o assassinato.<\/li>\n<\/ol>\n\n\n\n<p>O r\u00e9u,&nbsp;<strong>Jorge Guaranho<\/strong>, ser\u00e1 o \u00faltimo a ser ouvido.<\/p>\n\n\n\n<p>Ap\u00f3s os&nbsp;<strong>debates<\/strong>, o j\u00fari popular vai para a fase chamada de&nbsp;<strong>quesita\u00e7\u00e3o<\/strong>, quando os jurados s\u00e3o questionados se condenam ou absolvem o r\u00e9u.<\/p>\n\n\n\n<h2 class=\"wp-block-heading\">Crime a que Guaranho responde<\/h2>\n\n\n\n<p>Em 22 de julho, 12 dias ap\u00f3s o crime,&nbsp;Guaranho se tornou r\u00e9u por homic\u00eddio duplamente qualificado&nbsp;ap\u00f3s a Justi\u00e7a aceitar e den\u00fancia do Minist\u00e9rio P\u00fablico do Paran\u00e1 (MP-PR).<\/p>\n\n\n\n<p>O juiz Gustavo Germano Francisco Arguello acolheu a avalia\u00e7\u00e3o do MP de que Guaranho agiu por motivo f\u00fatil decorrente de &#8220;prefer\u00eancias pol\u00edtico-partid\u00e1rias antag\u00f4nicas&#8221; e que o policial colocou a vida de mais pessoas em risco ao efetuar os disparos no sal\u00e3o de festas.<\/p>\n\n\n\n<p>Em mar\u00e7o de 2024,&nbsp;o ministro da Justi\u00e7a e Seguran\u00e7a P\u00fablica, Ricardo Lewandowski, demitiu Guaranho&nbsp;ap\u00f3s um Processo Administrativo Disciplinar (PAD), instaurado \u00e0 \u00e9poca do crime.<\/p>\n\n\n\n<p>Conforme as investiga\u00e7\u00f5es,&nbsp;Jorge Guaranho invadiu a festa de anivers\u00e1rio de Marcelo Arruda e os dois discutiram. Cerca de 10 minutos depois, o policial penal voltou ao local, armado, e disparou contra Arruda, que revidou usando a arma que carregava por ser guarda municipal.<\/p>\n\n\n\n<p>Arruda foi socorrido, mas morreu na madrugada de 10 de julho de 2022. Ele deixou quatro filhos. Na \u00e9poca do crime, um deles tinha pouco mais de 40 dias.<\/p>\n\n\n\n<p>Ap\u00f3s o crime, Guaranho foi agredido por convidados presentes na festa de Marcelo. Ele foi internado e permaneceu em hospital de Foz do Igua\u00e7u at\u00e9 ter alta e ser encaminhado ao Complexo M\u00e9dico-Penal de Pinhais, na Regi\u00e3o Metropolitana de Curitiba, onde ficou preso at\u00e9 setembro 2024. Atualmente,&nbsp;Guaranho cumpre pris\u00e3o domiciliar.<\/p>\n\n\n\n<p>Por G1<\/p>\n\n\n\n<figure class=\"wp-block-embed is-type-video is-provider-youtube wp-block-embed-youtube wp-embed-aspect-16-9 wp-has-aspect-ratio\"><div class=\"wp-block-embed__wrapper\">\n<iframe loading=\"lazy\" title=\"Acusado de matar tesoureiro do PT vai a j\u00fari popular\" width=\"640\" height=\"360\" src=\"https:\/\/www.youtube.com\/embed\/-v0yf9gM8_I?feature=oembed\" frameborder=\"0\" allow=\"accelerometer; autoplay; clipboard-write; encrypted-media; gyroscope; picture-in-picture; web-share\" referrerpolicy=\"strict-origin-when-cross-origin\" allowfullscreen><\/iframe>\n<\/div><\/figure>\n","protected":false},"excerpt":{"rendered":"<p>Est\u00e1 previsto para 10h desta ter\u00e7a-feira (11) o in\u00edcio do j\u00fari popular de Jorge Guaranho, ex-policial penal&nbsp;r\u00e9u por homic\u00eddio duplamente qualificado pelo assassinato de Marcelo Arruda, guarda municipal e tesoureiro do Partido dos Trabalhadores (PT) de&nbsp;Foz do Igua\u00e7u, no oeste do Paran\u00e1. O julgamento ser\u00e1 no Tribunal do J\u00fari de&nbsp;Curitiba&nbsp;ap\u00f3s a Justi\u00e7a atender pedido de [&hellip;]<\/p>\n","protected":false},"author":2,"featured_media":22183,"comment_status":"open","ping_status":"open","sticky":false,"template":"","format":"standard","meta":{"om_disable_all_campaigns":false,"_monsterinsights_skip_tracking":false,"_monsterinsights_sitenote_active":false,"_monsterinsights_sitenote_note":"","_monsterinsights_sitenote_category":0,"footnotes":""},"categories":[26,4,5,19],"tags":[],"class_list":["post-22182","post","type-post","status-publish","format-standard","has-post-thumbnail","hentry","category-brasil","category-cidade","category-policia","category-politica"],"_links":{"self":[{"href":"https:\/\/acontecenafronteira.com.br\/index.php\/wp-json\/wp\/v2\/posts\/22182","targetHints":{"allow":["GET"]}}],"collection":[{"href":"https:\/\/acontecenafronteira.com.br\/index.php\/wp-json\/wp\/v2\/posts"}],"about":[{"href":"https:\/\/acontecenafronteira.com.br\/index.php\/wp-json\/wp\/v2\/types\/post"}],"author":[{"embeddable":true,"href":"https:\/\/acontecenafronteira.com.br\/index.php\/wp-json\/wp\/v2\/users\/2"}],"replies":[{"embeddable":true,"href":"https:\/\/acontecenafronteira.com.br\/index.php\/wp-json\/wp\/v2\/comments?post=22182"}],"version-history":[{"count":2,"href":"https:\/\/acontecenafronteira.com.br\/index.php\/wp-json\/wp\/v2\/posts\/22182\/revisions"}],"predecessor-version":[{"id":22185,"href":"https:\/\/acontecenafronteira.com.br\/index.php\/wp-json\/wp\/v2\/posts\/22182\/revisions\/22185"}],"wp:featuredmedia":[{"embeddable":true,"href":"https:\/\/acontecenafronteira.com.br\/index.php\/wp-json\/wp\/v2\/media\/22183"}],"wp:attachment":[{"href":"https:\/\/acontecenafronteira.com.br\/index.php\/wp-json\/wp\/v2\/media?parent=22182"}],"wp:term":[{"taxonomy":"category","embeddable":true,"href":"https:\/\/acontecenafronteira.com.br\/index.php\/wp-json\/wp\/v2\/categories?post=22182"},{"taxonomy":"post_tag","embeddable":true,"href":"https:\/\/acontecenafronteira.com.br\/index.php\/wp-json\/wp\/v2\/tags?post=22182"}],"curies":[{"name":"wp","href":"https:\/\/api.w.org\/{rel}","templated":true}]}}