{"id":22097,"date":"2025-02-05T12:49:57","date_gmt":"2025-02-05T15:49:57","guid":{"rendered":"https:\/\/acontecenafronteira.com.br\/?p=22097"},"modified":"2025-02-05T12:49:57","modified_gmt":"2025-02-05T15:49:57","slug":"vereadores-recebem-feirantes-com-pauta-de-reivindicacoes","status":"publish","type":"post","link":"https:\/\/acontecenafronteira.com.br\/index.php\/2025\/02\/05\/vereadores-recebem-feirantes-com-pauta-de-reivindicacoes\/","title":{"rendered":"Vereadores recebem feirantes com pauta de reivindica\u00e7\u00f5es"},"content":{"rendered":"\n<p>Foz do Igua\u00e7u tem um calend\u00e1rio de feiras que acontecem em alguns bairros. A principal e mais conhecida \u00e9 a feirinha da JK, que \u00e9 realizada aos domingos. Tamb\u00e9m acontecem as feiras do Parque Remador (Porto Meira), da Vila Yolanda, Pra\u00e7a da B\u00edblia. As feiras s\u00e3o espa\u00e7os importantes para cerca de 300 trabalhadores da gastronomia, cultura, artesanato.<\/p>\n\n\n\n<p>No entanto, mesmo j\u00e1 tendo hist\u00f3ria e grande relev\u00e2ncia na cidade, as feiras t\u00eam apresentado car\u00eancias estruturais importantes. Diante disso, os feirantes se reuniram com os parlamentares no intuito de apresentar uma pauta de reivindica\u00e7\u00f5es que envolvem seguran\u00e7a p\u00fablica, falta de banheiros, aus\u00eancia de pontos de luz e \u00e1gua.<\/p>\n\n\n\n<p>\u201cFiquei chocado quando ouvi no in\u00edcio os feirantes agradecendo por estarem sendo ouvidos. Precisamos ouvi-los e entregar solu\u00e7\u00f5es\u201d, destacou o vereador Ranieri Marchioro.<\/p>\n\n\n\n<p>\u201cA feira tem m\u00faltiplas a\u00e7\u00f5es e objetivos. Precisamos transform\u00e1-la mesmo em patrim\u00f4nio do nosso munic\u00edpio\u201d, pontuou o vereador Bosco Foz.<\/p>\n\n\n\n<p>Integrante da Comiss\u00e3o de Feirantes, Jos\u00e9 Pedro Nascimento, disse: \u201c\u00e9 um grito de socorro j\u00e1 que fazemos parte da feira e ela n\u00e3o tem tido nos \u00faltimos governos a aten\u00e7\u00e3o que merece&#8221;.<\/p>\n\n\n\n<p>O vereador Sidnei Prestes sugeriu que os feirantes se estruturem melhor em associa\u00e7\u00e3o, a fim de que a C\u00e2mara possa ajudar com emendas impositivas e declara\u00e7\u00e3o de utilidade p\u00fablica.<\/p>\n\n\n\n<p>As demandas apresentadas ser\u00e3o levadas ao Poder Executivo, no intuito de buscar solu\u00e7\u00f5es.<\/p>\n","protected":false},"excerpt":{"rendered":"<p>Foz do Igua\u00e7u tem um calend\u00e1rio de feiras que acontecem em alguns bairros. A principal e mais conhecida \u00e9 a feirinha da JK, que \u00e9 realizada aos domingos. Tamb\u00e9m acontecem as feiras do Parque Remador (Porto Meira), da Vila Yolanda, Pra\u00e7a da B\u00edblia. As feiras s\u00e3o espa\u00e7os importantes para cerca de 300 trabalhadores da gastronomia, [&hellip;]<\/p>\n","protected":false},"author":2,"featured_media":22098,"comment_status":"open","ping_status":"open","sticky":false,"template":"","format":"standard","meta":{"om_disable_all_campaigns":false,"_monsterinsights_skip_tracking":false,"_monsterinsights_sitenote_active":false,"_monsterinsights_sitenote_note":"","_monsterinsights_sitenote_category":0,"footnotes":""},"categories":[26,4,19],"tags":[],"class_list":["post-22097","post","type-post","status-publish","format-standard","has-post-thumbnail","hentry","category-brasil","category-cidade","category-politica"],"_links":{"self":[{"href":"https:\/\/acontecenafronteira.com.br\/index.php\/wp-json\/wp\/v2\/posts\/22097","targetHints":{"allow":["GET"]}}],"collection":[{"href":"https:\/\/acontecenafronteira.com.br\/index.php\/wp-json\/wp\/v2\/posts"}],"about":[{"href":"https:\/\/acontecenafronteira.com.br\/index.php\/wp-json\/wp\/v2\/types\/post"}],"author":[{"embeddable":true,"href":"https:\/\/acontecenafronteira.com.br\/index.php\/wp-json\/wp\/v2\/users\/2"}],"replies":[{"embeddable":true,"href":"https:\/\/acontecenafronteira.com.br\/index.php\/wp-json\/wp\/v2\/comments?post=22097"}],"version-history":[{"count":1,"href":"https:\/\/acontecenafronteira.com.br\/index.php\/wp-json\/wp\/v2\/posts\/22097\/revisions"}],"predecessor-version":[{"id":22099,"href":"https:\/\/acontecenafronteira.com.br\/index.php\/wp-json\/wp\/v2\/posts\/22097\/revisions\/22099"}],"wp:featuredmedia":[{"embeddable":true,"href":"https:\/\/acontecenafronteira.com.br\/index.php\/wp-json\/wp\/v2\/media\/22098"}],"wp:attachment":[{"href":"https:\/\/acontecenafronteira.com.br\/index.php\/wp-json\/wp\/v2\/media?parent=22097"}],"wp:term":[{"taxonomy":"category","embeddable":true,"href":"https:\/\/acontecenafronteira.com.br\/index.php\/wp-json\/wp\/v2\/categories?post=22097"},{"taxonomy":"post_tag","embeddable":true,"href":"https:\/\/acontecenafronteira.com.br\/index.php\/wp-json\/wp\/v2\/tags?post=22097"}],"curies":[{"name":"wp","href":"https:\/\/api.w.org\/{rel}","templated":true}]}}