{"id":2203,"date":"2021-11-16T16:02:58","date_gmt":"2021-11-16T19:02:58","guid":{"rendered":"https:\/\/acontecenafronteira.com.br\/?p=2203"},"modified":"2021-11-16T16:02:59","modified_gmt":"2021-11-16T19:02:59","slug":"foz-tem-recorde-de-visitacao-no-feriado-da-republica","status":"publish","type":"post","link":"https:\/\/acontecenafronteira.com.br\/index.php\/2021\/11\/16\/foz-tem-recorde-de-visitacao-no-feriado-da-republica\/","title":{"rendered":"Foz tem recorde de visita\u00e7\u00e3o no feriado da Rep\u00fablica"},"content":{"rendered":"\n<p>Rede hoteleira teve o melhor desempenho de 2021 entre s\u00e1bado (13) e segunda-feira (15)<\/p>\n\n\n\n<p>Foz do Igua\u00e7u registrou nos tr\u00eas dias do feriado prolongado da Rep\u00fablica um recorde de visita\u00e7\u00e3o desde agosto do ano passado. Os tr\u00eas principais atrativos &#8211; Parque Nacional do Igua\u00e7u, Marco das Tr\u00eas Fronteiras e Itaipu Binacional receberam, respectivamente, 22.179, 7.765 e 7.659 visitantes entre s\u00e1bado (13) e segunda-feira (15). A rede hoteleira teve uma ocupa\u00e7\u00e3o de 95%, melhor desempenho do ano, informa o secret\u00e1rio de Turismo, Projetos Estrat\u00e9gicos e Inova\u00e7\u00e3o, Paulo Angeli.<br><br>&#8220;Foz do Igua\u00e7u, com as praias nordestinas, Rio de Janeiro e o litoral paulista, ficou entre os destinos mais procurados no feriado, como aponta levantamento feito pela CNN com dados da ABIH (Associa\u00e7\u00e3o Brasileira de Hot\u00e9is). O apelo das tr\u00eas fronteiras, com a Argentina e o Paraguai, \u00e9 muito forte na hora do turista decidir viajar&#8221;, disse Angeli.<br><br>A visita\u00e7\u00e3o nas Cataratas do Igua\u00e7u superou a estimativa. O parque nacional esperava receber 17 mil visitantes e teve o ingresso de 22.179 turistas nos tr\u00eas dias de feriad\u00e3o. &#8220;Os n\u00fameros consolidam a maior visita\u00e7\u00e3o dos feriados prolongados. Os turistas movimentam a economia em quase todas as atividades, com\u00e9rcio, gastronomia, transporte e assim por diante. E o melhor, centenas de novos empregos s\u00e3o criados&#8221;, disse o prefeito Chico Brasileiro.<br><br>O dia mais movimentado nas Cataratas em 2021, de acordo com a concession\u00e1ria, tamb\u00e9m foi registrado neste feriado &#8211; 12.587 visitantes passaram pelo parque no domingo (14). Os turistas caminharam pelas trilhas das quedas, aproveitaram os passeios de barco no rio Igua\u00e7u, al\u00e9m dos voos e da gastronomia oferecida no atrativo.<br><br>Ao todo, visitantes de 32 nacionalidades, 26 estados brasileiros e do Distrito Federal contemplaram o maior conjunto de quedas d&#8217;\u00e1gua do mundo. Entre os estados, Paran\u00e1, S\u00e3o Paulo, Santa Catarina, Rio Grande do Sul e Rio de Janeiro lideraram a visita\u00e7\u00e3o. O parque \u00e9 aberto de ter\u00e7a-feira a domingo, das 9h \u00e0s 16h, com ingressos vendidos exclusivamente pela internet.<br><br><strong>Marco e Itaipu<br><br><\/strong>O Marco das Tr\u00eas Fronteiras, pr\u00f3ximo ao encontro das \u00e1guas dos rios Igua\u00e7u e Paran\u00e1, na fronteira entre Brasil, Paraguai e Argentina, recebeu 7.765 visitantes no per\u00edodo. A maior movimenta\u00e7\u00e3o foi no domingo (14) &#8211; 3.634 turistas, a maior visita\u00e7\u00e3o desde a reabertura do atrativo.<br><br>Os brasileiros (98%) formam a maioria dos visitantes oriundos do Paran\u00e1, S\u00e3o Paulo, Santa Catarina, Rio de Janeiro, Rio Grande do Sul, Minas Gerais, Cear\u00e1, Rio Grande do Norte, Acre e Mato Grosso do Sul.<br><br>Os atrativos da Itaipu no entorno e na barragem da binacional receberam 7.659 visitantes no per\u00edodo. O passeio mais procurado, a vista panor\u00e2mica da barragem, teve mais de 90% dos ingressos. O passeio Itaipu Iluminada (ilumina\u00e7\u00e3o \u00e0 noite) e o Ref\u00fagio Biol\u00f3gico tamb\u00e9m registraram bom \u00edndice de ingressos no per\u00edodo.<\/p>\n\n\n\n<p> <em>Foto: Kiko Sierich\/PTI.<\/em><br> <\/p>\n","protected":false},"excerpt":{"rendered":"<p>Rede hoteleira teve o melhor desempenho de 2021 entre s\u00e1bado (13) e segunda-feira (15) Foz do Igua\u00e7u registrou nos tr\u00eas dias do feriado prolongado da Rep\u00fablica um recorde de visita\u00e7\u00e3o desde agosto do ano passado. Os tr\u00eas principais atrativos &#8211; Parque Nacional do Igua\u00e7u, Marco das Tr\u00eas Fronteiras e Itaipu Binacional receberam, respectivamente, 22.179, 7.765 [&hellip;]<\/p>\n","protected":false},"author":2,"featured_media":2205,"comment_status":"open","ping_status":"open","sticky":false,"template":"","format":"standard","meta":{"om_disable_all_campaigns":false,"_monsterinsights_skip_tracking":false,"_monsterinsights_sitenote_active":false,"_monsterinsights_sitenote_note":"","_monsterinsights_sitenote_category":0,"footnotes":""},"categories":[4,11,9],"tags":[],"class_list":["post-2203","post","type-post","status-publish","format-standard","has-post-thumbnail","hentry","category-cidade","category-itaipu","category-turismo"],"_links":{"self":[{"href":"https:\/\/acontecenafronteira.com.br\/index.php\/wp-json\/wp\/v2\/posts\/2203","targetHints":{"allow":["GET"]}}],"collection":[{"href":"https:\/\/acontecenafronteira.com.br\/index.php\/wp-json\/wp\/v2\/posts"}],"about":[{"href":"https:\/\/acontecenafronteira.com.br\/index.php\/wp-json\/wp\/v2\/types\/post"}],"author":[{"embeddable":true,"href":"https:\/\/acontecenafronteira.com.br\/index.php\/wp-json\/wp\/v2\/users\/2"}],"replies":[{"embeddable":true,"href":"https:\/\/acontecenafronteira.com.br\/index.php\/wp-json\/wp\/v2\/comments?post=2203"}],"version-history":[{"count":1,"href":"https:\/\/acontecenafronteira.com.br\/index.php\/wp-json\/wp\/v2\/posts\/2203\/revisions"}],"predecessor-version":[{"id":2206,"href":"https:\/\/acontecenafronteira.com.br\/index.php\/wp-json\/wp\/v2\/posts\/2203\/revisions\/2206"}],"wp:featuredmedia":[{"embeddable":true,"href":"https:\/\/acontecenafronteira.com.br\/index.php\/wp-json\/wp\/v2\/media\/2205"}],"wp:attachment":[{"href":"https:\/\/acontecenafronteira.com.br\/index.php\/wp-json\/wp\/v2\/media?parent=2203"}],"wp:term":[{"taxonomy":"category","embeddable":true,"href":"https:\/\/acontecenafronteira.com.br\/index.php\/wp-json\/wp\/v2\/categories?post=2203"},{"taxonomy":"post_tag","embeddable":true,"href":"https:\/\/acontecenafronteira.com.br\/index.php\/wp-json\/wp\/v2\/tags?post=2203"}],"curies":[{"name":"wp","href":"https:\/\/api.w.org\/{rel}","templated":true}]}}