{"id":21746,"date":"2025-01-15T14:20:42","date_gmt":"2025-01-15T17:20:42","guid":{"rendered":"https:\/\/acontecenafronteira.com.br\/?p=21746"},"modified":"2025-01-15T14:20:43","modified_gmt":"2025-01-15T17:20:43","slug":"foz-do-iguacu-prepara-estrategias-para-participacao-em-feiras-de-turismo-com-parceria-do-setor-privado","status":"publish","type":"post","link":"https:\/\/acontecenafronteira.com.br\/index.php\/2025\/01\/15\/foz-do-iguacu-prepara-estrategias-para-participacao-em-feiras-de-turismo-com-parceria-do-setor-privado\/","title":{"rendered":"Foz do Igua\u00e7u prepara estrat\u00e9gias para participa\u00e7\u00e3o em feiras de turismo com parceria do setor privado"},"content":{"rendered":"\n<p>Secretaria Municipal de Turismo debate a\u00e7\u00f5es conjuntas com representantes do trade tur\u00edstico local para o primeiro semestre de 2025, com o objetivo de trazer mais visitantes para a cidade<\/p>\n\n\n\n<p>Representantes da Secretaria Municipal de Turismo de Foz do Igua\u00e7u e do trade tur\u00edstico da cidade reuniram-se, nesta quarta-feira-feira (15), para debater estrat\u00e9gias de participa\u00e7\u00e3o em eventos nacionais e internacionais para a divulga\u00e7\u00e3o do Destino Igua\u00e7u no primeiro semestre de 2025.<\/p>\n\n\n\n<p>Participaram do encontro o secret\u00e1rio de Turismo, Jin Petrycoski, a diretora de Marketing da pasta, Adriane Bordin, e 42 integrantes do trade, entre meios de hospedagens, ag\u00eancias de turismo receptivo, receptivos e organizadores de eventos.<\/p>\n\n\n\n<p>Historicamente, a Secretaria Municipal de Turismo leva os representantes do turismo de Foz para eventos e feiras nacionais e internacionais, a fim de promover o Destino Igua\u00e7u como um todo, ou representar institucionalmente o trade. Em 2024, foram 77 participa\u00e7\u00f5es, sendo 29 delas fora do pa\u00eds e 48 no Brasil.<\/p>\n\n\n\n<p>J\u00e1 em 2025 a primeira programa\u00e7\u00e3o prevista \u00e9 a Feira Internacional de Turismo, que acontece em Madri, Espanha, de 22 a 26 de janeiro. O evento, segundo o Panrotas, espera receber 156 pa\u00edses, 150 mil profissionais e 100 mil visitantes.<\/p>\n\n\n\n<p>Como explica o secret\u00e1rio Jin, o pr\u00f3ximo passo \u00e9 estreitar cada vez mais a rela\u00e7\u00e3o do trade tur\u00edstico de Foz com a administra\u00e7\u00e3o municipal e tornar a participa\u00e7\u00e3o nos eventos mais estrat\u00e9gica, com o estabelecimento de novos processos de divulga\u00e7\u00e3o.<\/p>\n\n\n\n<p>\u201cA participa\u00e7\u00e3o em feiras \u00e9 importante para a cidade, mas em 2025 queremos que nosso trabalho seja mais qualificado e efetivo, trazendo melhores resultados, como o aumento de visitantes e mais players vendedores de Foz. A reuni\u00e3o foi valiosa, porque pudemos debater com o setor privado, que tamb\u00e9m \u00e9 impactado nesse trabalho conjunto, a relev\u00e2ncia de cada feira em que pretendemos participar no primeiro semestre e contribuir para uma melhor promo\u00e7\u00e3o do Destino\u201d, afirma.<\/p>\n\n\n\n<p>O secret\u00e1rio tamb\u00e9m comenta que devem ser desenvolvidas, ao longo do ano, mais iniciativas de marketing e campanhas digitais voltadas ao p\u00fablico final, al\u00e9m de treinamentos \u00e0 equipe da pasta e a cria\u00e7\u00e3o de novos materiais gr\u00e1ficos para a divulga\u00e7\u00e3o da cidade.<\/p>\n\n\n\n<p>Para Cintia Portinho, gerente comercial do JL Hotel by Bourbon, o envolvimento da Secretaria Municipal de Turismo com o trade vem sendo positivo. \u201c\u00c9 muito importante saber quais s\u00e3o as previs\u00f5es e as participa\u00e7\u00f5es dos eventos do ano que se segue. Participo das feiras junto com a Secretaria de Turismo h\u00e1 tr\u00eas anos. \u00c9 sempre bem relevante, porque conseguimos contatos, fazemos negocia\u00e7\u00f5es e criamos, no p\u00f3s-feira, uma rela\u00e7\u00e3o com o cliente, o que acaba retornando em mais vendas\u201d, comenta a gerente.<\/p>\n\n\n\n<p>J\u00e1 Wesner Ferreira, coordenador comercial e marketing na Urbia Cataratas, ressalta ser importante continuar unindo for\u00e7as entre o setor privado e a secretaria. \u201cA gente participa das feiras presencialmente, ou mandando material e brindes. E, depois, profissionais de turismo sempre entram em contato dizendo terem conhecido o Destino em alguma feira ou evento, tanto no Brasil quanto fora, o que faz com que a gente estreite mais rela\u00e7\u00f5es constantemente com novos profissionais\u201d, diz o coordenador.<\/p>\n","protected":false},"excerpt":{"rendered":"<p>Secretaria Municipal de Turismo debate a\u00e7\u00f5es conjuntas com representantes do trade tur\u00edstico local para o primeiro semestre de 2025, com o objetivo de trazer mais visitantes para a cidade Representantes da Secretaria Municipal de Turismo de Foz do Igua\u00e7u e do trade tur\u00edstico da cidade reuniram-se, nesta quarta-feira-feira (15), para debater estrat\u00e9gias de participa\u00e7\u00e3o em [&hellip;]<\/p>\n","protected":false},"author":2,"featured_media":21747,"comment_status":"open","ping_status":"open","sticky":false,"template":"","format":"standard","meta":{"om_disable_all_campaigns":false,"_monsterinsights_skip_tracking":false,"_monsterinsights_sitenote_active":false,"_monsterinsights_sitenote_note":"","_monsterinsights_sitenote_category":0,"footnotes":""},"categories":[26,4,13,9],"tags":[],"class_list":["post-21746","post","type-post","status-publish","format-standard","has-post-thumbnail","hentry","category-brasil","category-cidade","category-entretenimento","category-turismo"],"_links":{"self":[{"href":"https:\/\/acontecenafronteira.com.br\/index.php\/wp-json\/wp\/v2\/posts\/21746","targetHints":{"allow":["GET"]}}],"collection":[{"href":"https:\/\/acontecenafronteira.com.br\/index.php\/wp-json\/wp\/v2\/posts"}],"about":[{"href":"https:\/\/acontecenafronteira.com.br\/index.php\/wp-json\/wp\/v2\/types\/post"}],"author":[{"embeddable":true,"href":"https:\/\/acontecenafronteira.com.br\/index.php\/wp-json\/wp\/v2\/users\/2"}],"replies":[{"embeddable":true,"href":"https:\/\/acontecenafronteira.com.br\/index.php\/wp-json\/wp\/v2\/comments?post=21746"}],"version-history":[{"count":1,"href":"https:\/\/acontecenafronteira.com.br\/index.php\/wp-json\/wp\/v2\/posts\/21746\/revisions"}],"predecessor-version":[{"id":21748,"href":"https:\/\/acontecenafronteira.com.br\/index.php\/wp-json\/wp\/v2\/posts\/21746\/revisions\/21748"}],"wp:featuredmedia":[{"embeddable":true,"href":"https:\/\/acontecenafronteira.com.br\/index.php\/wp-json\/wp\/v2\/media\/21747"}],"wp:attachment":[{"href":"https:\/\/acontecenafronteira.com.br\/index.php\/wp-json\/wp\/v2\/media?parent=21746"}],"wp:term":[{"taxonomy":"category","embeddable":true,"href":"https:\/\/acontecenafronteira.com.br\/index.php\/wp-json\/wp\/v2\/categories?post=21746"},{"taxonomy":"post_tag","embeddable":true,"href":"https:\/\/acontecenafronteira.com.br\/index.php\/wp-json\/wp\/v2\/tags?post=21746"}],"curies":[{"name":"wp","href":"https:\/\/api.w.org\/{rel}","templated":true}]}}