{"id":21737,"date":"2025-01-13T16:41:44","date_gmt":"2025-01-13T19:41:44","guid":{"rendered":"https:\/\/acontecenafronteira.com.br\/?p=21737"},"modified":"2025-01-13T16:41:45","modified_gmt":"2025-01-13T19:41:45","slug":"resultado-enem-2024-veja-como-consultar-notas-das-provas","status":"publish","type":"post","link":"https:\/\/acontecenafronteira.com.br\/index.php\/2025\/01\/13\/resultado-enem-2024-veja-como-consultar-notas-das-provas\/","title":{"rendered":"Resultado Enem 2024: veja como consultar notas das provas"},"content":{"rendered":"\n<p>O\u00a0<strong>resultado do Enem 2024<\/strong>\u00a0foi divulgado nesta segunda-feira (13). As provas aconteceram nos dias 3 e 10 de novembro do ano passado.<\/p>\n\n\n\n<p>O Minist\u00e9rio da Educa\u00e7\u00e3o (MEC) e o Instituto Nacional de Estudos e Pesquisas Educacionais An\u00edsio Teixeira (Inep) divulgar\u00e3o as notas na manh\u00e3 desta segunda-feira. Assim, os estudantes brasileiros poder\u00e3o ingressar no ensino superior atrav\u00e9s do Exame Nacional do Ensino M\u00e9dio (Enem).<\/p>\n\n\n\n<p>A&nbsp;<strong>nota do Enem 2024<\/strong>&nbsp;poder\u00e1 ser usada para ingresso em universidades pelo Sistema de Sele\u00e7\u00e3o Unificada (Sisu). As&nbsp;inscri\u00e7\u00f5es come\u00e7ar\u00e3o no dia 17 de janeiro&nbsp;e v\u00e3o at\u00e9 as 23 horas e 59 minutos do dia 21 de janeiro.<\/p>\n\n\n\n<h2 class=\"wp-block-heading\">Que horas sai a nota do Enem?<\/h2>\n\n\n\n<p>O\u00a0<strong>resultado do Enem 2024<\/strong>\u00a0ficou dispon\u00edvel a partir das 10h (hor\u00e1rio de Bras\u00edlia). Os estudantes devem ficar atentos, pois a consulta individual estar\u00e1 na\u00a0<a href=\"https:\/\/enem.inep.gov.br\/participante\/#!\/\" target=\"_blank\" rel=\"noreferrer noopener\">P\u00e1gina do Participante (clique aqui)<\/a>. Tamb\u00e9m \u00e9 poss\u00edvel acessar a nota no aplicativo do exame.<\/p>\n\n\n\n<p>De acordo com o Minist\u00e9rio da Educa\u00e7\u00e3o, o Sisu vai contar com uma \u00fanica etapa. Os candidatos poder\u00e3o se inscrever em at\u00e9 duas op\u00e7\u00f5es de vagas e o resultado da chamada regular sair\u00e1 no dia 26 de janeiro.<\/p>\n\n\n\n<p>Est\u00e3o aptos a participar da sele\u00e7\u00e3o os estudantes que tenham completado o ensino m\u00e9dio, participado da edi\u00e7\u00e3o de 2024 do Enem e n\u00e3o tenham zerado a prova de reda\u00e7\u00e3o.<\/p>\n","protected":false},"excerpt":{"rendered":"<p>O\u00a0resultado do Enem 2024\u00a0foi divulgado nesta segunda-feira (13). As provas aconteceram nos dias 3 e 10 de novembro do ano passado. O Minist\u00e9rio da Educa\u00e7\u00e3o (MEC) e o Instituto Nacional de Estudos e Pesquisas Educacionais An\u00edsio Teixeira (Inep) divulgar\u00e3o as notas na manh\u00e3 desta segunda-feira. Assim, os estudantes brasileiros poder\u00e3o ingressar no ensino superior atrav\u00e9s [&hellip;]<\/p>\n","protected":false},"author":2,"featured_media":21738,"comment_status":"open","ping_status":"open","sticky":false,"template":"","format":"standard","meta":{"om_disable_all_campaigns":false,"_monsterinsights_skip_tracking":false,"_monsterinsights_sitenote_active":false,"_monsterinsights_sitenote_note":"","_monsterinsights_sitenote_category":0,"footnotes":""},"categories":[26,8],"tags":[],"class_list":["post-21737","post","type-post","status-publish","format-standard","has-post-thumbnail","hentry","category-brasil","category-educaca0"],"_links":{"self":[{"href":"https:\/\/acontecenafronteira.com.br\/index.php\/wp-json\/wp\/v2\/posts\/21737","targetHints":{"allow":["GET"]}}],"collection":[{"href":"https:\/\/acontecenafronteira.com.br\/index.php\/wp-json\/wp\/v2\/posts"}],"about":[{"href":"https:\/\/acontecenafronteira.com.br\/index.php\/wp-json\/wp\/v2\/types\/post"}],"author":[{"embeddable":true,"href":"https:\/\/acontecenafronteira.com.br\/index.php\/wp-json\/wp\/v2\/users\/2"}],"replies":[{"embeddable":true,"href":"https:\/\/acontecenafronteira.com.br\/index.php\/wp-json\/wp\/v2\/comments?post=21737"}],"version-history":[{"count":1,"href":"https:\/\/acontecenafronteira.com.br\/index.php\/wp-json\/wp\/v2\/posts\/21737\/revisions"}],"predecessor-version":[{"id":21739,"href":"https:\/\/acontecenafronteira.com.br\/index.php\/wp-json\/wp\/v2\/posts\/21737\/revisions\/21739"}],"wp:featuredmedia":[{"embeddable":true,"href":"https:\/\/acontecenafronteira.com.br\/index.php\/wp-json\/wp\/v2\/media\/21738"}],"wp:attachment":[{"href":"https:\/\/acontecenafronteira.com.br\/index.php\/wp-json\/wp\/v2\/media?parent=21737"}],"wp:term":[{"taxonomy":"category","embeddable":true,"href":"https:\/\/acontecenafronteira.com.br\/index.php\/wp-json\/wp\/v2\/categories?post=21737"},{"taxonomy":"post_tag","embeddable":true,"href":"https:\/\/acontecenafronteira.com.br\/index.php\/wp-json\/wp\/v2\/tags?post=21737"}],"curies":[{"name":"wp","href":"https:\/\/api.w.org\/{rel}","templated":true}]}}