{"id":21728,"date":"2025-01-13T16:35:35","date_gmt":"2025-01-13T19:35:35","guid":{"rendered":"https:\/\/acontecenafronteira.com.br\/?p=21728"},"modified":"2025-01-13T16:35:36","modified_gmt":"2025-01-13T19:35:36","slug":"parque-nacional-do-iguacu-celebra-86-anos-e-apresenta-novo-projeto-para-o-futuro","status":"publish","type":"post","link":"https:\/\/acontecenafronteira.com.br\/index.php\/2025\/01\/13\/parque-nacional-do-iguacu-celebra-86-anos-e-apresenta-novo-projeto-para-o-futuro\/","title":{"rendered":"Parque Nacional do Igua\u00e7u celebra 86 anos e apresenta novo projeto para o futuro"},"content":{"rendered":"\n<p>O Parque Nacional do Igua\u00e7u comemorou nesta sexta-feira, 10 de janeiro, 86 anos de hist\u00f3ria com uma programa\u00e7\u00e3o especial, que trouxe novidades e celebra\u00e7\u00f5es para visitantes e convidados. O evento, que reuniu autoridades, gestores, parceiros e a comunidade, foi marcado pela apresenta\u00e7\u00e3o do projeto das novas estruturas do parque, reflexo do compromisso com o turismo respons\u00e1vel e a conserva\u00e7\u00e3o da biodiversidade.<\/p>\n\n\n\n<p>M\u00e1rio Macedo, CEO da Urbia Cataratas, celebrou as conquistas do passado e o futuro promissor da unidade de conserva\u00e7\u00e3o. \u201cChegar aos 86 anos \u00e9 um marco que refleteo compromisso do parque com a conserva\u00e7\u00e3o. Esse legado de anos significativos nos prepara para um futuro ainda mais brilhante, onde este Patrim\u00f4nio Mundial Natural se consolidar\u00e1 como uma refer\u00eancia internacional em turismo respons\u00e1vel e sustent\u00e1vel.&#8221;<\/p>\n\n\n\n<p><strong>Cerim\u00f4nia oficial e novas estruturas \u2013\u00a0<\/strong>A cerim\u00f4nia de anivers\u00e1rio iniciou com a execu\u00e7\u00e3o do hino nacional e contou com discursos de lideran\u00e7as como o CEO da concession\u00e1ria Urbia Cataratas, M\u00e1rio Macedo; o prefeito de Foz do Igua\u00e7u, Silva e Luna; e o gerente regional Sul do ICMBio, Walter Stenbook. Durante o evento, o diretor t\u00e9cnico da Urbia Cataratas, Marcelo Skaf, apresentou o projeto das novas estruturas do parque. As inova\u00e7\u00f5es prometem elevar a experi\u00eancia dos visitantes e posicionar o parque como um referencial global no turismo em meio \u00e0 natureza.<\/p>\n\n\n\n<blockquote class=\"wp-block-quote is-layout-flow wp-block-quote-is-layout-flow\">\n<p>\u201cInspirado em atrativos de renome mundial, este projeto refor\u00e7a a posi\u00e7\u00e3o do Parque Nacional do Igua\u00e7u como \u00edcone do turismo sustent\u00e1vel e da conserva\u00e7\u00e3o. Estamos projetando um futuro ainda mais grandioso para essa joia natural,\u201d destacou Skaf.<\/p>\n<\/blockquote>\n\n\n\n<p>O prefeito Silva e Luna refor\u00e7ou a import\u00e2ncia do parque para a regi\u00e3o: \u201cO Parque Nacional do Igua\u00e7u \u00e9 o cora\u00e7\u00e3o do nosso turismo e um orgulho para todos os igua\u00e7uenses.\u201d<\/p>\n\n\n\n<p><strong>Roda de conversa:<\/strong>\u00a0<strong>passado, presente e futuro do parque \u2013<\/strong>\u00a0Outro destaque foi a roda de conversa entre o atual chefe do parque, Ulisses dos Santos, e ex-chefes que ao longo das d\u00e9cadas contribu\u00edram para a gest\u00e3o dessa unidade: Julio Gonchoroski, Ivan Baptiston e Cibele Munhoz. O di\u00e1logo abordou a evolu\u00e7\u00e3o do Parque Nacional do Igua\u00e7u, sua relev\u00e2ncia para o turismo e a conserva\u00e7\u00e3o, al\u00e9m dos desafios e oportunidades que o futuro reserva.<\/p>\n\n\n\n<blockquote class=\"wp-block-quote is-layout-flow wp-block-quote-is-layout-flow\">\n<p>\u201cO parque pertence \u00e0 sociedade e \u00e9 nosso dever zelar por ele. Cada etapa de sua hist\u00f3ria reflete nosso compromisso com o meio ambiente e com o turismo de qualidade,\u201d afirmou Ulisses.<\/p>\n<\/blockquote>\n\n\n\n<p><strong>Pesquisa e conserva\u00e7\u00e3o \u2013<\/strong>\u00a0Durante o evento, foi assinado o conv\u00eanio com o Projeto On\u00e7as do Igua\u00e7u, que receber\u00e1 aproximadamente R$ 3,6 milh\u00f5es nos pr\u00f3ximos tr\u00eas anos. Este investimento refor\u00e7a o compromisso do ICMBio e da concession\u00e1ria Urbia Cataratas com a biodiversidade da Mata Atl\u00e2ntica. Al\u00e9m disso, foi celebrada a aprova\u00e7\u00e3o do Programa de Pesquisa Ecol\u00f3gica de Longa Dura\u00e7\u00e3o (PELD), que trar\u00e1 novos estudos sobre a biodiversidade e a geodiversidade do parque.<\/p>\n\n\n\n<p><strong>Reconhecimento aos parceiros e recorde de visitantes \u2013<\/strong>\u00a0O evento tamb\u00e9m celebrou as principais parcerias que contribu\u00edram para o recorde de visitantes brasileiros do parque em 2024. Empresas como Grupo Loumar, MMC Turismo e Combo Iguassu foram premiadas pela colabora\u00e7\u00e3o em promover o destino.<\/p>\n\n\n\n<p><strong>Atividades especiais para visitantes \u2013<\/strong>\u00a0Os visitantes tamb\u00e9m foram presenteados com uma programa\u00e7\u00e3o especial, que incluiu feira de produtores locais, m\u00fasica ao vivo, pintura recreativa, mural interativo, bolo comemorativo e outras atividades. Ao todo, 7.879 pessoas, de 59 nacionalidades, visitaram o parque e participaram das celebra\u00e7\u00f5es, vivenciando momentos inesquec\u00edveis em um dos Patrim\u00f4nios Mundiais Naturais mais ic\u00f4nicos do mundo.<\/p>\n\n\n\n<p><strong>Hor\u00e1rio ampliado nas f\u00e9rias \u2013<\/strong>\u00a0Para atender \u00e0 demanda do per\u00edodo de f\u00e9rias, o parque operar\u00e1 em hor\u00e1rio ampliado at\u00e9 31 de janeiro, funcionando das 8h \u00e0s 16h diariamente. Essa iniciativa busca proporcionar ainda mais oportunidades para os turistas explorarem a grandiosidade das Cataratas do Igua\u00e7u e as diversas experi\u00eancias oferecidas pelo parque.<\/p>\n\n\n\n<p><em>Cr\u00e9ditos de fotografia: Urbia Cataratas \/ Parque Nacional do Igua\u00e7u<\/em><br><strong>Mais informa\u00e7\u00f5es<\/strong>imprensa@catarataspni.com.brwww.cataratasdoiguacu.com.br<br><em>(Urbia Cataratas \u2013 Parque Nacional do Igua\u00e7u)<\/em><\/p>\n\n\n\n<figure class=\"wp-block-gallery has-nested-images columns-default is-cropped wp-block-gallery-1 is-layout-flex wp-block-gallery-is-layout-flex\">\n<figure class=\"wp-block-image size-large\"><img loading=\"lazy\" decoding=\"async\" width=\"1024\" height=\"681\" data-id=\"21731\" src=\"https:\/\/acontecenafronteira.com.br\/wp-content\/uploads\/2025\/01\/cms_files_747653_1736542597WhatsApp_Image_2025-01-10_at_17.48.36-1024x681.jpeg?v=1736796909\" alt=\"\" class=\"wp-image-21731\" srcset=\"https:\/\/acontecenafronteira.com.br\/wp-content\/uploads\/2025\/01\/cms_files_747653_1736542597WhatsApp_Image_2025-01-10_at_17.48.36-1024x681.jpeg?v=1736796909 1024w, https:\/\/acontecenafronteira.com.br\/wp-content\/uploads\/2025\/01\/cms_files_747653_1736542597WhatsApp_Image_2025-01-10_at_17.48.36-300x200.jpeg?v=1736796909 300w, https:\/\/acontecenafronteira.com.br\/wp-content\/uploads\/2025\/01\/cms_files_747653_1736542597WhatsApp_Image_2025-01-10_at_17.48.36-768x511.jpeg?v=1736796909 768w, https:\/\/acontecenafronteira.com.br\/wp-content\/uploads\/2025\/01\/cms_files_747653_1736542597WhatsApp_Image_2025-01-10_at_17.48.36-1536x1021.jpeg?v=1736796909 1536w, https:\/\/acontecenafronteira.com.br\/wp-content\/uploads\/2025\/01\/cms_files_747653_1736542597WhatsApp_Image_2025-01-10_at_17.48.36.jpeg?v=1736796909 1600w\" sizes=\"auto, (max-width: 1024px) 100vw, 1024px\" \/><\/figure>\n\n\n\n<figure class=\"wp-block-image size-large\"><img loading=\"lazy\" decoding=\"async\" width=\"1024\" height=\"682\" data-id=\"21729\" src=\"https:\/\/acontecenafronteira.com.br\/wp-content\/uploads\/2025\/01\/cms_files_747653_1736542767WhatsApp_Image_2025-01-10_at_17.48.37-1024x682.jpeg?v=1736796909\" alt=\"\" class=\"wp-image-21729\" srcset=\"https:\/\/acontecenafronteira.com.br\/wp-content\/uploads\/2025\/01\/cms_files_747653_1736542767WhatsApp_Image_2025-01-10_at_17.48.37-1024x682.jpeg?v=1736796909 1024w, https:\/\/acontecenafronteira.com.br\/wp-content\/uploads\/2025\/01\/cms_files_747653_1736542767WhatsApp_Image_2025-01-10_at_17.48.37-300x200.jpeg?v=1736796909 300w, https:\/\/acontecenafronteira.com.br\/wp-content\/uploads\/2025\/01\/cms_files_747653_1736542767WhatsApp_Image_2025-01-10_at_17.48.37-768x511.jpeg?v=1736796909 768w, https:\/\/acontecenafronteira.com.br\/wp-content\/uploads\/2025\/01\/cms_files_747653_1736542767WhatsApp_Image_2025-01-10_at_17.48.37-1536x1022.jpeg?v=1736796909 1536w, https:\/\/acontecenafronteira.com.br\/wp-content\/uploads\/2025\/01\/cms_files_747653_1736542767WhatsApp_Image_2025-01-10_at_17.48.37.jpeg?v=1736796909 1600w\" sizes=\"auto, (max-width: 1024px) 100vw, 1024px\" \/><\/figure>\n\n\n\n<figure class=\"wp-block-image size-large\"><img loading=\"lazy\" decoding=\"async\" width=\"1024\" height=\"682\" data-id=\"21730\" src=\"https:\/\/acontecenafronteira.com.br\/wp-content\/uploads\/2025\/01\/cms_files_747653_1736543010WhatsApp_Image_2025-01-10_at_17.48.37_1-1024x682.jpeg?v=1736796909\" alt=\"\" class=\"wp-image-21730\" srcset=\"https:\/\/acontecenafronteira.com.br\/wp-content\/uploads\/2025\/01\/cms_files_747653_1736543010WhatsApp_Image_2025-01-10_at_17.48.37_1-1024x682.jpeg?v=1736796909 1024w, https:\/\/acontecenafronteira.com.br\/wp-content\/uploads\/2025\/01\/cms_files_747653_1736543010WhatsApp_Image_2025-01-10_at_17.48.37_1-300x200.jpeg?v=1736796909 300w, https:\/\/acontecenafronteira.com.br\/wp-content\/uploads\/2025\/01\/cms_files_747653_1736543010WhatsApp_Image_2025-01-10_at_17.48.37_1-768x512.jpeg?v=1736796909 768w, https:\/\/acontecenafronteira.com.br\/wp-content\/uploads\/2025\/01\/cms_files_747653_1736543010WhatsApp_Image_2025-01-10_at_17.48.37_1-1536x1023.jpeg?v=1736796909 1536w, https:\/\/acontecenafronteira.com.br\/wp-content\/uploads\/2025\/01\/cms_files_747653_1736543010WhatsApp_Image_2025-01-10_at_17.48.37_1.jpeg?v=1736796909 1600w\" sizes=\"auto, (max-width: 1024px) 100vw, 1024px\" \/><\/figure>\n\n\n\n<figure class=\"wp-block-image size-large\"><img loading=\"lazy\" decoding=\"async\" width=\"1024\" height=\"681\" data-id=\"21733\" src=\"https:\/\/acontecenafronteira.com.br\/wp-content\/uploads\/2025\/01\/cms_files_747653_1736543171WhatsApp_Image_2025-01-10_at_17.47.44_1-1024x681.jpeg?v=1736796909\" alt=\"\" class=\"wp-image-21733\" srcset=\"https:\/\/acontecenafronteira.com.br\/wp-content\/uploads\/2025\/01\/cms_files_747653_1736543171WhatsApp_Image_2025-01-10_at_17.47.44_1-1024x681.jpeg?v=1736796909 1024w, https:\/\/acontecenafronteira.com.br\/wp-content\/uploads\/2025\/01\/cms_files_747653_1736543171WhatsApp_Image_2025-01-10_at_17.47.44_1-300x200.jpeg?v=1736796909 300w, https:\/\/acontecenafronteira.com.br\/wp-content\/uploads\/2025\/01\/cms_files_747653_1736543171WhatsApp_Image_2025-01-10_at_17.47.44_1-768x511.jpeg?v=1736796909 768w, https:\/\/acontecenafronteira.com.br\/wp-content\/uploads\/2025\/01\/cms_files_747653_1736543171WhatsApp_Image_2025-01-10_at_17.47.44_1-1536x1021.jpeg?v=1736796909 1536w, https:\/\/acontecenafronteira.com.br\/wp-content\/uploads\/2025\/01\/cms_files_747653_1736543171WhatsApp_Image_2025-01-10_at_17.47.44_1.jpeg?v=1736796909 1600w\" sizes=\"auto, (max-width: 1024px) 100vw, 1024px\" \/><\/figure>\n\n\n\n<figure class=\"wp-block-image size-large\"><img loading=\"lazy\" decoding=\"async\" width=\"1024\" height=\"681\" data-id=\"21734\" src=\"https:\/\/acontecenafronteira.com.br\/wp-content\/uploads\/2025\/01\/cms_files_747653_1736543262WhatsApp_Image_2025-01-10_at_17.47.44_2-1024x681.jpeg?v=1736796909\" alt=\"\" class=\"wp-image-21734\" srcset=\"https:\/\/acontecenafronteira.com.br\/wp-content\/uploads\/2025\/01\/cms_files_747653_1736543262WhatsApp_Image_2025-01-10_at_17.47.44_2-1024x681.jpeg?v=1736796909 1024w, https:\/\/acontecenafronteira.com.br\/wp-content\/uploads\/2025\/01\/cms_files_747653_1736543262WhatsApp_Image_2025-01-10_at_17.47.44_2-300x200.jpeg?v=1736796909 300w, https:\/\/acontecenafronteira.com.br\/wp-content\/uploads\/2025\/01\/cms_files_747653_1736543262WhatsApp_Image_2025-01-10_at_17.47.44_2-768x511.jpeg?v=1736796909 768w, https:\/\/acontecenafronteira.com.br\/wp-content\/uploads\/2025\/01\/cms_files_747653_1736543262WhatsApp_Image_2025-01-10_at_17.47.44_2-1536x1021.jpeg?v=1736796909 1536w, https:\/\/acontecenafronteira.com.br\/wp-content\/uploads\/2025\/01\/cms_files_747653_1736543262WhatsApp_Image_2025-01-10_at_17.47.44_2.jpeg?v=1736796909 1600w\" sizes=\"auto, (max-width: 1024px) 100vw, 1024px\" \/><\/figure>\n\n\n\n<figure class=\"wp-block-image size-large\"><img loading=\"lazy\" decoding=\"async\" width=\"1024\" height=\"681\" data-id=\"21735\" src=\"https:\/\/acontecenafronteira.com.br\/wp-content\/uploads\/2025\/01\/cms_files_747653_1736543280WhatsApp_Image_2025-01-10_at_17.47.44_4-1024x681.jpeg?v=1736796908\" alt=\"\" class=\"wp-image-21735\" srcset=\"https:\/\/acontecenafronteira.com.br\/wp-content\/uploads\/2025\/01\/cms_files_747653_1736543280WhatsApp_Image_2025-01-10_at_17.47.44_4-1024x681.jpeg?v=1736796908 1024w, https:\/\/acontecenafronteira.com.br\/wp-content\/uploads\/2025\/01\/cms_files_747653_1736543280WhatsApp_Image_2025-01-10_at_17.47.44_4-300x200.jpeg?v=1736796908 300w, https:\/\/acontecenafronteira.com.br\/wp-content\/uploads\/2025\/01\/cms_files_747653_1736543280WhatsApp_Image_2025-01-10_at_17.47.44_4-768x511.jpeg?v=1736796908 768w, https:\/\/acontecenafronteira.com.br\/wp-content\/uploads\/2025\/01\/cms_files_747653_1736543280WhatsApp_Image_2025-01-10_at_17.47.44_4-1536x1021.jpeg?v=1736796908 1536w, https:\/\/acontecenafronteira.com.br\/wp-content\/uploads\/2025\/01\/cms_files_747653_1736543280WhatsApp_Image_2025-01-10_at_17.47.44_4.jpeg?v=1736796908 1600w\" sizes=\"auto, (max-width: 1024px) 100vw, 1024px\" \/><\/figure>\n<\/figure>\n","protected":false},"excerpt":{"rendered":"<p>O Parque Nacional do Igua\u00e7u comemorou nesta sexta-feira, 10 de janeiro, 86 anos de hist\u00f3ria com uma programa\u00e7\u00e3o especial, que trouxe novidades e celebra\u00e7\u00f5es para visitantes e convidados. O evento, que reuniu autoridades, gestores, parceiros e a comunidade, foi marcado pela apresenta\u00e7\u00e3o do projeto das novas estruturas do parque, reflexo do compromisso com o turismo [&hellip;]<\/p>\n","protected":false},"author":2,"featured_media":21731,"comment_status":"open","ping_status":"open","sticky":false,"template":"","format":"standard","meta":{"om_disable_all_campaigns":false,"_monsterinsights_skip_tracking":false,"_monsterinsights_sitenote_active":false,"_monsterinsights_sitenote_note":"","_monsterinsights_sitenote_category":0,"footnotes":""},"categories":[26,4,13,9],"tags":[],"class_list":["post-21728","post","type-post","status-publish","format-standard","has-post-thumbnail","hentry","category-brasil","category-cidade","category-entretenimento","category-turismo"],"_links":{"self":[{"href":"https:\/\/acontecenafronteira.com.br\/index.php\/wp-json\/wp\/v2\/posts\/21728","targetHints":{"allow":["GET"]}}],"collection":[{"href":"https:\/\/acontecenafronteira.com.br\/index.php\/wp-json\/wp\/v2\/posts"}],"about":[{"href":"https:\/\/acontecenafronteira.com.br\/index.php\/wp-json\/wp\/v2\/types\/post"}],"author":[{"embeddable":true,"href":"https:\/\/acontecenafronteira.com.br\/index.php\/wp-json\/wp\/v2\/users\/2"}],"replies":[{"embeddable":true,"href":"https:\/\/acontecenafronteira.com.br\/index.php\/wp-json\/wp\/v2\/comments?post=21728"}],"version-history":[{"count":1,"href":"https:\/\/acontecenafronteira.com.br\/index.php\/wp-json\/wp\/v2\/posts\/21728\/revisions"}],"predecessor-version":[{"id":21736,"href":"https:\/\/acontecenafronteira.com.br\/index.php\/wp-json\/wp\/v2\/posts\/21728\/revisions\/21736"}],"wp:featuredmedia":[{"embeddable":true,"href":"https:\/\/acontecenafronteira.com.br\/index.php\/wp-json\/wp\/v2\/media\/21731"}],"wp:attachment":[{"href":"https:\/\/acontecenafronteira.com.br\/index.php\/wp-json\/wp\/v2\/media?parent=21728"}],"wp:term":[{"taxonomy":"category","embeddable":true,"href":"https:\/\/acontecenafronteira.com.br\/index.php\/wp-json\/wp\/v2\/categories?post=21728"},{"taxonomy":"post_tag","embeddable":true,"href":"https:\/\/acontecenafronteira.com.br\/index.php\/wp-json\/wp\/v2\/tags?post=21728"}],"curies":[{"name":"wp","href":"https:\/\/api.w.org\/{rel}","templated":true}]}}