{"id":21704,"date":"2025-01-10T19:40:43","date_gmt":"2025-01-10T22:40:43","guid":{"rendered":"https:\/\/acontecenafronteira.com.br\/?p=21704"},"modified":"2025-01-10T19:40:44","modified_gmt":"2025-01-10T22:40:44","slug":"egressos-do-patronato-comemoram-vitoria-na-justica-no-caso-da-reforma-no-telhado-do-ex-prefeito-francisco-lacerda-brasileiro","status":"publish","type":"post","link":"https:\/\/acontecenafronteira.com.br\/index.php\/2025\/01\/10\/egressos-do-patronato-comemoram-vitoria-na-justica-no-caso-da-reforma-no-telhado-do-ex-prefeito-francisco-lacerda-brasileiro\/","title":{"rendered":"Egressos do Patronato comemoram vit\u00f3ria na justi\u00e7a no caso da \u201cReforma no telhado do ex prefeito Francisco Lacerda Brasileiro\u201d"},"content":{"rendered":"\n<p>Os egressos do sistema prisional assistidos pelo Patronato Penitenci\u00e1rio Municipal de Foz do Igua\u00e7u comemoram a absolvi\u00e7\u00e3o por improbidade administrativa e tamb\u00e9m pelo crime processado na esfera criminal no caso relacionado \u00e0 \u201creforma do telhado do ex-prefeito Francisco Lacerda Brasileiro\u201d. Os envolvidos, que estavam cadastrados no Programa Aux\u00edlio Qualifica\u00e7\u00e3o e prestavam servi\u00e7os no Banco de Alimentos do Munic\u00edpio, foram injustamente acusados de participa\u00e7\u00e3o nos il\u00edcitos.<\/p>\n\n\n\n<p>Em recente decis\u00e3o, o juiz da Primeira Vara da Fazenda P\u00fablica de Foz do Igua\u00e7u observou que os r\u00e9us, enquanto benefici\u00e1rios do programa, cumpriram tarefas vinculadas ao Banco de Alimentos, sendo orientados a seguir as ordens de supervisores. N\u00e3o obstante, a acusa\u00e7\u00e3o de envolvimento direto no preenchimento irregular de folhas de frequ\u00eancia n\u00e3o foi corroborada por provas, tampouco houve evid\u00eancia de que os egressos possu\u00edam pleno conhecimento do contexto il\u00edcito.<\/p>\n\n\n\n<p>A decis\u00e3o do juiz foi clara ao afirmar que n\u00e3o havia elementos suficientes para comprovar que os egressos agiram de forma consciente ou intencional para participar do ato \u00edmprobo. O envolvimento deles foi restrito ao cumprimento de ordens que lhes foram passadas, sem evid\u00eancia de que eles cometeram ou participaram de qualquer conluio envolvendo enriquecimento il\u00edcito ou desvio de recursos p\u00fablicos.<\/p>\n\n\n\n<blockquote class=\"wp-block-quote is-layout-flow wp-block-quote-is-layout-flow\">\n<p>Conforme a advogada de alguns dos egressos acusados, Dra. Gessica Trevisol nos informou que, &#8221; No \u00e2mbito criminal, o processo se encontra atualmente em fase de recurso, aguardando a an\u00e1lise das inst\u00e2ncias superiores. Em rela\u00e7\u00e3o ao processo de improbidade administrativa, a defensora informou que ainda caber\u00e1 recurso, mas ressaltou sua confian\u00e7a na plena manuten\u00e7\u00e3o da decis\u00e3o de absolvi\u00e7\u00e3o dos egressos.&#8221; Concluiu a advogada.<\/p>\n<\/blockquote>\n\n\n\n<p>A defensora destacou que n\u00e3o houve, de fato, qualquer inten\u00e7\u00e3o, por parte dos egressos, em preju\u00edzo do er\u00e1rio p\u00fablico, e que todas as a\u00e7\u00f5es dos envolvidos foram pautadas pela boa-f\u00e9 e pelo cumprimento das normas legais. Segundo a advogada, as explica\u00e7\u00f5es contra os egressos carecem de fundamento e, se necess\u00e1rio, ser\u00e3o particularmente contestadas nas inst\u00e2ncias superiores. Dra. Gessica reafirmou sua verdade de que a corda n\u00e3o vai arrebentar do lado mais fraco e que, ao final, a justi\u00e7a prevalecer\u00e1.<\/p>\n\n\n\n<p>Assina a nota:<\/p>\n\n\n\n<p class=\"has-text-align-left\">Gessica Trevisol<\/p>\n\n\n\n<p class=\"has-text-align-left\">OAB\/PR 113.443<\/p>\n","protected":false},"excerpt":{"rendered":"<p>Os egressos do sistema prisional assistidos pelo Patronato Penitenci\u00e1rio Municipal de Foz do Igua\u00e7u comemoram a absolvi\u00e7\u00e3o por improbidade administrativa e tamb\u00e9m pelo crime processado na esfera criminal no caso relacionado \u00e0 \u201creforma do telhado do ex-prefeito Francisco Lacerda Brasileiro\u201d. Os envolvidos, que estavam cadastrados no Programa Aux\u00edlio Qualifica\u00e7\u00e3o e prestavam servi\u00e7os no Banco de [&hellip;]<\/p>\n","protected":false},"author":2,"featured_media":21705,"comment_status":"open","ping_status":"open","sticky":false,"template":"","format":"standard","meta":{"om_disable_all_campaigns":false,"_monsterinsights_skip_tracking":false,"_monsterinsights_sitenote_active":false,"_monsterinsights_sitenote_note":"","_monsterinsights_sitenote_category":0,"footnotes":""},"categories":[4,32,20,15],"tags":[],"class_list":["post-21704","post","type-post","status-publish","format-standard","has-post-thumbnail","hentry","category-cidade","category-direito","category-seguranca","category-trabalho"],"_links":{"self":[{"href":"https:\/\/acontecenafronteira.com.br\/index.php\/wp-json\/wp\/v2\/posts\/21704","targetHints":{"allow":["GET"]}}],"collection":[{"href":"https:\/\/acontecenafronteira.com.br\/index.php\/wp-json\/wp\/v2\/posts"}],"about":[{"href":"https:\/\/acontecenafronteira.com.br\/index.php\/wp-json\/wp\/v2\/types\/post"}],"author":[{"embeddable":true,"href":"https:\/\/acontecenafronteira.com.br\/index.php\/wp-json\/wp\/v2\/users\/2"}],"replies":[{"embeddable":true,"href":"https:\/\/acontecenafronteira.com.br\/index.php\/wp-json\/wp\/v2\/comments?post=21704"}],"version-history":[{"count":1,"href":"https:\/\/acontecenafronteira.com.br\/index.php\/wp-json\/wp\/v2\/posts\/21704\/revisions"}],"predecessor-version":[{"id":21706,"href":"https:\/\/acontecenafronteira.com.br\/index.php\/wp-json\/wp\/v2\/posts\/21704\/revisions\/21706"}],"wp:featuredmedia":[{"embeddable":true,"href":"https:\/\/acontecenafronteira.com.br\/index.php\/wp-json\/wp\/v2\/media\/21705"}],"wp:attachment":[{"href":"https:\/\/acontecenafronteira.com.br\/index.php\/wp-json\/wp\/v2\/media?parent=21704"}],"wp:term":[{"taxonomy":"category","embeddable":true,"href":"https:\/\/acontecenafronteira.com.br\/index.php\/wp-json\/wp\/v2\/categories?post=21704"},{"taxonomy":"post_tag","embeddable":true,"href":"https:\/\/acontecenafronteira.com.br\/index.php\/wp-json\/wp\/v2\/tags?post=21704"}],"curies":[{"name":"wp","href":"https:\/\/api.w.org\/{rel}","templated":true}]}}