{"id":21679,"date":"2025-01-09T17:35:19","date_gmt":"2025-01-09T20:35:19","guid":{"rendered":"https:\/\/acontecenafronteira.com.br\/?p=21679"},"modified":"2025-01-09T17:35:19","modified_gmt":"2025-01-09T20:35:19","slug":"ex-prefeito-chico-brasileiro-emite-nota-sobre-condenacao-no-caso-do-telhado","status":"publish","type":"post","link":"https:\/\/acontecenafronteira.com.br\/index.php\/2025\/01\/09\/ex-prefeito-chico-brasileiro-emite-nota-sobre-condenacao-no-caso-do-telhado\/","title":{"rendered":"Ex Prefeito Chico Brasileiro emite nota sobre condena\u00e7\u00e3o no &#8221; Caso do Telhado&#8221;"},"content":{"rendered":"\n<p>NOTA OFICIAL<\/p>\n\n\n\n<p>Respeito a decis\u00e3o judicial em primeiro grau, mas n\u00e3o posso deixar de destacar que ela desconsiderou provas importantes apresentadas durante o processo. Por essa raz\u00e3o, vou recorrer ao Tribunal de Justi\u00e7a do Paran\u00e1 para que a verdade prevale\u00e7a.<\/p>\n\n\n\n<p>Entre as evid\u00eancias ignoradas est\u00e1 o fato de que o servidor que foi contratado para prestar o servi\u00e7o estava em per\u00edodo de f\u00e9rias \u00e0 \u00e9poca dos acontecimentos, portanto, tinha total liberdade para realizar atividades pessoais, sem qualquer v\u00ednculo com suas fun\u00e7\u00f5es p\u00fablicas.<\/p>\n\n\n\n<p>A decis\u00e3o n\u00e3o considerou que o v\u00eddeo onde aparece um carro da prefeitura foi gravado por um outro servidor que utilizou esse de m\u00e1 f\u00e9 para prejudicar eu e minha esposa, pois naquela data, est\u00e1vamos comprovadamente em viagem, conforme foi demonstrado no processo.<\/p>\n\n\n\n<p>Diante das provas que apresentei no processo, entendo que foi injusta a decis\u00e3o, dessa forma buscarei reparar essa medida junto ao tribunal de justi\u00e7a.<\/p>\n\n\n\n<p>Reafirmo meu compromisso com a verdade e com o respeito ao devido processo legal.<\/p>\n\n\n\n<p>Atenciosamente, Francisco Brasileiro<\/p>\n","protected":false},"excerpt":{"rendered":"<p>NOTA OFICIAL Respeito a decis\u00e3o judicial em primeiro grau, mas n\u00e3o posso deixar de destacar que ela desconsiderou provas importantes apresentadas durante o processo. Por essa raz\u00e3o, vou recorrer ao Tribunal de Justi\u00e7a do Paran\u00e1 para que a verdade prevale\u00e7a. Entre as evid\u00eancias ignoradas est\u00e1 o fato de que o servidor que foi contratado para [&hellip;]<\/p>\n","protected":false},"author":2,"featured_media":21680,"comment_status":"open","ping_status":"open","sticky":false,"template":"","format":"standard","meta":{"om_disable_all_campaigns":false,"_monsterinsights_skip_tracking":false,"_monsterinsights_sitenote_active":false,"_monsterinsights_sitenote_note":"","_monsterinsights_sitenote_category":0,"footnotes":""},"categories":[4,5,19],"tags":[],"class_list":["post-21679","post","type-post","status-publish","format-standard","has-post-thumbnail","hentry","category-cidade","category-policia","category-politica"],"_links":{"self":[{"href":"https:\/\/acontecenafronteira.com.br\/index.php\/wp-json\/wp\/v2\/posts\/21679","targetHints":{"allow":["GET"]}}],"collection":[{"href":"https:\/\/acontecenafronteira.com.br\/index.php\/wp-json\/wp\/v2\/posts"}],"about":[{"href":"https:\/\/acontecenafronteira.com.br\/index.php\/wp-json\/wp\/v2\/types\/post"}],"author":[{"embeddable":true,"href":"https:\/\/acontecenafronteira.com.br\/index.php\/wp-json\/wp\/v2\/users\/2"}],"replies":[{"embeddable":true,"href":"https:\/\/acontecenafronteira.com.br\/index.php\/wp-json\/wp\/v2\/comments?post=21679"}],"version-history":[{"count":1,"href":"https:\/\/acontecenafronteira.com.br\/index.php\/wp-json\/wp\/v2\/posts\/21679\/revisions"}],"predecessor-version":[{"id":21681,"href":"https:\/\/acontecenafronteira.com.br\/index.php\/wp-json\/wp\/v2\/posts\/21679\/revisions\/21681"}],"wp:featuredmedia":[{"embeddable":true,"href":"https:\/\/acontecenafronteira.com.br\/index.php\/wp-json\/wp\/v2\/media\/21680"}],"wp:attachment":[{"href":"https:\/\/acontecenafronteira.com.br\/index.php\/wp-json\/wp\/v2\/media?parent=21679"}],"wp:term":[{"taxonomy":"category","embeddable":true,"href":"https:\/\/acontecenafronteira.com.br\/index.php\/wp-json\/wp\/v2\/categories?post=21679"},{"taxonomy":"post_tag","embeddable":true,"href":"https:\/\/acontecenafronteira.com.br\/index.php\/wp-json\/wp\/v2\/tags?post=21679"}],"curies":[{"name":"wp","href":"https:\/\/api.w.org\/{rel}","templated":true}]}}