{"id":21597,"date":"2025-01-04T11:17:38","date_gmt":"2025-01-04T14:17:38","guid":{"rendered":"https:\/\/acontecenafronteira.com.br\/?p=21597"},"modified":"2025-01-04T11:17:39","modified_gmt":"2025-01-04T14:17:39","slug":"general-silva-e-luna-comeca-mandato-com-foco-na-saude-e-no-combate-as-filas-de-cirurgias","status":"publish","type":"post","link":"https:\/\/acontecenafronteira.com.br\/index.php\/2025\/01\/04\/general-silva-e-luna-comeca-mandato-com-foco-na-saude-e-no-combate-as-filas-de-cirurgias\/","title":{"rendered":"General Silva e Luna come\u00e7a mandato com foco na sa\u00fade e no combate \u00e0s filas de cirurgias"},"content":{"rendered":"\n<p>Prefeito visita Hospital Municipal e UPA Jo\u00e3o Samek para acompanhar in\u00edcio do plano de governo, que ir\u00e1 melhorar a qualidade do servi\u00e7o ofertado \u00e0 popula\u00e7\u00e3o<\/p>\n\n\n\n<p>O prefeito General Silva e Luna, acompanhado pelo secret\u00e1rio municipal da Sa\u00fade e do Bem-Estar, Fabio de Mello, iniciou sua gest\u00e3o com uma visita ao Hospital Municipal de Foz do Igua\u00e7u e \u00e0 Unidade de Pronto Atendimento (UPA) Jo\u00e3o Samek, nesta sexta-feira (3). A a\u00e7\u00e3o marca o compromisso de tratar a sa\u00fade p\u00fablica como prioridade de governo, com foco na redu\u00e7\u00e3o de filas e na melhoria da qualidade do atendimento \u00e0 popula\u00e7\u00e3o.<\/p>\n\n\n\n<p>Durante as visitas, Silva e Luna percorreu os corredores do hospital e da UPA, conversou com pacientes e observou as condi\u00e7\u00f5es de trabalho das equipes de sa\u00fade. \u201cNeste primeiro momento, estamos satisfeitos com o atendimento prestado, mas sabemos que ainda h\u00e1 muito a ser feito. Nosso objetivo \u00e9 ampliar a estrutura e oferecer melhores condi\u00e7\u00f5es de trabalho aos servidores, garantindo maior capacidade de atendimento aos usu\u00e1rios\u201d, afirmou.<\/p>\n\n\n\n<p>O prefeito destacou que o combate \u00e0s filas de cirurgias ser\u00e1 um dos eixos centrais de sua gest\u00e3o. \u201cNossa meta \u00e9 que a sa\u00edda de pacientes seja muito maior do que a entrada, e isso exige n\u00e3o apenas melhorias no sistema de atendimento, mas tamb\u00e9m a\u00e7\u00f5es preventivas para reduzir a sobrecarga na urg\u00eancia e emerg\u00eancia, como a preven\u00e7\u00e3o de acidentes de tr\u00e2nsito\u201d, explicou.<\/p>\n\n\n\n<p>Fabio de Mello refor\u00e7ou a necessidade de priorizar cirurgias eletivas, que acumulam grande demanda. \u201cEstamos colocando em pr\u00e1tica, j\u00e1 nestes primeiros dias de gest\u00e3o, nosso plano de trabalho para atender as pessoas que est\u00e3o h\u00e1 mais tempo na fila, especialmente nas \u00e1reas de cirurgia geral, otorrino, ginecologia e urologia. Trabalhamos com a equipe do hospital para aumentar a capacidade do centro cir\u00fargico e acelerar esses procedimentos\u201d, garantiu o secret\u00e1rio.<\/p>\n\n\n\n<p>Gargalos no sistema<br>A alta demanda por cirurgias de urg\u00eancia, especialmente em ortopedia, foi apontada como um dos principais gargalos do sistema. Muitos desses casos est\u00e3o relacionados a acidentes de tr\u00e2nsito, que continuam a pressionar os servi\u00e7os de sa\u00fade.<\/p>\n\n\n\n<p>Para enfrentar esse desafio, a nova gest\u00e3o est\u00e1 mapeando os pontos cr\u00edticos de acidentes na cidade e desenvolvendo campanhas educativas em parceria com outras secretarias.<\/p>\n\n\n\n<p>UPAs e preparo para o ver\u00e3o<br>As UPAs tamb\u00e9m ter\u00e3o aten\u00e7\u00e3o especial neste in\u00edcio de gest\u00e3o, especialmente com a chegada do ver\u00e3o e do per\u00edodo chuvoso, quando os casos de dengue costumam aumentar. \u201cPrecisamos ampliar a capacidade das UPAs para atender a popula\u00e7\u00e3o com qualidade, mesmo diante de demandas sazonais, como as provocadas pela dengue. Estamos nos preparando para oferecer um servi\u00e7o eficiente e humanizado\u201d, completou o secret\u00e1rio Fabio de Mello.<\/p>\n\n\n\n<p>A gest\u00e3o do General Silva e Luna definiu como meta inicial, para os pr\u00f3ximos tr\u00eas meses, a amplia\u00e7\u00e3o do acesso \u00e0s cirurgias eletivas e a implementa\u00e7\u00e3o de a\u00e7\u00f5es integradas de preven\u00e7\u00e3o que desafoguem atendimentos de urg\u00eancia e emerg\u00eancia. Com essas medidas, a expectativa \u00e9 de que a qualidade do atendimento e a efici\u00eancia do sistema de sa\u00fade melhorem significativamente, atendendo \u00e0s necessidades da popula\u00e7\u00e3o de Foz do Igua\u00e7u e regi\u00e3o.<\/p>\n","protected":false},"excerpt":{"rendered":"<p>Prefeito visita Hospital Municipal e UPA Jo\u00e3o Samek para acompanhar in\u00edcio do plano de governo, que ir\u00e1 melhorar a qualidade do servi\u00e7o ofertado \u00e0 popula\u00e7\u00e3o O prefeito General Silva e Luna, acompanhado pelo secret\u00e1rio municipal da Sa\u00fade e do Bem-Estar, Fabio de Mello, iniciou sua gest\u00e3o com uma visita ao Hospital Municipal de Foz do [&hellip;]<\/p>\n","protected":false},"author":2,"featured_media":21598,"comment_status":"open","ping_status":"open","sticky":false,"template":"","format":"standard","meta":{"om_disable_all_campaigns":false,"_monsterinsights_skip_tracking":false,"_monsterinsights_sitenote_active":false,"_monsterinsights_sitenote_note":"","_monsterinsights_sitenote_category":0,"footnotes":""},"categories":[4,19,10],"tags":[],"class_list":["post-21597","post","type-post","status-publish","format-standard","has-post-thumbnail","hentry","category-cidade","category-politica","category-saude"],"_links":{"self":[{"href":"https:\/\/acontecenafronteira.com.br\/index.php\/wp-json\/wp\/v2\/posts\/21597","targetHints":{"allow":["GET"]}}],"collection":[{"href":"https:\/\/acontecenafronteira.com.br\/index.php\/wp-json\/wp\/v2\/posts"}],"about":[{"href":"https:\/\/acontecenafronteira.com.br\/index.php\/wp-json\/wp\/v2\/types\/post"}],"author":[{"embeddable":true,"href":"https:\/\/acontecenafronteira.com.br\/index.php\/wp-json\/wp\/v2\/users\/2"}],"replies":[{"embeddable":true,"href":"https:\/\/acontecenafronteira.com.br\/index.php\/wp-json\/wp\/v2\/comments?post=21597"}],"version-history":[{"count":1,"href":"https:\/\/acontecenafronteira.com.br\/index.php\/wp-json\/wp\/v2\/posts\/21597\/revisions"}],"predecessor-version":[{"id":21599,"href":"https:\/\/acontecenafronteira.com.br\/index.php\/wp-json\/wp\/v2\/posts\/21597\/revisions\/21599"}],"wp:featuredmedia":[{"embeddable":true,"href":"https:\/\/acontecenafronteira.com.br\/index.php\/wp-json\/wp\/v2\/media\/21598"}],"wp:attachment":[{"href":"https:\/\/acontecenafronteira.com.br\/index.php\/wp-json\/wp\/v2\/media?parent=21597"}],"wp:term":[{"taxonomy":"category","embeddable":true,"href":"https:\/\/acontecenafronteira.com.br\/index.php\/wp-json\/wp\/v2\/categories?post=21597"},{"taxonomy":"post_tag","embeddable":true,"href":"https:\/\/acontecenafronteira.com.br\/index.php\/wp-json\/wp\/v2\/tags?post=21597"}],"curies":[{"name":"wp","href":"https:\/\/api.w.org\/{rel}","templated":true}]}}