{"id":21356,"date":"2024-12-19T15:25:04","date_gmt":"2024-12-19T18:25:04","guid":{"rendered":"https:\/\/acontecenafronteira.com.br\/?p=21356"},"modified":"2024-12-19T15:25:05","modified_gmt":"2024-12-19T18:25:05","slug":"espaco-cultural-rota-da-seda-e-inaugurado-na-fundacao-cultural","status":"publish","type":"post","link":"https:\/\/acontecenafronteira.com.br\/index.php\/2024\/12\/19\/espaco-cultural-rota-da-seda-e-inaugurado-na-fundacao-cultural\/","title":{"rendered":"Espa\u00e7o Cultural Rota da Seda \u00e9 inaugurado na Funda\u00e7\u00e3o Cultural"},"content":{"rendered":"\n<p><strong><em>Exposi\u00e7\u00e3o re\u00fane artefatos que marcam a hist\u00f3ria da parceria entre Foz do Igua\u00e7u e a China<\/em><\/strong><\/p>\n\n\n\n<p>O Espa\u00e7o Cultural Rota da Seda foi inaugurado na manh\u00e3 desta quinta-feira (19), em evento realizado na Funda\u00e7\u00e3o Cultural de Foz do Igua\u00e7u. A iniciativa celebra o interc\u00e2mbio cultural entre Foz do Igua\u00e7u e a China, consolidando a cidade como um centro multicultural e s\u00edmbolo de conex\u00e3o entre povos.<\/p>\n\n\n\n<p>Desde 2017, o munic\u00edpio tem realizado diversas a\u00e7\u00f5es para fortalecer os la\u00e7os culturais com a China, como o Ano Novo Chin\u00eas, o Festival da Lua Cheia e a comemora\u00e7\u00e3o dos 50 anos de rela\u00e7\u00f5es diplom\u00e1ticas entre Brasil e China. A irmandade com a cidade chinesa de Xiamen tem sido um dos pilares desse interc\u00e2mbio.<\/p>\n\n\n\n<p>A cerim\u00f4nia contou com a presen\u00e7a de autoridades municipais e representantes da Embaixada da Rep\u00fablica Popular da China, refor\u00e7ando os la\u00e7os de amizade e colabora\u00e7\u00e3o nos \u00faltimos oito anos. \u201cFoz se posicionou muito bem no mercado internacional. A China, sendo um dos maiores emissores de turistas para o mundo, traz grandes oportunidades para a cidade, com impactos positivos a m\u00e9dio e longo prazo.\u201d afirmou o prefeito Chico Brasileiro.<\/p>\n\n\n\n<p>Foz do Igua\u00e7u \u00e9 a primeira cidade das Am\u00e9ricas a integrar a Alian\u00e7a Internacional de Turismo das Cidades da Rota da Seda. A Rota da Seda, uma das mais importantes redes comerciais da hist\u00f3ria, conectava a China ao Ocidente por meio da \u00c1sia Central, Oriente M\u00e9dio e Europa. Al\u00e9m da comercializa\u00e7\u00e3o de produtos como seda, especiarias e porcelanas, a rota promovia o interc\u00e2mbio de ideias, conhecimentos e tradi\u00e7\u00f5es culturais, simbolizando a colabora\u00e7\u00e3o global.<\/p>\n\n\n\n<p>O representante da comunidade chinesa local, Sinky Chen Jish, destacou o esfor\u00e7o conjunto que possibilitou o sucesso da parceria. \u201cQuero fazer um grande agradecimento ao prefeito Chico Brasileiro, que durante esses oito anos fortaleceu esse interc\u00e2mbio cultural e econ\u00f4mico entre Foz do Igua\u00e7u e a China\u201d, afirmou.<\/p>\n\n\n\n<p>O conselheiro de Educa\u00e7\u00e3o da Embaixada da Rep\u00fablica Popular da China, Wang Zhiwei, ressaltou que as parcerias desenvolvidas nos \u00faltimos anos j\u00e1 geraram reflexos no turismo de Foz do Igua\u00e7u, aumentando o interesse da comunidade chinesa pelo Destino Igua\u00e7u. \u201cEstamos muito contentes de conhecer o povo de Foz do Igua\u00e7u e queremos promover mais atividades e parcerias\u201d, disse.<\/p>\n\n\n\n<p>Espa\u00e7o de celebra\u00e7\u00e3o cultural<\/p>\n\n\n\n<p>O Espa\u00e7o Cultural Rota da Seda \u00e9 um convite para explorar os la\u00e7os hist\u00f3ricos e culturais que unem Foz do Igua\u00e7u \u00e0 China. O diretor de Assuntos Internacionais de Foz do Igua\u00e7u, Jihad Abu Ali, explicou que os itens expostos no espa\u00e7o s\u00e3o marcos da rela\u00e7\u00e3o constru\u00edda entre a cidade e a China. Entre eles, est\u00e3o a fl\u00e2mula que representa Foz como membro fundadora da alian\u00e7a de cidades tur\u00edsticas da Rota da Seda, o drag\u00e3o que simboliza as comemora\u00e7\u00f5es do Ano Novo Chin\u00eas realizadas na cidade, e a exposi\u00e7\u00e3o fotogr\u00e1fica da cidade de Xiamen, comemorando os dez anos de irmandade entre as duas localidades. \u201cEsse espa\u00e7o re\u00fane todos os elementos que representam o trabalho desenvolvido nos \u00faltimos anos\u201d, concluiu.<\/p>\n\n\n\n<p>Diagn\u00f3stico das rela\u00e7\u00f5es internacionais<br>Ainda na manh\u00e3 desta quinta-feira (19), foi feita a entrega oficial do diagn\u00f3stico das rela\u00e7\u00f5es internacionais de Foz do Igua\u00e7u, elaborado de forma colaborativa por professores e alunos da Universidade Federal da Integra\u00e7\u00e3o Latino-Americana (UNILA), com o apoio de estudantes do Centro Universit\u00e1rio Din\u00e2mica das Cataratas e da Universidade Estadual do Oeste do Paran\u00e1. O documento re\u00fane informa\u00e7\u00f5es que s\u00e3o resultados de cerca de 800 horas de entrevistas com atores-chave do cen\u00e1rio internacional no munic\u00edpio.<\/p>\n\n\n\n<p>A professora Suellen Oliveira, uma das respons\u00e1veis pelo relat\u00f3rio, destacou que ele serve como ferramenta de planejamento para a atua\u00e7\u00e3o internacional da cidade. \u201cA vis\u00e3o comunit\u00e1ria das rela\u00e7\u00f5es internacionais nos surpreendeu. Pens\u00e1vamos que a fronteira seria o principal destaque, mas o que mais emergiu foi a diversidade cultural da cidade. Podemos dizer que, Foz do Igua\u00e7u, que j\u00e1 se reconhece como um patrim\u00f4nio natural tamb\u00e9m pode dizer que \u00e9 um patrim\u00f4niointercultural\u201d, afirmou.<\/p>\n\n\n\n<p>Fotos: Bruno Costa\/PMFI<\/p>\n","protected":false},"excerpt":{"rendered":"<p>Exposi\u00e7\u00e3o re\u00fane artefatos que marcam a hist\u00f3ria da parceria entre Foz do Igua\u00e7u e a China O Espa\u00e7o Cultural Rota da Seda foi inaugurado na manh\u00e3 desta quinta-feira (19), em evento realizado na Funda\u00e7\u00e3o Cultural de Foz do Igua\u00e7u. A iniciativa celebra o interc\u00e2mbio cultural entre Foz do Igua\u00e7u e a China, consolidando a cidade [&hellip;]<\/p>\n","protected":false},"author":2,"featured_media":21357,"comment_status":"open","ping_status":"open","sticky":false,"template":"","format":"standard","meta":{"om_disable_all_campaigns":false,"_monsterinsights_skip_tracking":false,"_monsterinsights_sitenote_active":false,"_monsterinsights_sitenote_note":"","_monsterinsights_sitenote_category":0,"footnotes":""},"categories":[26,4,3],"tags":[],"class_list":["post-21356","post","type-post","status-publish","format-standard","has-post-thumbnail","hentry","category-brasil","category-cidade","category-cultura"],"_links":{"self":[{"href":"https:\/\/acontecenafronteira.com.br\/index.php\/wp-json\/wp\/v2\/posts\/21356","targetHints":{"allow":["GET"]}}],"collection":[{"href":"https:\/\/acontecenafronteira.com.br\/index.php\/wp-json\/wp\/v2\/posts"}],"about":[{"href":"https:\/\/acontecenafronteira.com.br\/index.php\/wp-json\/wp\/v2\/types\/post"}],"author":[{"embeddable":true,"href":"https:\/\/acontecenafronteira.com.br\/index.php\/wp-json\/wp\/v2\/users\/2"}],"replies":[{"embeddable":true,"href":"https:\/\/acontecenafronteira.com.br\/index.php\/wp-json\/wp\/v2\/comments?post=21356"}],"version-history":[{"count":1,"href":"https:\/\/acontecenafronteira.com.br\/index.php\/wp-json\/wp\/v2\/posts\/21356\/revisions"}],"predecessor-version":[{"id":21358,"href":"https:\/\/acontecenafronteira.com.br\/index.php\/wp-json\/wp\/v2\/posts\/21356\/revisions\/21358"}],"wp:featuredmedia":[{"embeddable":true,"href":"https:\/\/acontecenafronteira.com.br\/index.php\/wp-json\/wp\/v2\/media\/21357"}],"wp:attachment":[{"href":"https:\/\/acontecenafronteira.com.br\/index.php\/wp-json\/wp\/v2\/media?parent=21356"}],"wp:term":[{"taxonomy":"category","embeddable":true,"href":"https:\/\/acontecenafronteira.com.br\/index.php\/wp-json\/wp\/v2\/categories?post=21356"},{"taxonomy":"post_tag","embeddable":true,"href":"https:\/\/acontecenafronteira.com.br\/index.php\/wp-json\/wp\/v2\/tags?post=21356"}],"curies":[{"name":"wp","href":"https:\/\/api.w.org\/{rel}","templated":true}]}}