{"id":21349,"date":"2024-12-18T19:35:44","date_gmt":"2024-12-18T22:35:44","guid":{"rendered":"https:\/\/acontecenafronteira.com.br\/?p=21349"},"modified":"2024-12-18T19:35:45","modified_gmt":"2024-12-18T22:35:45","slug":"homem-fica-pendurado-e-e-arrastado-em-carro-apos-briga-de-transito","status":"publish","type":"post","link":"https:\/\/acontecenafronteira.com.br\/index.php\/2024\/12\/18\/homem-fica-pendurado-e-e-arrastado-em-carro-apos-briga-de-transito\/","title":{"rendered":"Homem fica pendurado e \u00e9 arrastado em carro ap\u00f3s briga de tr\u00e2nsito"},"content":{"rendered":"\n<p>Um&nbsp;<strong>homem foi arrastado por um carro&nbsp;<\/strong>ap\u00f3s se pendurar no ve\u00edculo em Curitiba. O caso aconteceu no \u00faltimo domingo (15) no bairro Santa C\u00e2ndida e a cena inusitada chamou a aten\u00e7\u00e3o de populares.&nbsp;<\/p>\n\n\n\n<p>Testemunhas registraram a a\u00e7\u00e3o que come\u00e7ou ap\u00f3s uma briga de tr\u00e2nsito&nbsp;<em>(assista o v\u00eddeo ao final da mat\u00e9ria)<\/em>. Um motorista ficou pendurado na janela de um carro e foi arrastado com o ve\u00edculo em movimento.&nbsp;<\/p>\n\n\n\n<p>De acordo com a Rede Massa | SBT, a confus\u00e3o com o\u00a0homem arrastado por carro\u00a0come\u00e7ou quando um dos motoristas atropelou um motoqueiro.<\/p>\n\n\n\n<p>Uma testemunha, que presenciou o atropelamento, seguiu o suspeito e fez com que ele parasse, iniciando a briga de tr\u00e2nsito.&nbsp;<\/p>\n\n\n\n<h2 class=\"wp-block-heading\"><\/h2>\n\n\n\n<p>O motorista que teria causado o acidente acelerou o carro e fugiu do local, arrastando o outro homem que estava pendurado em seu carro.&nbsp;<\/p>\n\n\n\n<p>Segundo a Rede Massa, o motorista do ve\u00edculo que arrastou o homem tem tr\u00eas boletins de ocorr\u00eancia em seu nome, todos por crimes de tr\u00e2nsito.<\/p>\n\n\n\n<figure class=\"wp-block-video\"><video height=\"848\" style=\"aspect-ratio: 480 \/ 848;\" width=\"480\" controls src=\"https:\/\/acontecenafronteira.com.br\/wp-content\/uploads\/2024\/12\/homem-arrastado-por-carro.mp4\"><\/video><\/figure>\n","protected":false},"excerpt":{"rendered":"<p>Um&nbsp;homem foi arrastado por um carro&nbsp;ap\u00f3s se pendurar no ve\u00edculo em Curitiba. O caso aconteceu no \u00faltimo domingo (15) no bairro Santa C\u00e2ndida e a cena inusitada chamou a aten\u00e7\u00e3o de populares.&nbsp; Testemunhas registraram a a\u00e7\u00e3o que come\u00e7ou ap\u00f3s uma briga de tr\u00e2nsito&nbsp;(assista o v\u00eddeo ao final da mat\u00e9ria). Um motorista ficou pendurado na janela [&hellip;]<\/p>\n","protected":false},"author":2,"featured_media":21350,"comment_status":"open","ping_status":"open","sticky":false,"template":"","format":"standard","meta":{"om_disable_all_campaigns":false,"_monsterinsights_skip_tracking":false,"_monsterinsights_sitenote_active":false,"_monsterinsights_sitenote_note":"","_monsterinsights_sitenote_category":0,"footnotes":""},"categories":[16,26,4,5],"tags":[],"class_list":["post-21349","post","type-post","status-publish","format-standard","has-post-thumbnail","hentry","category-acidente","category-brasil","category-cidade","category-policia"],"_links":{"self":[{"href":"https:\/\/acontecenafronteira.com.br\/index.php\/wp-json\/wp\/v2\/posts\/21349","targetHints":{"allow":["GET"]}}],"collection":[{"href":"https:\/\/acontecenafronteira.com.br\/index.php\/wp-json\/wp\/v2\/posts"}],"about":[{"href":"https:\/\/acontecenafronteira.com.br\/index.php\/wp-json\/wp\/v2\/types\/post"}],"author":[{"embeddable":true,"href":"https:\/\/acontecenafronteira.com.br\/index.php\/wp-json\/wp\/v2\/users\/2"}],"replies":[{"embeddable":true,"href":"https:\/\/acontecenafronteira.com.br\/index.php\/wp-json\/wp\/v2\/comments?post=21349"}],"version-history":[{"count":1,"href":"https:\/\/acontecenafronteira.com.br\/index.php\/wp-json\/wp\/v2\/posts\/21349\/revisions"}],"predecessor-version":[{"id":21352,"href":"https:\/\/acontecenafronteira.com.br\/index.php\/wp-json\/wp\/v2\/posts\/21349\/revisions\/21352"}],"wp:featuredmedia":[{"embeddable":true,"href":"https:\/\/acontecenafronteira.com.br\/index.php\/wp-json\/wp\/v2\/media\/21350"}],"wp:attachment":[{"href":"https:\/\/acontecenafronteira.com.br\/index.php\/wp-json\/wp\/v2\/media?parent=21349"}],"wp:term":[{"taxonomy":"category","embeddable":true,"href":"https:\/\/acontecenafronteira.com.br\/index.php\/wp-json\/wp\/v2\/categories?post=21349"},{"taxonomy":"post_tag","embeddable":true,"href":"https:\/\/acontecenafronteira.com.br\/index.php\/wp-json\/wp\/v2\/tags?post=21349"}],"curies":[{"name":"wp","href":"https:\/\/api.w.org\/{rel}","templated":true}]}}