{"id":21340,"date":"2024-12-18T19:12:57","date_gmt":"2024-12-18T22:12:57","guid":{"rendered":"https:\/\/acontecenafronteira.com.br\/?p=21340"},"modified":"2024-12-18T19:12:58","modified_gmt":"2024-12-18T22:12:58","slug":"suspeito-de-latrocinio-contra-vigilante-se-entrega-a-policia","status":"publish","type":"post","link":"https:\/\/acontecenafronteira.com.br\/index.php\/2024\/12\/18\/suspeito-de-latrocinio-contra-vigilante-se-entrega-a-policia\/","title":{"rendered":"SUSPEITO DE LATROC\u00cdNIO CONTRA VIGILANTE SE ENTREGA \u00c0 POL\u00cdCIA"},"content":{"rendered":"\n<p>No final da tarde desta ter\u00e7a-feira (17\/12), o homem apontado como autor do homic\u00eddio de um vigilante na madrugada de domingo (15\/12), na Avenida Costa e Silva, se apresentou na Delegacia de Homic\u00eddios de Foz do Igua\u00e7u, acompanhado de familiares.<\/p>\n\n\n\n<p>O Delegado Marcelo Pereira Dias, respons\u00e1vel pela investiga\u00e7\u00e3o, informou que, durante o interrogat\u00f3rio, o autor apresentou uma vers\u00e3o que n\u00e3o se coadunava com as imagens das c\u00e2meras de vigil\u00e2ncia do local. As narrativas apresentadas pelas testemunhas ouvidas posteriormente corroboraram com as imagens, o que levou \u00e0 realiza\u00e7\u00e3o de um segundo interrogat\u00f3rio. Nessa nova oitiva, o homem de 46 anos, confessou que, sob efeito de bebida alco\u00f3lica e entorpecentes, tentou subtrair o dinheiro da v\u00edtima e, ap\u00f3s empurr\u00f5es entre ambos, esfaqueou o vigilante no peito e no pesco\u00e7o, evadindo-se do local sem levar a carteira. A arma utilizada no crime foi localizada e apreendida.<\/p>\n\n\n\n<p>Diante dos elementos informativos, o autor do crime ser\u00e1 indiciado por roubo qualificado pelo resultado morte (latroc\u00ednio). Ser\u00e3o realizadas novas dilig\u00eancias visando o esclarecimento completo do fato.<\/p>\n","protected":false},"excerpt":{"rendered":"<p>No final da tarde desta ter\u00e7a-feira (17\/12), o homem apontado como autor do homic\u00eddio de um vigilante na madrugada de domingo (15\/12), na Avenida Costa e Silva, se apresentou na Delegacia de Homic\u00eddios de Foz do Igua\u00e7u, acompanhado de familiares. O Delegado Marcelo Pereira Dias, respons\u00e1vel pela investiga\u00e7\u00e3o, informou que, durante o interrogat\u00f3rio, o autor [&hellip;]<\/p>\n","protected":false},"author":2,"featured_media":13526,"comment_status":"open","ping_status":"open","sticky":false,"template":"","format":"standard","meta":{"om_disable_all_campaigns":false,"_monsterinsights_skip_tracking":false,"_monsterinsights_sitenote_active":false,"_monsterinsights_sitenote_note":"","_monsterinsights_sitenote_category":0,"footnotes":""},"categories":[4,5],"tags":[],"class_list":["post-21340","post","type-post","status-publish","format-standard","has-post-thumbnail","hentry","category-cidade","category-policia"],"_links":{"self":[{"href":"https:\/\/acontecenafronteira.com.br\/index.php\/wp-json\/wp\/v2\/posts\/21340","targetHints":{"allow":["GET"]}}],"collection":[{"href":"https:\/\/acontecenafronteira.com.br\/index.php\/wp-json\/wp\/v2\/posts"}],"about":[{"href":"https:\/\/acontecenafronteira.com.br\/index.php\/wp-json\/wp\/v2\/types\/post"}],"author":[{"embeddable":true,"href":"https:\/\/acontecenafronteira.com.br\/index.php\/wp-json\/wp\/v2\/users\/2"}],"replies":[{"embeddable":true,"href":"https:\/\/acontecenafronteira.com.br\/index.php\/wp-json\/wp\/v2\/comments?post=21340"}],"version-history":[{"count":1,"href":"https:\/\/acontecenafronteira.com.br\/index.php\/wp-json\/wp\/v2\/posts\/21340\/revisions"}],"predecessor-version":[{"id":21341,"href":"https:\/\/acontecenafronteira.com.br\/index.php\/wp-json\/wp\/v2\/posts\/21340\/revisions\/21341"}],"wp:featuredmedia":[{"embeddable":true,"href":"https:\/\/acontecenafronteira.com.br\/index.php\/wp-json\/wp\/v2\/media\/13526"}],"wp:attachment":[{"href":"https:\/\/acontecenafronteira.com.br\/index.php\/wp-json\/wp\/v2\/media?parent=21340"}],"wp:term":[{"taxonomy":"category","embeddable":true,"href":"https:\/\/acontecenafronteira.com.br\/index.php\/wp-json\/wp\/v2\/categories?post=21340"},{"taxonomy":"post_tag","embeddable":true,"href":"https:\/\/acontecenafronteira.com.br\/index.php\/wp-json\/wp\/v2\/tags?post=21340"}],"curies":[{"name":"wp","href":"https:\/\/api.w.org\/{rel}","templated":true}]}}