{"id":21327,"date":"2024-12-18T13:15:49","date_gmt":"2024-12-18T16:15:49","guid":{"rendered":"https:\/\/acontecenafronteira.com.br\/?p=21327"},"modified":"2024-12-18T13:15:49","modified_gmt":"2024-12-18T16:15:49","slug":"parque-nacional-do-iguacu-abrira-mais-cedo-durante-o-periodo-de-ferias","status":"publish","type":"post","link":"https:\/\/acontecenafronteira.com.br\/index.php\/2024\/12\/18\/parque-nacional-do-iguacu-abrira-mais-cedo-durante-o-periodo-de-ferias\/","title":{"rendered":"Parque Nacional do Igua\u00e7u abrir\u00e1 mais cedo durante o per\u00edodo de f\u00e9rias"},"content":{"rendered":"\n<p>O Parque Nacional do Igua\u00e7u ter\u00e1 hor\u00e1rio de funcionamento ampliado na alta temporada, per\u00edodo de final de ano e f\u00e9rias escolares. A partir do dia 21 de dezembro, at\u00e9 31 de janeiro de 2025, a unidade de conserva\u00e7\u00e3o abrir\u00e1 todos os dias das 8h \u00e0s 16h, uma hora mais cedo que o habitual. O aumento no tempo de visita\u00e7\u00e3o proporciona mais conforto para os visitantes conhecerem e aproveitarem as novidades do Parque Nacional do Igua\u00e7u.<\/p>\n\n\n\n<p>O objetivo da Urbia Cataratas, concession\u00e1ria que administra a visita\u00e7\u00e3o do parque, \u00e9 oferecer aos turistas e moradores uma experi\u00eancia mais confort\u00e1vel e pr\u00e1tica para explorar as diversas atra\u00e7\u00f5es, como as trilhas e caminhos imersos na Mata Atl\u00e2ntica, al\u00e9m das ic\u00f4nicas Cataratas do Igua\u00e7u. Os passeios exclusivos, realizados ao amanhecer, p\u00f4r do sol e \u00e0 noite, s\u00e3o altamente recomendados para quem busca uma visita diferenciada e intimista, com ingressos limitados para garantir exclusividade.<\/p>\n\n\n\n<p><strong>Visite o Patrim\u00f4nio Mundial Natural \u2013<\/strong>\u00a0Para visitar o Parque Nacional do Igua\u00e7u, \u00e9 recomendado adquirir o ingresso antecipadamente pelo site oficial (<a href=\"http:\/\/clickmarketing.catarataspni.com.br\/ls\/click?upn=u001.wrwtIOTiO6qnFjBZ9GX-2F8TAf9Mh-2FmK-2FGe7-2FDOorsN7rPVb6r0hJJqUzk-2B0ilUO-2F4KOlOXfJ6zyNnp2HdwkpXSSvkyNYIrF9xgk2uBBpm-2BWI9u9TwQWZSajC3NG6CCs-2B8JMYkv-2FwglaC3ghyQnwS7-2BVV4Bv8tqwrELaw46niWe7QcChNKAP8-2FyWb-2BFlvkpS0gVADa_obxqPB8e0DOtIB90ABSI5oo4LVrMDDo5FEtd8fgOMRgmRFtYcucTK2eshWEuhflWS6So03445bDMJJ5t7vwXmyRUgpt-2F9DxdJaPDykxHkYjPfHRg4MEJeRbUHjJ-2Bi76I4dqRtpYI5iEMdtIS3pJ07gYLBXWOWLY8gYjjyu5neLSBVwIKTXgVCAxcZjBflrohWsKxh9b0UrVBPg1NMZTAmyKso77Iu9h5ckN-2BUYrnSFTAV5vo6Foue1Dl2oi56jH2JzrdgmD2UIzuyq5rTfZS2f6wIUu0N2QiP0OuTU0rgxwn6sqKkU8DvfXCiFJDr9lyDUdqfsTbpoKhx3M1ZFYOyM0a4bS3sCZWS6L3JJ76H1WoKrFKfxfGnOW2LVdNBjgtVl84KUCOjVinCC8b0sv9-2F2JYbkR13GORlxxqC5J12Gs-2FBDnTV4hl2CWMQF5HzpSohy9y2mJd9FHK6mmlORYK18cKvZswgueototFD-2B5J-2FE2ZNe7u3fChp4gL9qpg2yQbjRjEMx-2BGrt-2BeUjfwPSX1BNED-2F6AXpNzevkxPtIz6MLJSttdnx9VRyMVAnspy7tvpxTlIvjp4G5sg1D9hE-2Fi6LkmSl61bcnG5JwR7L1UmLdO-2BFQsy4YyUmhHSz3T57NBmf-2FGkNV1BOoCT6tFIlJ24pmXq-2FjIppacLqi-2FTEo7eGlYph-2BOpDOrvYGsEbD6Y6hXG\" target=\"_blank\" rel=\"noreferrer noopener\">www.cataratasdoiguacu.com.br<\/a>), escolhendo o dia e hor\u00e1rio. Em caso de necessidade, \u00e9 poss\u00edvel reagendar a visita por meio do cadastro feito no momento da compra. Os passeios ao amanhecer, p\u00f4r do sol e durante a noite possuem vagas limitadas.<\/p>\n\n\n\n<p>Para mais informa\u00e7\u00f5es sobre o Parque Nacional do Igua\u00e7u, entre em contato com a Naipi, assistente virtual do parque, pelo WhatsApp: 45 3521-4438.<\/p>\n\n\n\n<p><em>Cr\u00e9dito das fotografias: Urbia Cataratas<\/em><\/p>\n\n\n\n<p><strong>Mais informa\u00e7\u00f5es<\/strong><\/p>\n\n\n\n<p>contato@catarataspni.com.br<\/p>\n\n\n\n<p><a rel=\"noreferrer noopener\" target=\"_blank\" href=\"http:\/\/clickmarketing.catarataspni.com.br\/ls\/click?upn=u001.wrwtIOTiO6qnFjBZ9GX-2F8TAf9Mh-2FmK-2FGe7-2FDOorsN7rPVb6r0hJJqUzk-2B0ilUO-2F4KOlOXfJ6zyNnp2HdwkpXSSvkyNYIrF9xgk2uBBpm-2BWI9u9TwQWZSajC3NG6CCs-2B8JMYkv-2FwglaC3ghyQnwS7-2BVV4Bv8tqwrELaw46niWe7QcChNKAP8-2FyWb-2BFlvkpS0gQApm_obxqPB8e0DOtIB90ABSI5oo4LVrMDDo5FEtd8fgOMRgmRFtYcucTK2eshWEuhflWS6So03445bDMJJ5t7vwXmyRUgpt-2F9DxdJaPDykxHkYjPfHRg4MEJeRbUHjJ-2Bi76I4dqRtpYI5iEMdtIS3pJ07gYLBXWOWLY8gYjjyu5neLSBVwIKTXgVCAxcZjBflrohWsKxh9b0UrVBPg1NMZTAmyKso77Iu9h5ckN-2BUYrnSFTAV5vo6Foue1Dl2oi56jH2JzrdgmD2UIzuyq5rTfZS2f6wIUu0N2QiP0OuTU0rgxwn6sqKkU8DvfXCiFJDr9lyDUdqfsTbpoKhx3M1ZFYOyM0a4bS3sCZWS6L3JJ76H1WoKrFKfxfGnOW2LVdNBjgtVl84KUCOjVinCC8b0sv9-2F2JYbkR13GORlxxqC5J12Gs-2FBDnTV4hl2CWMQF5HzpSohy9y2mJd9FHK6mmlORYK18cKvZswgueototFD-2B5J-2FE2ZNe7u3fChp4gL9qpg2yQbjRjEMx-2BGrt-2BeUjfwPSX1BNED-2F6AXpNzevkxPtIz6MLIVwhdNrprm6Q2xTc-2BtUdslTf1Hkj-2BjimHKp2wVC-2Fh0fDbqoGP5Iz1qgbfrC3aK29ReVOum6UBMDgbejHkismN3aecvuZq1oH04wVG0G1xSW2jWXAxTzA06RdwgWlmstm9EGV031tMZxEDb1tsAfXfO\">www.cataratasdoiguacu.com.br<\/a><\/p>\n\n\n\n<p>(Urbia Cataratas \u2013 Parque Nacional do Igua\u00e7u)<\/p>\n\n\n\n<figure class=\"wp-block-gallery has-nested-images columns-default is-cropped wp-block-gallery-1 is-layout-flex wp-block-gallery-is-layout-flex\">\n<figure class=\"wp-block-image size-large\"><img loading=\"lazy\" decoding=\"async\" width=\"1024\" height=\"682\" data-id=\"21328\" src=\"https:\/\/acontecenafronteira.com.br\/wp-content\/uploads\/2024\/12\/cms_files_747653_1734522130WhatsApp_Image_2024-12-18_at_08.21.59-1024x682.jpeg?v=1734538528\" alt=\"\" class=\"wp-image-21328\" srcset=\"https:\/\/acontecenafronteira.com.br\/wp-content\/uploads\/2024\/12\/cms_files_747653_1734522130WhatsApp_Image_2024-12-18_at_08.21.59-1024x682.jpeg?v=1734538528 1024w, https:\/\/acontecenafronteira.com.br\/wp-content\/uploads\/2024\/12\/cms_files_747653_1734522130WhatsApp_Image_2024-12-18_at_08.21.59-300x200.jpeg?v=1734538528 300w, https:\/\/acontecenafronteira.com.br\/wp-content\/uploads\/2024\/12\/cms_files_747653_1734522130WhatsApp_Image_2024-12-18_at_08.21.59-768x512.jpeg?v=1734538528 768w, https:\/\/acontecenafronteira.com.br\/wp-content\/uploads\/2024\/12\/cms_files_747653_1734522130WhatsApp_Image_2024-12-18_at_08.21.59-1536x1023.jpeg?v=1734538528 1536w, https:\/\/acontecenafronteira.com.br\/wp-content\/uploads\/2024\/12\/cms_files_747653_1734522130WhatsApp_Image_2024-12-18_at_08.21.59.jpeg?v=1734538528 1600w\" sizes=\"auto, (max-width: 1024px) 100vw, 1024px\" \/><\/figure>\n\n\n\n<figure class=\"wp-block-image size-large\"><img loading=\"lazy\" decoding=\"async\" width=\"1024\" height=\"726\" data-id=\"21331\" src=\"https:\/\/acontecenafronteira.com.br\/wp-content\/uploads\/2024\/12\/cms_files_747653_1734522145WhatsApp_Image_2024-12-18_at_08.22.00-1024x726.jpeg?v=1734538529\" alt=\"\" class=\"wp-image-21331\" srcset=\"https:\/\/acontecenafronteira.com.br\/wp-content\/uploads\/2024\/12\/cms_files_747653_1734522145WhatsApp_Image_2024-12-18_at_08.22.00-1024x726.jpeg?v=1734538529 1024w, https:\/\/acontecenafronteira.com.br\/wp-content\/uploads\/2024\/12\/cms_files_747653_1734522145WhatsApp_Image_2024-12-18_at_08.22.00-300x213.jpeg?v=1734538529 300w, https:\/\/acontecenafronteira.com.br\/wp-content\/uploads\/2024\/12\/cms_files_747653_1734522145WhatsApp_Image_2024-12-18_at_08.22.00-768x545.jpeg?v=1734538529 768w, https:\/\/acontecenafronteira.com.br\/wp-content\/uploads\/2024\/12\/cms_files_747653_1734522145WhatsApp_Image_2024-12-18_at_08.22.00-1536x1090.jpeg?v=1734538529 1536w, https:\/\/acontecenafronteira.com.br\/wp-content\/uploads\/2024\/12\/cms_files_747653_1734522145WhatsApp_Image_2024-12-18_at_08.22.00.jpeg?v=1734538529 1600w\" sizes=\"auto, (max-width: 1024px) 100vw, 1024px\" \/><\/figure>\n\n\n\n<figure class=\"wp-block-image size-large\"><img loading=\"lazy\" decoding=\"async\" width=\"1024\" height=\"682\" data-id=\"21329\" src=\"https:\/\/acontecenafronteira.com.br\/wp-content\/uploads\/2024\/12\/cms_files_747653_1734522172WhatsApp_Image_2024-12-18_at_08.22.01_2-1024x682.jpeg?v=1734538529\" alt=\"\" class=\"wp-image-21329\" srcset=\"https:\/\/acontecenafronteira.com.br\/wp-content\/uploads\/2024\/12\/cms_files_747653_1734522172WhatsApp_Image_2024-12-18_at_08.22.01_2-1024x682.jpeg?v=1734538529 1024w, https:\/\/acontecenafronteira.com.br\/wp-content\/uploads\/2024\/12\/cms_files_747653_1734522172WhatsApp_Image_2024-12-18_at_08.22.01_2-300x200.jpeg?v=1734538529 300w, https:\/\/acontecenafronteira.com.br\/wp-content\/uploads\/2024\/12\/cms_files_747653_1734522172WhatsApp_Image_2024-12-18_at_08.22.01_2-768x512.jpeg?v=1734538529 768w, https:\/\/acontecenafronteira.com.br\/wp-content\/uploads\/2024\/12\/cms_files_747653_1734522172WhatsApp_Image_2024-12-18_at_08.22.01_2-1536x1023.jpeg?v=1734538529 1536w, https:\/\/acontecenafronteira.com.br\/wp-content\/uploads\/2024\/12\/cms_files_747653_1734522172WhatsApp_Image_2024-12-18_at_08.22.01_2.jpeg?v=1734538529 1600w\" sizes=\"auto, (max-width: 1024px) 100vw, 1024px\" \/><\/figure>\n\n\n\n<figure class=\"wp-block-image size-large\"><img loading=\"lazy\" decoding=\"async\" width=\"1024\" height=\"682\" data-id=\"21330\" src=\"https:\/\/acontecenafronteira.com.br\/wp-content\/uploads\/2024\/12\/cms_files_747653_1734522190WhatsApp_Image_2024-12-18_at_08.22.02-1024x682.jpeg?v=1734538529\" alt=\"\" class=\"wp-image-21330\" srcset=\"https:\/\/acontecenafronteira.com.br\/wp-content\/uploads\/2024\/12\/cms_files_747653_1734522190WhatsApp_Image_2024-12-18_at_08.22.02-1024x682.jpeg?v=1734538529 1024w, https:\/\/acontecenafronteira.com.br\/wp-content\/uploads\/2024\/12\/cms_files_747653_1734522190WhatsApp_Image_2024-12-18_at_08.22.02-300x200.jpeg?v=1734538529 300w, https:\/\/acontecenafronteira.com.br\/wp-content\/uploads\/2024\/12\/cms_files_747653_1734522190WhatsApp_Image_2024-12-18_at_08.22.02-768x512.jpeg?v=1734538529 768w, https:\/\/acontecenafronteira.com.br\/wp-content\/uploads\/2024\/12\/cms_files_747653_1734522190WhatsApp_Image_2024-12-18_at_08.22.02-1536x1023.jpeg?v=1734538529 1536w, https:\/\/acontecenafronteira.com.br\/wp-content\/uploads\/2024\/12\/cms_files_747653_1734522190WhatsApp_Image_2024-12-18_at_08.22.02.jpeg?v=1734538529 1600w\" sizes=\"auto, (max-width: 1024px) 100vw, 1024px\" \/><\/figure>\n<\/figure>\n","protected":false},"excerpt":{"rendered":"<p>O Parque Nacional do Igua\u00e7u ter\u00e1 hor\u00e1rio de funcionamento ampliado na alta temporada, per\u00edodo de final de ano e f\u00e9rias escolares. A partir do dia 21 de dezembro, at\u00e9 31 de janeiro de 2025, a unidade de conserva\u00e7\u00e3o abrir\u00e1 todos os dias das 8h \u00e0s 16h, uma hora mais cedo que o habitual. O aumento [&hellip;]<\/p>\n","protected":false},"author":2,"featured_media":21328,"comment_status":"open","ping_status":"open","sticky":false,"template":"","format":"standard","meta":{"om_disable_all_campaigns":false,"_monsterinsights_skip_tracking":false,"_monsterinsights_sitenote_active":false,"_monsterinsights_sitenote_note":"","_monsterinsights_sitenote_category":0,"footnotes":""},"categories":[26,4,18],"tags":[],"class_list":["post-21327","post","type-post","status-publish","format-standard","has-post-thumbnail","hentry","category-brasil","category-cidade","category-parana"],"_links":{"self":[{"href":"https:\/\/acontecenafronteira.com.br\/index.php\/wp-json\/wp\/v2\/posts\/21327","targetHints":{"allow":["GET"]}}],"collection":[{"href":"https:\/\/acontecenafronteira.com.br\/index.php\/wp-json\/wp\/v2\/posts"}],"about":[{"href":"https:\/\/acontecenafronteira.com.br\/index.php\/wp-json\/wp\/v2\/types\/post"}],"author":[{"embeddable":true,"href":"https:\/\/acontecenafronteira.com.br\/index.php\/wp-json\/wp\/v2\/users\/2"}],"replies":[{"embeddable":true,"href":"https:\/\/acontecenafronteira.com.br\/index.php\/wp-json\/wp\/v2\/comments?post=21327"}],"version-history":[{"count":1,"href":"https:\/\/acontecenafronteira.com.br\/index.php\/wp-json\/wp\/v2\/posts\/21327\/revisions"}],"predecessor-version":[{"id":21332,"href":"https:\/\/acontecenafronteira.com.br\/index.php\/wp-json\/wp\/v2\/posts\/21327\/revisions\/21332"}],"wp:featuredmedia":[{"embeddable":true,"href":"https:\/\/acontecenafronteira.com.br\/index.php\/wp-json\/wp\/v2\/media\/21328"}],"wp:attachment":[{"href":"https:\/\/acontecenafronteira.com.br\/index.php\/wp-json\/wp\/v2\/media?parent=21327"}],"wp:term":[{"taxonomy":"category","embeddable":true,"href":"https:\/\/acontecenafronteira.com.br\/index.php\/wp-json\/wp\/v2\/categories?post=21327"},{"taxonomy":"post_tag","embeddable":true,"href":"https:\/\/acontecenafronteira.com.br\/index.php\/wp-json\/wp\/v2\/tags?post=21327"}],"curies":[{"name":"wp","href":"https:\/\/api.w.org\/{rel}","templated":true}]}}