{"id":21287,"date":"2024-12-17T15:51:46","date_gmt":"2024-12-17T18:51:46","guid":{"rendered":"https:\/\/acontecenafronteira.com.br\/?p=21287"},"modified":"2024-12-17T15:51:47","modified_gmt":"2024-12-17T18:51:47","slug":"camara-de-foz-do-iguacu-aprova-implantacao-de-crematorios-particulares","status":"publish","type":"post","link":"https:\/\/acontecenafronteira.com.br\/index.php\/2024\/12\/17\/camara-de-foz-do-iguacu-aprova-implantacao-de-crematorios-particulares\/","title":{"rendered":"C\u00e2mara de Foz do Igua\u00e7u aprova implanta\u00e7\u00e3o de cremat\u00f3rios particulares"},"content":{"rendered":"\n<p><strong><em>Projeto do vereador Kalito Stoeckl exige licenciamento pr\u00e9vio e cumprimento das normas ambientais, de seguran\u00e7a e urban\u00edsticas<\/em><\/strong><\/p>\n\n\n\n<p>Por oito votos a seis, foi aprovada a nova reda\u00e7\u00e3o ao projeto de lei que institui a implanta\u00e7\u00e3o de cremat\u00f3rios particulares em Foz do Igua\u00e7u (pl n\u00ba 30\/2024), de autoria do vereador Kalito Stoeckl (PDT). A mat\u00e9ria passou em 1\u00aa e 2\u00aa discuss\u00f5es e agora vai \u00e0 san\u00e7\u00e3o do Poder Executivo. O texto autoriza a instala\u00e7\u00e3o e opera\u00e7\u00e3o de cremat\u00f3rios particulares, exigindo licenciamento pr\u00e9vio e cumprimento das normas ambientais, de seguran\u00e7a e urban\u00edsticas. Entre os requisitos, est\u00e3o a constru\u00e7\u00e3o de c\u00e2maras frigor\u00edficas e fornos adequados, bem como o armazenamento das cinzas em urnas identificadas. A crema\u00e7\u00e3o ser\u00e1 permitida tanto em casos de morte natural quanto violenta, mediante autoriza\u00e7\u00e3o.<\/p>\n\n\n\n<p>O proponente do projeto, vereador Kalito, foi \u00e0 tribuna defender a aprova\u00e7\u00e3o. \u201cNosso projeto foi muito bem trabalhado e contempla as quest\u00f5es sanit\u00e1rias. Hoje temos a chance aqui de responder uma pergunta que a popula\u00e7\u00e3o faz: por qual motivo uma cidade de 300 mil habitantes n\u00e3o tem cremat\u00f3rio? Basta escutarmos a popula\u00e7\u00e3o\u201d.<\/p>\n\n\n\n<p>O presidente da C\u00e2mara, vereador Jo\u00e3o Morales (Uni\u00e3o Brasil), tamb\u00e9m se posicionou: \u201cFizemos uma emenda ao projeto, porque entendemos que \u00e9 era bom, mas precisava de ajuste de que o projeto contemplasse quem j\u00e1 tem jazigos. Entendemos que o projeto \u00e9 bom\u201d.<\/p>\n\n\n\n<blockquote class=\"wp-block-quote is-layout-flow wp-block-quote-is-layout-flow\">\n<p>\u201cA necessidade de Foz ter um cremat\u00f3rio \u00e9 um momento \u00edmpar. Sou favor\u00e1vel ao projeto dos cremat\u00f3rios, mas embora tenha sido discutido amplamente, mas ainda existem d\u00favidas\u201d. A vereadora Anice (PP) acrescentou: \u201cEu sou a favor do cremat\u00f3rio, ele \u00e9 necess\u00e1rio do nosso munic\u00edpio, mas da forma que est\u00e1 sendo feito n\u00e3o d\u00e1. Esse projeto precisa ser amplamente discutido com a comunidade\u201d. A parlamentar pediu vistas e o pedido foi rejeitado, diante de argumentos de que o projeto tramita desde o in\u00edcio do ano e passou por audi\u00eancia p\u00fablica e recebeu emendas.<\/p>\n<\/blockquote>\n\n\n\n<p>O PL fixa que a constru\u00e7\u00e3o e o funcionamento de cremat\u00f3rios particulares v\u00e3o depender de licenciamento pr\u00e9vio do Poder P\u00fablico, que expedir\u00e1 as competentes licen\u00e7as ambientais, sanit\u00e1rias e de localiza\u00e7\u00e3o e funcionamento.<\/p>\n\n\n\n<figure class=\"wp-block-image size-large\"><img loading=\"lazy\" decoding=\"async\" width=\"1024\" height=\"682\" src=\"https:\/\/acontecenafronteira.com.br\/wp-content\/uploads\/2024\/12\/WhatsApp-Image-2024-12-17-at-13.27.53-1024x682.jpeg?v=1734461495\" alt=\"\" class=\"wp-image-21288\" srcset=\"https:\/\/acontecenafronteira.com.br\/wp-content\/uploads\/2024\/12\/WhatsApp-Image-2024-12-17-at-13.27.53-1024x682.jpeg?v=1734461495 1024w, https:\/\/acontecenafronteira.com.br\/wp-content\/uploads\/2024\/12\/WhatsApp-Image-2024-12-17-at-13.27.53-300x200.jpeg?v=1734461495 300w, https:\/\/acontecenafronteira.com.br\/wp-content\/uploads\/2024\/12\/WhatsApp-Image-2024-12-17-at-13.27.53-768x512.jpeg?v=1734461495 768w, https:\/\/acontecenafronteira.com.br\/wp-content\/uploads\/2024\/12\/WhatsApp-Image-2024-12-17-at-13.27.53-1536x1023.jpeg?v=1734461495 1536w, https:\/\/acontecenafronteira.com.br\/wp-content\/uploads\/2024\/12\/WhatsApp-Image-2024-12-17-at-13.27.53.jpeg?v=1734461495 1600w\" sizes=\"auto, (max-width: 1024px) 100vw, 1024px\" \/><\/figure>\n","protected":false},"excerpt":{"rendered":"<p>Projeto do vereador Kalito Stoeckl exige licenciamento pr\u00e9vio e cumprimento das normas ambientais, de seguran\u00e7a e urban\u00edsticas Por oito votos a seis, foi aprovada a nova reda\u00e7\u00e3o ao projeto de lei que institui a implanta\u00e7\u00e3o de cremat\u00f3rios particulares em Foz do Igua\u00e7u (pl n\u00ba 30\/2024), de autoria do vereador Kalito Stoeckl (PDT). A mat\u00e9ria passou [&hellip;]<\/p>\n","protected":false},"author":2,"featured_media":21289,"comment_status":"open","ping_status":"open","sticky":false,"template":"","format":"standard","meta":{"om_disable_all_campaigns":false,"_monsterinsights_skip_tracking":false,"_monsterinsights_sitenote_active":false,"_monsterinsights_sitenote_note":"","_monsterinsights_sitenote_category":0,"footnotes":""},"categories":[1],"tags":[],"class_list":["post-21287","post","type-post","status-publish","format-standard","has-post-thumbnail","hentry","category-sem-categoria"],"_links":{"self":[{"href":"https:\/\/acontecenafronteira.com.br\/index.php\/wp-json\/wp\/v2\/posts\/21287","targetHints":{"allow":["GET"]}}],"collection":[{"href":"https:\/\/acontecenafronteira.com.br\/index.php\/wp-json\/wp\/v2\/posts"}],"about":[{"href":"https:\/\/acontecenafronteira.com.br\/index.php\/wp-json\/wp\/v2\/types\/post"}],"author":[{"embeddable":true,"href":"https:\/\/acontecenafronteira.com.br\/index.php\/wp-json\/wp\/v2\/users\/2"}],"replies":[{"embeddable":true,"href":"https:\/\/acontecenafronteira.com.br\/index.php\/wp-json\/wp\/v2\/comments?post=21287"}],"version-history":[{"count":1,"href":"https:\/\/acontecenafronteira.com.br\/index.php\/wp-json\/wp\/v2\/posts\/21287\/revisions"}],"predecessor-version":[{"id":21290,"href":"https:\/\/acontecenafronteira.com.br\/index.php\/wp-json\/wp\/v2\/posts\/21287\/revisions\/21290"}],"wp:featuredmedia":[{"embeddable":true,"href":"https:\/\/acontecenafronteira.com.br\/index.php\/wp-json\/wp\/v2\/media\/21289"}],"wp:attachment":[{"href":"https:\/\/acontecenafronteira.com.br\/index.php\/wp-json\/wp\/v2\/media?parent=21287"}],"wp:term":[{"taxonomy":"category","embeddable":true,"href":"https:\/\/acontecenafronteira.com.br\/index.php\/wp-json\/wp\/v2\/categories?post=21287"},{"taxonomy":"post_tag","embeddable":true,"href":"https:\/\/acontecenafronteira.com.br\/index.php\/wp-json\/wp\/v2\/tags?post=21287"}],"curies":[{"name":"wp","href":"https:\/\/api.w.org\/{rel}","templated":true}]}}