{"id":21264,"date":"2024-12-15T15:19:27","date_gmt":"2024-12-15T18:19:27","guid":{"rendered":"https:\/\/acontecenafronteira.com.br\/?p=21264"},"modified":"2024-12-15T15:19:28","modified_gmt":"2024-12-15T18:19:28","slug":"receita-federal-apreende-100-mil-reais-em-smartphonesaparelhos-celulares-foram-encontrados-em-fundos-falsos-em-veiculos-de-passeio","status":"publish","type":"post","link":"https:\/\/acontecenafronteira.com.br\/index.php\/2024\/12\/15\/receita-federal-apreende-100-mil-reais-em-smartphonesaparelhos-celulares-foram-encontrados-em-fundos-falsos-em-veiculos-de-passeio\/","title":{"rendered":"Receita Federal apreende 100 mil reais em smartphonesAparelhos celulares foram encontrados em fundos falsos em ve\u00edculos de passeio"},"content":{"rendered":"\n<p>Na noite da \u00faltima quinta-feira (12\/12), a Receita Federal do Brasil apreendeu duas cargas de celulares na regi\u00e3o de fronteira. A primeira ocorr\u00eancia foi na Aduana da Ponte Internacional da Amizade, entre Brasil e Paraguai, durante fiscaliza\u00e7\u00e3o de rotina. Os smartphones foram encontrados junto com perfumes em um fundo falso localizado em uma das colunas de um carro com placas paraguaias, o quantitativo acumulou o valor estimado de 15 mil reais em mercadorias.<\/p>\n\n\n\n<p>A segunda abordagem foi realizada na BR-277, j\u00e1 no per\u00edmetro urbano de Santa Terezinha de Itaipu. Os servidores da Receita Federal iniciaram a fiscaliza\u00e7\u00e3o ap\u00f3s notarem uma postura de nervosismo no condutor, que estava acompanhado de sua parceira e dois menores de idade, filhos do casal. De modo semelhante, foram encontrados 131 aparelhos celulares em fundos falsos no ve\u00edculo, que tinha placas brasileiras. Desta vez, as mercadorias estavam escondidas no painel e nos arredores do bagageiro.<\/p>\n\n\n\n<p>Esta segunda ocorr\u00eancia resultou em uma apreens\u00e3o de 86 mil reais. Assim, totalizando, em m\u00e9dia, 100 mil reais em uma mesma noite. A carga estava sendo transportada irregularmente e sem a presen\u00e7a dos documentos fiscais necess\u00e1rios, configurando o crime de descaminho. Os motoristas foram liberados e as mercadorias, conforme indica o protocolo, foram encaminhadas para a Alf\u00e2ndega da Receita Federal em Foz do Igua\u00e7u.<\/p>\n\n\n\n<p>A Receita Federal refor\u00e7a que o descaminho \u00e9 um crime s\u00e9rio, que prejudica a economia do Brasil e coloca em risco a seguran\u00e7a do consumidor, j\u00e1 que estas mercadorias ilegais n\u00e3o passam pelos controles de qualidade e fiscaliza\u00e7\u00e3o exigidos pelo pa\u00eds. A popula\u00e7\u00e3o tamb\u00e9m pode contribuir para o combate ao contrabando e ao descaminho. Den\u00fancias an\u00f4nimas podem ser feitas pelos n\u00fameros (45) 9 9134-0100 e (45) 9 9152-2036.<\/p>\n\n\n\n<p>Assessoria de Comunica\u00e7\u00e3o da Alf\u00e2ndega da Receita Federal em Foz do Igua\u00e7u<\/p>\n\n\n\n<figure class=\"wp-block-gallery has-nested-images columns-default is-cropped wp-block-gallery-1 is-layout-flex wp-block-gallery-is-layout-flex\">\n<figure class=\"wp-block-image size-large\"><img loading=\"lazy\" decoding=\"async\" width=\"1024\" height=\"576\" data-id=\"21265\" src=\"https:\/\/acontecenafronteira.com.br\/wp-content\/uploads\/2024\/12\/WhatsApp-Image-2024-12-13-at-15.52.40-1024x576.jpeg?v=1734286749\" alt=\"\" class=\"wp-image-21265\" srcset=\"https:\/\/acontecenafronteira.com.br\/wp-content\/uploads\/2024\/12\/WhatsApp-Image-2024-12-13-at-15.52.40-1024x576.jpeg?v=1734286749 1024w, https:\/\/acontecenafronteira.com.br\/wp-content\/uploads\/2024\/12\/WhatsApp-Image-2024-12-13-at-15.52.40-300x169.jpeg?v=1734286749 300w, https:\/\/acontecenafronteira.com.br\/wp-content\/uploads\/2024\/12\/WhatsApp-Image-2024-12-13-at-15.52.40-768x432.jpeg?v=1734286749 768w, https:\/\/acontecenafronteira.com.br\/wp-content\/uploads\/2024\/12\/WhatsApp-Image-2024-12-13-at-15.52.40.jpeg?v=1734286749 1280w\" sizes=\"auto, (max-width: 1024px) 100vw, 1024px\" \/><\/figure>\n\n\n\n<figure class=\"wp-block-image size-large\"><img loading=\"lazy\" decoding=\"async\" width=\"1024\" height=\"768\" data-id=\"21266\" src=\"https:\/\/acontecenafronteira.com.br\/wp-content\/uploads\/2024\/12\/WhatsApp-Image-2024-12-13-at-15.53.12-1024x768.jpeg?v=1734286750\" alt=\"\" class=\"wp-image-21266\" srcset=\"https:\/\/acontecenafronteira.com.br\/wp-content\/uploads\/2024\/12\/WhatsApp-Image-2024-12-13-at-15.53.12-1024x768.jpeg?v=1734286750 1024w, https:\/\/acontecenafronteira.com.br\/wp-content\/uploads\/2024\/12\/WhatsApp-Image-2024-12-13-at-15.53.12-300x225.jpeg?v=1734286750 300w, https:\/\/acontecenafronteira.com.br\/wp-content\/uploads\/2024\/12\/WhatsApp-Image-2024-12-13-at-15.53.12-768x576.jpeg?v=1734286750 768w, https:\/\/acontecenafronteira.com.br\/wp-content\/uploads\/2024\/12\/WhatsApp-Image-2024-12-13-at-15.53.12.jpeg?v=1734286750 1280w\" sizes=\"auto, (max-width: 1024px) 100vw, 1024px\" \/><\/figure>\n\n\n\n<figure class=\"wp-block-image size-large\"><img loading=\"lazy\" decoding=\"async\" width=\"1024\" height=\"768\" data-id=\"21267\" src=\"https:\/\/acontecenafronteira.com.br\/wp-content\/uploads\/2024\/12\/WhatsApp-Image-2024-12-13-at-15.53.13-1024x768.jpeg?v=1734286750\" alt=\"\" class=\"wp-image-21267\" srcset=\"https:\/\/acontecenafronteira.com.br\/wp-content\/uploads\/2024\/12\/WhatsApp-Image-2024-12-13-at-15.53.13-1024x768.jpeg?v=1734286750 1024w, https:\/\/acontecenafronteira.com.br\/wp-content\/uploads\/2024\/12\/WhatsApp-Image-2024-12-13-at-15.53.13-300x225.jpeg?v=1734286750 300w, https:\/\/acontecenafronteira.com.br\/wp-content\/uploads\/2024\/12\/WhatsApp-Image-2024-12-13-at-15.53.13-768x576.jpeg?v=1734286750 768w, https:\/\/acontecenafronteira.com.br\/wp-content\/uploads\/2024\/12\/WhatsApp-Image-2024-12-13-at-15.53.13.jpeg?v=1734286750 1280w\" sizes=\"auto, (max-width: 1024px) 100vw, 1024px\" \/><\/figure>\n<\/figure>\n\n\n\n<figure class=\"wp-block-video\"><video height=\"480\" style=\"aspect-ratio: 848 \/ 480;\" width=\"848\" controls src=\"https:\/\/acontecenafronteira.com.br\/wp-content\/uploads\/2024\/12\/WhatsApp-Video-2024-12-13-at-15.53.14.mp4\"><\/video><\/figure>\n","protected":false},"excerpt":{"rendered":"<p>Na noite da \u00faltima quinta-feira (12\/12), a Receita Federal do Brasil apreendeu duas cargas de celulares na regi\u00e3o de fronteira. A primeira ocorr\u00eancia foi na Aduana da Ponte Internacional da Amizade, entre Brasil e Paraguai, durante fiscaliza\u00e7\u00e3o de rotina. Os smartphones foram encontrados junto com perfumes em um fundo falso localizado em uma das colunas [&hellip;]<\/p>\n","protected":false},"author":2,"featured_media":21265,"comment_status":"open","ping_status":"open","sticky":false,"template":"","format":"standard","meta":{"om_disable_all_campaigns":false,"_monsterinsights_skip_tracking":false,"_monsterinsights_sitenote_active":false,"_monsterinsights_sitenote_note":"","_monsterinsights_sitenote_category":0,"footnotes":""},"categories":[1],"tags":[],"class_list":["post-21264","post","type-post","status-publish","format-standard","has-post-thumbnail","hentry","category-sem-categoria"],"_links":{"self":[{"href":"https:\/\/acontecenafronteira.com.br\/index.php\/wp-json\/wp\/v2\/posts\/21264","targetHints":{"allow":["GET"]}}],"collection":[{"href":"https:\/\/acontecenafronteira.com.br\/index.php\/wp-json\/wp\/v2\/posts"}],"about":[{"href":"https:\/\/acontecenafronteira.com.br\/index.php\/wp-json\/wp\/v2\/types\/post"}],"author":[{"embeddable":true,"href":"https:\/\/acontecenafronteira.com.br\/index.php\/wp-json\/wp\/v2\/users\/2"}],"replies":[{"embeddable":true,"href":"https:\/\/acontecenafronteira.com.br\/index.php\/wp-json\/wp\/v2\/comments?post=21264"}],"version-history":[{"count":1,"href":"https:\/\/acontecenafronteira.com.br\/index.php\/wp-json\/wp\/v2\/posts\/21264\/revisions"}],"predecessor-version":[{"id":21269,"href":"https:\/\/acontecenafronteira.com.br\/index.php\/wp-json\/wp\/v2\/posts\/21264\/revisions\/21269"}],"wp:featuredmedia":[{"embeddable":true,"href":"https:\/\/acontecenafronteira.com.br\/index.php\/wp-json\/wp\/v2\/media\/21265"}],"wp:attachment":[{"href":"https:\/\/acontecenafronteira.com.br\/index.php\/wp-json\/wp\/v2\/media?parent=21264"}],"wp:term":[{"taxonomy":"category","embeddable":true,"href":"https:\/\/acontecenafronteira.com.br\/index.php\/wp-json\/wp\/v2\/categories?post=21264"},{"taxonomy":"post_tag","embeddable":true,"href":"https:\/\/acontecenafronteira.com.br\/index.php\/wp-json\/wp\/v2\/tags?post=21264"}],"curies":[{"name":"wp","href":"https:\/\/api.w.org\/{rel}","templated":true}]}}