{"id":21209,"date":"2024-12-11T14:58:21","date_gmt":"2024-12-11T17:58:21","guid":{"rendered":"https:\/\/acontecenafronteira.com.br\/?p=21209"},"modified":"2024-12-11T14:58:22","modified_gmt":"2024-12-11T17:58:22","slug":"hospital-da-fundacao-de-saude-itaiguapy-agora-se-chama-hospital-itamed","status":"publish","type":"post","link":"https:\/\/acontecenafronteira.com.br\/index.php\/2024\/12\/11\/hospital-da-fundacao-de-saude-itaiguapy-agora-se-chama-hospital-itamed\/","title":{"rendered":"Hospital da Funda\u00e7\u00e3o de Sa\u00fade Itaiguapy agora\u00a0se chama Hospital Itamed"},"content":{"rendered":"\n<p><strong><em>Nova marca foi anunciada na manh\u00e3 desta quarta-feira (11), associado ao an\u00fancio de novos investimentos por parte da Itaipu Binacional e parceria com o Hospital Pequeno Pr\u00edncipe<\/em><\/strong><\/p>\n\n\n\n<p>Para refor\u00e7ar o compromisso cont\u00ednuo com o cuidado humanizado, com a seguran\u00e7a do paciente e a moderniza\u00e7\u00e3o, que sempre foram os pilares da sua atua\u00e7\u00e3o, a Funda\u00e7\u00e3o de Sa\u00fade Itaiguapy adotou uma nova marca para o seu hospital no bairro Itaipu A, em Foz do Igua\u00e7u (PR), que agora passa a se chamar Hospital Itamed. A mudan\u00e7a da marca e identidade visual representam um novo momento para o complexo de sa\u00fade, que agora unifica o nome do seu hospital com o do plano de sa\u00fade pr\u00f3prio. A novidade foi apresentada em um evento para colaboradores, m\u00e9dicos e convidados, nesta quarta-feira (11).<\/p>\n\n\n\n<p>A decis\u00e3o da mudan\u00e7a foi tomada com o objetivo de facilitar a comunica\u00e7\u00e3o com os pacientes e parceiros e trar\u00e1 mais clareza, transpar\u00eancia e confian\u00e7a. Este \u00e9 um passo importante para reafirmar o compromisso com a sa\u00fade de qualidade e a seguran\u00e7a de todos.<\/p>\n\n\n\n<p>Segundo o diretor-superintendente do Hospital Itamed, Gilmar de Oliveira, a mudan\u00e7a no nome e identidade visual n\u00e3o altera o escopo de excel\u00eancia dos servi\u00e7os oferecidos. \u201cNosso compromisso \u00e9 com a sa\u00fade e o bem-estar de todos os pacientes, sejam eles oriundos do Sistema \u00danico de Sa\u00fade (SUS), planos de sa\u00fade conveniados, ou atendimentos particulares\u201d, pontuou.<\/p>\n\n\n\n<p>Sob uma \u00fanica marca, a Funda\u00e7\u00e3o lembra \u00e0 popula\u00e7\u00e3o que tem \u00e0 disposi\u00e7\u00e3o um moderno e completo hospital, com plano de sa\u00fade pr\u00f3prio, laborat\u00f3rio de an\u00e1lises cl\u00ednicas, centro cl\u00ednico com m\u00e9dicos em mais de 40 especialidades, al\u00e9m da administra\u00e7\u00e3o de um banco de sangue e de leite.<\/p>\n\n\n\n<p><strong>Evento de lan\u00e7amento<\/strong><\/p>\n\n\n\n<p>Durante a apresenta\u00e7\u00e3o da nova marca aos presentes, o diretor-geral brasileiro da Itaipu Binacional, Enio Verri, falou sobre esta transforma\u00e7\u00e3o. \u201cEsse \u00e9 o lan\u00e7amento da marca, mas a mudan\u00e7a n\u00e3o come\u00e7ou hoje, j\u00e1 iniciou quando chegamos aqui. Chamar de Hospital Itamed \u00e9 para refor\u00e7ar o nosso plano de sa\u00fade e agregar ainda mais a liga\u00e7\u00e3o da Itaipu com a medicina, com a sa\u00fade\u201d, destacou. \u201c\u00c9 um engano acharmos que atendemos s\u00f3 Foz. \u00c0s vezes o endere\u00e7o \u00e9 daqui, mas a pessoa n\u00e3o, e \u00e9 nossa obriga\u00e7\u00e3o atender a todos, sem distin\u00e7\u00e3o, e faremos isso, independentemente de quem procura, seja p\u00fablico ou privado\u201d, afirmou.<\/p>\n\n\n\n<p>J\u00e1 Gilmar pontuou que este \u00e9 um ato simples, mas resume uma s\u00e9rie de mudan\u00e7as. \u201cDesde que iniciamos esta gest\u00e3o, temos trabalhado em diversos desafios. Aprovamos recentemente uma reestrutura\u00e7\u00e3o departamental, estamos passando por um processo de moderniza\u00e7\u00e3o de contratos, e para 2025 queremos aumentar a transpar\u00eancia, trazer um plano de carreira aos colaboradores\u201d, comentou. Para o superintendente, este \u00e9 um legado que fica para a institui\u00e7\u00e3o. \u201cAgrade\u00e7o a todos os profissionais que fazem parte desta jornada. Com cora\u00e7\u00e3o, vamos mudar juntos\u201d, finalizou.<\/p>\n\n\n\n<p><strong>Nova identidade visual<\/strong><\/p>\n\n\n\n<p>Para acompanhar o novo nome, a logomarca do Hospital Itamed foi criada do zero, pela consultoria especializada Verdi Digital Branding. Agora, ela traz em destaque tr\u00eas elementos curvados que simbolizam Brasil, Paraguai e Argentina, que formam a tr\u00edplice fronteira, e o encontro das \u00e1guas dos rios Paran\u00e1 e Igua\u00e7u, a chamada \u201cFoz do Igua\u00e7u\u201d \u2013 \u00e1gua, principal fonte da vida e que \u00e9 o s\u00edmbolo da nossa regi\u00e3o. Desta forma, a institui\u00e7\u00e3o reafirma o seu compromisso com a vida e valoriza\u00e7\u00e3o da sua posi\u00e7\u00e3o estrat\u00e9gica em uma cidade fronteiri\u00e7a.<\/p>\n\n\n\n<p>\u201c\u00c9 ineg\u00e1vel o quanto o Hospital Itamed tem sido refer\u00eancia de atendimento a pacientes brasileiros, paraguaios e argentinos. Por isso, a nossa nova marca traz a lembran\u00e7a dessa particularidade regional, que faz parte do nosso dia a dia\u201d, comentou Gilmar.<\/p>\n\n\n\n<p>As cores foram mantidas, apenas com varia\u00e7\u00e3o nas tonalidades, mas, cada uma, remetendo \u00e0s unidades de neg\u00f3cio da Funda\u00e7\u00e3o: Hospital (azul), Plano de Sa\u00fade (amarelo), Laborat\u00f3rio (vermelho) e Centro Cl\u00ednico (verde).<\/p>\n\n\n\n<p>E para completar todas estas mudan\u00e7as, a fachada do hospital foi completamente revitalizada, ganhou tons de bronze e receber\u00e1, em breve, a nova logomarca. Assim, n\u00e3o importa onde o cliente busque atendimento, seja no hospital, no centro de oncologia, no plano de sa\u00fade ou no laborat\u00f3rio e centro cl\u00ednico, ele ter\u00e1 a certeza de que est\u00e1 entrando em um ambiente com a qualidade Itamed.<\/p>\n\n\n\n<p><strong>Planejamento Estrat\u00e9gico 2024-2028<\/strong><\/p>\n\n\n\n<p>Todo o processo de mudan\u00e7a da marca, investimentos da instituidora e parceria com Hospital Pequeno Pr\u00edncipe, de Curitiba, acompanharam as diretrizes do novo planejamento estrat\u00e9gico da Funda\u00e7\u00e3o de Sa\u00fade Itaiguapy, finalizado em maio deste ano.<\/p>\n\n\n\n<p>O planejamento serviu ainda para atualizar a miss\u00e3o: \u201cpromover a sa\u00fade e cuidar das pessoas, valorizando vidas\u201d, bem como a vis\u00e3o: \u201cSer refer\u00eancia na excel\u00eancia do cuidado em sa\u00fade, de forma humanizada e sustent\u00e1vel\u201d, e os valores: \u201cAgilidade, atendimento humanizado, comprometimento com a vida e responsabilidade social, desenvolvimento de pessoas e valoriza\u00e7\u00e3o do conhecimento, engajamento com esp\u00edrito de equipe, excel\u00eancia na qualidade e seguran\u00e7a dos servi\u00e7os, gest\u00e3o sustent\u00e1vel, inova\u00e7\u00e3o, integridade e resili\u00eancia\u201d.<\/p>\n\n\n\n<p>\u201cO Planejamento Estrat\u00e9gico traz mudan\u00e7as administrativas, de gest\u00e3o e infraestrutura e tem pautado o nosso trabalho\u201d, explicou o superintendente Gilmar.<\/p>\n\n\n\n<p><strong>Investimentos Itaipu Binacional<\/strong><\/p>\n\n\n\n<p>Durante o evento, o diretor geral-brasileiro da Itaipu Binacional, Enio Verri, anunciou, por meio da celebra\u00e7\u00e3o de um protocolo de inten\u00e7\u00f5es, a previs\u00e3o de novos investimentos no hospital de quase R$ 100 milh\u00f5es, j\u00e1 em 2025. Os recursos ser\u00e3o destinados \u00e0 manuten\u00e7\u00e3o dos servi\u00e7os de excel\u00eancia, aquisi\u00e7\u00e3o de equipamentos m\u00e9dico-hospitalares de ponta, investimentos em tecnologia da informa\u00e7\u00e3o e novas obras de infraestrutura a fim de garantir mais efici\u00eancia nos processos hospitalares, conforto aos pacientes, seguran\u00e7a e integridade dos dados.<\/p>\n\n\n\n<p>\u201cEsses investimentos visam garantir maior efici\u00eancia nos processos hospitalares, conforto para os pacientes e seguran\u00e7a na gest\u00e3o de dados, assegurando que o Itamed continue a ser refer\u00eancia em sa\u00fade\u201d, afirmou Gilmar de Oliveira.<\/p>\n\n\n\n<p>O investimento previsto reflete a miss\u00e3o da Itaipu de contribuir para o desenvolvimento regional do Brasil e do Paraguai, alinhando-se \u00e0s diretrizes do Governo Federal para promover o bem-estar das pessoas e a inova\u00e7\u00e3o no setor da sa\u00fade. No mesmo ato, realizou-se a entrega simb\u00f3lica de sete ve\u00edculos que refor\u00e7ar\u00e3o a frota da institui\u00e7\u00e3o, como caminhonetes e carros menores, com excelente condi\u00e7\u00e3o de uso e beneficiar\u00e3o as atividades e servi\u00e7os da Funda\u00e7\u00e3o.<\/p>\n\n\n\n<p>A cerim\u00f4nia oportunizou ainda o an\u00fancio de um conv\u00eanio de R$ 15 milh\u00f5es entre a Binacional e o Hospital Pequeno Princ\u00edpe, a maior refer\u00eancia em hospital pedi\u00e1trico do pa\u00eds, em contrapartida a parceria com o Hospital Itamed, em um passo fundamental para aprimorar a qualidade da assist\u00eancia m\u00e9dica e impulsionar a sa\u00fade na regi\u00e3o oeste do Paran\u00e1.<\/p>\n\n\n\n<p>No momento, o vice-diretor, C\u00e1ssio Fon Bem Sum, do Hospital Pequeno Pr\u00edncipe esteve presente e refor\u00e7ou a import\u00e2ncia da parceria entre o Hospital Itamed e a institui\u00e7\u00e3o de Curitiba. \u201cEstamos muito felizes com a concretiza\u00e7\u00e3o desta parceria. S\u00e3o novos tempos, que prezamos pela excel\u00eancia e essa parceria trar\u00e1 bons frutos a todas as crian\u00e7as. Obrigado \u00e0 diretoria da Funda\u00e7\u00e3o e da Itaipu por acreditarem neste prop\u00f3sito\u201d, disse. A colabora\u00e7\u00e3o promove uma troca valiosa de experi\u00eancias e a\u00e7\u00f5es conjuntas para beneficiar a comunidade.<\/p>\n\n\n\n<p><strong><em>Cr\u00e9dito: William Brisida\/Itaipu Binacional.<\/em><\/strong><\/p>\n\n\n\n<figure class=\"wp-block-gallery has-nested-images columns-default is-cropped wp-block-gallery-1 is-layout-flex wp-block-gallery-is-layout-flex\">\n<figure class=\"wp-block-image size-large\"><img loading=\"lazy\" decoding=\"async\" width=\"1024\" height=\"683\" data-id=\"21211\" src=\"https:\/\/acontecenafronteira.com.br\/wp-content\/uploads\/2024\/12\/6759c05a86a0f-1024x683.jpg?v=1733939886\" alt=\"\" class=\"wp-image-21211\" srcset=\"https:\/\/acontecenafronteira.com.br\/wp-content\/uploads\/2024\/12\/6759c05a86a0f-1024x683.jpg?v=1733939886 1024w, https:\/\/acontecenafronteira.com.br\/wp-content\/uploads\/2024\/12\/6759c05a86a0f-300x200.jpg?v=1733939886 300w, https:\/\/acontecenafronteira.com.br\/wp-content\/uploads\/2024\/12\/6759c05a86a0f-768x512.jpg?v=1733939886 768w, https:\/\/acontecenafronteira.com.br\/wp-content\/uploads\/2024\/12\/6759c05a86a0f-1536x1024.jpg?v=1733939886 1536w, https:\/\/acontecenafronteira.com.br\/wp-content\/uploads\/2024\/12\/6759c05a86a0f.jpg?v=1733939886 2048w\" sizes=\"auto, (max-width: 1024px) 100vw, 1024px\" \/><\/figure>\n\n\n\n<figure class=\"wp-block-image size-large\"><img loading=\"lazy\" decoding=\"async\" width=\"1024\" height=\"683\" data-id=\"21210\" src=\"https:\/\/acontecenafronteira.com.br\/wp-content\/uploads\/2024\/12\/6759c06c22cd2-1024x683.jpg?v=1733939886\" alt=\"\" class=\"wp-image-21210\" srcset=\"https:\/\/acontecenafronteira.com.br\/wp-content\/uploads\/2024\/12\/6759c06c22cd2-1024x683.jpg?v=1733939886 1024w, https:\/\/acontecenafronteira.com.br\/wp-content\/uploads\/2024\/12\/6759c06c22cd2-300x200.jpg?v=1733939886 300w, https:\/\/acontecenafronteira.com.br\/wp-content\/uploads\/2024\/12\/6759c06c22cd2-768x512.jpg?v=1733939886 768w, https:\/\/acontecenafronteira.com.br\/wp-content\/uploads\/2024\/12\/6759c06c22cd2-1536x1024.jpg?v=1733939886 1536w, https:\/\/acontecenafronteira.com.br\/wp-content\/uploads\/2024\/12\/6759c06c22cd2.jpg?v=1733939886 2048w\" sizes=\"auto, (max-width: 1024px) 100vw, 1024px\" \/><\/figure>\n\n\n\n<figure class=\"wp-block-image size-large\"><img loading=\"lazy\" decoding=\"async\" width=\"1024\" height=\"683\" data-id=\"21212\" src=\"https:\/\/acontecenafronteira.com.br\/wp-content\/uploads\/2024\/12\/6759c07b8b32a-1024x683.jpg?v=1733939886\" alt=\"\" class=\"wp-image-21212\" srcset=\"https:\/\/acontecenafronteira.com.br\/wp-content\/uploads\/2024\/12\/6759c07b8b32a-1024x683.jpg?v=1733939886 1024w, https:\/\/acontecenafronteira.com.br\/wp-content\/uploads\/2024\/12\/6759c07b8b32a-300x200.jpg?v=1733939886 300w, https:\/\/acontecenafronteira.com.br\/wp-content\/uploads\/2024\/12\/6759c07b8b32a-768x512.jpg?v=1733939886 768w, https:\/\/acontecenafronteira.com.br\/wp-content\/uploads\/2024\/12\/6759c07b8b32a-1536x1024.jpg?v=1733939886 1536w, https:\/\/acontecenafronteira.com.br\/wp-content\/uploads\/2024\/12\/6759c07b8b32a.jpg?v=1733939886 2048w\" sizes=\"auto, (max-width: 1024px) 100vw, 1024px\" \/><\/figure>\n\n\n\n<figure class=\"wp-block-image size-large\"><img loading=\"lazy\" decoding=\"async\" width=\"1024\" height=\"683\" data-id=\"21213\" src=\"https:\/\/acontecenafronteira.com.br\/wp-content\/uploads\/2024\/12\/6759c0557a7c8-1024x683.jpg?v=1733939886\" alt=\"\" class=\"wp-image-21213\" srcset=\"https:\/\/acontecenafronteira.com.br\/wp-content\/uploads\/2024\/12\/6759c0557a7c8-1024x683.jpg?v=1733939886 1024w, https:\/\/acontecenafronteira.com.br\/wp-content\/uploads\/2024\/12\/6759c0557a7c8-300x200.jpg?v=1733939886 300w, https:\/\/acontecenafronteira.com.br\/wp-content\/uploads\/2024\/12\/6759c0557a7c8-768x512.jpg?v=1733939886 768w, https:\/\/acontecenafronteira.com.br\/wp-content\/uploads\/2024\/12\/6759c0557a7c8-1536x1024.jpg?v=1733939886 1536w, https:\/\/acontecenafronteira.com.br\/wp-content\/uploads\/2024\/12\/6759c0557a7c8.jpg?v=1733939886 2048w\" sizes=\"auto, (max-width: 1024px) 100vw, 1024px\" \/><\/figure>\n\n\n\n<figure class=\"wp-block-image size-large\"><img loading=\"lazy\" decoding=\"async\" width=\"1024\" height=\"683\" data-id=\"21214\" src=\"https:\/\/acontecenafronteira.com.br\/wp-content\/uploads\/2024\/12\/6759c0657e99d-1024x683.jpg?v=1733939886\" alt=\"\" class=\"wp-image-21214\" srcset=\"https:\/\/acontecenafronteira.com.br\/wp-content\/uploads\/2024\/12\/6759c0657e99d-1024x683.jpg?v=1733939886 1024w, https:\/\/acontecenafronteira.com.br\/wp-content\/uploads\/2024\/12\/6759c0657e99d-300x200.jpg?v=1733939886 300w, https:\/\/acontecenafronteira.com.br\/wp-content\/uploads\/2024\/12\/6759c0657e99d-768x512.jpg?v=1733939886 768w, https:\/\/acontecenafronteira.com.br\/wp-content\/uploads\/2024\/12\/6759c0657e99d-1536x1024.jpg?v=1733939886 1536w, https:\/\/acontecenafronteira.com.br\/wp-content\/uploads\/2024\/12\/6759c0657e99d.jpg?v=1733939886 2048w\" sizes=\"auto, (max-width: 1024px) 100vw, 1024px\" \/><\/figure>\n<\/figure>\n","protected":false},"excerpt":{"rendered":"<p>Nova marca foi anunciada na manh\u00e3 desta quarta-feira (11), associado ao an\u00fancio de novos investimentos por parte da Itaipu Binacional e parceria com o Hospital Pequeno Pr\u00edncipe Para refor\u00e7ar o compromisso cont\u00ednuo com o cuidado humanizado, com a seguran\u00e7a do paciente e a moderniza\u00e7\u00e3o, que sempre foram os pilares da sua atua\u00e7\u00e3o, a Funda\u00e7\u00e3o de [&hellip;]<\/p>\n","protected":false},"author":2,"featured_media":21210,"comment_status":"open","ping_status":"open","sticky":false,"template":"","format":"standard","meta":{"om_disable_all_campaigns":false,"_monsterinsights_skip_tracking":false,"_monsterinsights_sitenote_active":false,"_monsterinsights_sitenote_note":"","_monsterinsights_sitenote_category":0,"footnotes":""},"categories":[26,4,11,10],"tags":[],"class_list":["post-21209","post","type-post","status-publish","format-standard","has-post-thumbnail","hentry","category-brasil","category-cidade","category-itaipu","category-saude"],"_links":{"self":[{"href":"https:\/\/acontecenafronteira.com.br\/index.php\/wp-json\/wp\/v2\/posts\/21209","targetHints":{"allow":["GET"]}}],"collection":[{"href":"https:\/\/acontecenafronteira.com.br\/index.php\/wp-json\/wp\/v2\/posts"}],"about":[{"href":"https:\/\/acontecenafronteira.com.br\/index.php\/wp-json\/wp\/v2\/types\/post"}],"author":[{"embeddable":true,"href":"https:\/\/acontecenafronteira.com.br\/index.php\/wp-json\/wp\/v2\/users\/2"}],"replies":[{"embeddable":true,"href":"https:\/\/acontecenafronteira.com.br\/index.php\/wp-json\/wp\/v2\/comments?post=21209"}],"version-history":[{"count":1,"href":"https:\/\/acontecenafronteira.com.br\/index.php\/wp-json\/wp\/v2\/posts\/21209\/revisions"}],"predecessor-version":[{"id":21215,"href":"https:\/\/acontecenafronteira.com.br\/index.php\/wp-json\/wp\/v2\/posts\/21209\/revisions\/21215"}],"wp:featuredmedia":[{"embeddable":true,"href":"https:\/\/acontecenafronteira.com.br\/index.php\/wp-json\/wp\/v2\/media\/21210"}],"wp:attachment":[{"href":"https:\/\/acontecenafronteira.com.br\/index.php\/wp-json\/wp\/v2\/media?parent=21209"}],"wp:term":[{"taxonomy":"category","embeddable":true,"href":"https:\/\/acontecenafronteira.com.br\/index.php\/wp-json\/wp\/v2\/categories?post=21209"},{"taxonomy":"post_tag","embeddable":true,"href":"https:\/\/acontecenafronteira.com.br\/index.php\/wp-json\/wp\/v2\/tags?post=21209"}],"curies":[{"name":"wp","href":"https:\/\/api.w.org\/{rel}","templated":true}]}}