{"id":21202,"date":"2024-12-11T14:43:00","date_gmt":"2024-12-11T17:43:00","guid":{"rendered":"https:\/\/acontecenafronteira.com.br\/?p=21202"},"modified":"2024-12-11T14:43:01","modified_gmt":"2024-12-11T17:43:01","slug":"dh-divulga-video-para-identificar-suposto-autor-de-homicidio","status":"publish","type":"post","link":"https:\/\/acontecenafronteira.com.br\/index.php\/2024\/12\/11\/dh-divulga-video-para-identificar-suposto-autor-de-homicidio\/","title":{"rendered":"DH DIVULGA VIDEO PARA IDENTIFICAR SUPOSTO AUTOR DE HOMIC\u00cdDIO"},"content":{"rendered":"\n<p>A Delegacia de Homic\u00eddios de Foz do Igua\u00e7u divulgou nesta quarta-feira (11\/12) um video de c\u00e2meras de seguran\u00e7a para tentar identificar um suspeito de praticar crime homic\u00eddio, ocorrido no dia 28\/10\/2024, na regi\u00e3o do Jardim Atlantis, no bairro Alvorada, que vitimou a pessoa de Luiz Felipe de Aparecido Almeida. Na ocasi\u00e3o a v\u00edtima foi alvejada por diversos disparos de arma de fogo. As imagens divulgadas s\u00e3o de uma c\u00e2mera de vigil\u00e2ncia na circunvizinhan\u00e7a do local onde ocorreu o crime e demonstram o prov\u00e1vel autor do delito observando a casa da v\u00edtima. At\u00e9 o momento n\u00e3o foi poss\u00edvel obter a qualifica\u00e7\u00e3o do indiv\u00edduo que aparece nas imagens.<br>DENUNCIAS &#8211; A PCPR solicita a colabora\u00e7\u00e3o da popula\u00e7\u00e3o com informa\u00e7\u00f5es que auxiliem na identifica\u00e7\u00e3o e localiza\u00e7\u00e3o do indiv\u00edduo das imagens publicadas. As informa\u00e7\u00f5es podem ser repassadas de forma an\u00f4nima, pelo n\u00famero (45) 9 9932-1176, diretamente \u00e0 equipe de investiga\u00e7\u00e3o.<\/p>\n\n\n\n<figure class=\"wp-block-video\"><video height=\"1080\" style=\"aspect-ratio: 1920 \/ 1080;\" width=\"1920\" controls src=\"https:\/\/acontecenafronteira.com.br\/wp-content\/uploads\/2024\/12\/WhatsApp-Video-2024-12-11-at-14.19.38.mp4\"><\/video><\/figure>\n","protected":false},"excerpt":{"rendered":"<p>A Delegacia de Homic\u00eddios de Foz do Igua\u00e7u divulgou nesta quarta-feira (11\/12) um video de c\u00e2meras de seguran\u00e7a para tentar identificar um suspeito de praticar crime homic\u00eddio, ocorrido no dia 28\/10\/2024, na regi\u00e3o do Jardim Atlantis, no bairro Alvorada, que vitimou a pessoa de Luiz Felipe de Aparecido Almeida. Na ocasi\u00e3o a v\u00edtima foi alvejada [&hellip;]<\/p>\n","protected":false},"author":2,"featured_media":21204,"comment_status":"open","ping_status":"open","sticky":false,"template":"","format":"standard","meta":{"om_disable_all_campaigns":false,"_monsterinsights_skip_tracking":false,"_monsterinsights_sitenote_active":false,"_monsterinsights_sitenote_note":"","_monsterinsights_sitenote_category":0,"footnotes":""},"categories":[4,5],"tags":[],"class_list":["post-21202","post","type-post","status-publish","format-standard","has-post-thumbnail","hentry","category-cidade","category-policia"],"_links":{"self":[{"href":"https:\/\/acontecenafronteira.com.br\/index.php\/wp-json\/wp\/v2\/posts\/21202","targetHints":{"allow":["GET"]}}],"collection":[{"href":"https:\/\/acontecenafronteira.com.br\/index.php\/wp-json\/wp\/v2\/posts"}],"about":[{"href":"https:\/\/acontecenafronteira.com.br\/index.php\/wp-json\/wp\/v2\/types\/post"}],"author":[{"embeddable":true,"href":"https:\/\/acontecenafronteira.com.br\/index.php\/wp-json\/wp\/v2\/users\/2"}],"replies":[{"embeddable":true,"href":"https:\/\/acontecenafronteira.com.br\/index.php\/wp-json\/wp\/v2\/comments?post=21202"}],"version-history":[{"count":1,"href":"https:\/\/acontecenafronteira.com.br\/index.php\/wp-json\/wp\/v2\/posts\/21202\/revisions"}],"predecessor-version":[{"id":21205,"href":"https:\/\/acontecenafronteira.com.br\/index.php\/wp-json\/wp\/v2\/posts\/21202\/revisions\/21205"}],"wp:featuredmedia":[{"embeddable":true,"href":"https:\/\/acontecenafronteira.com.br\/index.php\/wp-json\/wp\/v2\/media\/21204"}],"wp:attachment":[{"href":"https:\/\/acontecenafronteira.com.br\/index.php\/wp-json\/wp\/v2\/media?parent=21202"}],"wp:term":[{"taxonomy":"category","embeddable":true,"href":"https:\/\/acontecenafronteira.com.br\/index.php\/wp-json\/wp\/v2\/categories?post=21202"},{"taxonomy":"post_tag","embeddable":true,"href":"https:\/\/acontecenafronteira.com.br\/index.php\/wp-json\/wp\/v2\/tags?post=21202"}],"curies":[{"name":"wp","href":"https:\/\/api.w.org\/{rel}","templated":true}]}}