{"id":21172,"date":"2024-12-10T13:21:00","date_gmt":"2024-12-10T16:21:00","guid":{"rendered":"https:\/\/acontecenafronteira.com.br\/?p=21172"},"modified":"2024-12-10T13:21:01","modified_gmt":"2024-12-10T16:21:01","slug":"operacao-conjunta-apreende-165-kg-de-drogas-na-br-277","status":"publish","type":"post","link":"https:\/\/acontecenafronteira.com.br\/index.php\/2024\/12\/10\/operacao-conjunta-apreende-165-kg-de-drogas-na-br-277\/","title":{"rendered":"Opera\u00e7\u00e3o conjunta apreende 165 kg de drogas na BR-277"},"content":{"rendered":"\n<p>Uma a\u00e7\u00e3o integrada envolvendo a Pol\u00edcia Civil do Paran\u00e1 (PCPR), por meio da Divis\u00e3o Estadual de Narc\u00f3ticos (DENARC) de Foz do Igua\u00e7u, a Pol\u00edcia Rodovi\u00e1ria Federal (PRF) e a Guarda Municipal de Campo Largo resultou na apreens\u00e3o de 165 kg de maconha tipo capulho e na pris\u00e3o de cinco suspeitos em Campo Largo, na Regi\u00e3o Metropolitana de Curitiba.<\/p>\n\n\n\n<p>A opera\u00e7\u00e3o foi deflagrada na BR-277 ap\u00f3s investiga\u00e7\u00f5es da DENARC, que identificaram um ve\u00edculo Onix transportando entorpecentes de Foz do Igua\u00e7u com destino a Curitiba. Um autom\u00f3vel Fox atuava como batedor, verificando poss\u00edveis barreiras policiais.<\/p>\n\n\n\n<p>Durante a abordagem, as equipes localizaram a droga distribu\u00edda em um dos carros. O material foi apreendido e os ve\u00edculos encaminhados para per\u00edcia. Os envolvidos foram detidos e levados \u00e0 delegacia, onde permanecem \u00e0 disposi\u00e7\u00e3o da Justi\u00e7a.<\/p>\n\n\n\n<p>O delegado Rodrigo Colombelli, da DENARC de Foz do Igua\u00e7u, destacou a relev\u00e2ncia da coopera\u00e7\u00e3o entre as for\u00e7as de seguran\u00e7a. \u201cEssa opera\u00e7\u00e3o evidencia a import\u00e2ncia da troca de informa\u00e7\u00f5es no enfrentamento ao narcotr\u00e1fico, especialmente em rodovias estrat\u00e9gicas como a BR-277\u201d, afirmou.<\/p>\n\n\n\n<p>A a\u00e7\u00e3o reafirma o compromisso das autoridades na desarticula\u00e7\u00e3o de redes criminosas no estado.<br>fonte: DENARC-FOZ<\/p>\n\n\n\n<figure class=\"wp-block-video\"><video height=\"850\" style=\"aspect-ratio: 382 \/ 850;\" width=\"382\" controls src=\"https:\/\/acontecenafronteira.com.br\/wp-content\/uploads\/2024\/12\/WhatsApp-Video-2024-12-09-at-15.41.59.mp4\"><\/video><\/figure>\n","protected":false},"excerpt":{"rendered":"<p>Uma a\u00e7\u00e3o integrada envolvendo a Pol\u00edcia Civil do Paran\u00e1 (PCPR), por meio da Divis\u00e3o Estadual de Narc\u00f3ticos (DENARC) de Foz do Igua\u00e7u, a Pol\u00edcia Rodovi\u00e1ria Federal (PRF) e a Guarda Municipal de Campo Largo resultou na apreens\u00e3o de 165 kg de maconha tipo capulho e na pris\u00e3o de cinco suspeitos em Campo Largo, na Regi\u00e3o [&hellip;]<\/p>\n","protected":false},"author":2,"featured_media":21174,"comment_status":"open","ping_status":"open","sticky":false,"template":"","format":"standard","meta":{"om_disable_all_campaigns":false,"_monsterinsights_skip_tracking":false,"_monsterinsights_sitenote_active":false,"_monsterinsights_sitenote_note":"","_monsterinsights_sitenote_category":0,"footnotes":""},"categories":[26,4,21,5],"tags":[],"class_list":["post-21172","post","type-post","status-publish","format-standard","has-post-thumbnail","hentry","category-brasil","category-cidade","category-fronteira","category-policia"],"_links":{"self":[{"href":"https:\/\/acontecenafronteira.com.br\/index.php\/wp-json\/wp\/v2\/posts\/21172","targetHints":{"allow":["GET"]}}],"collection":[{"href":"https:\/\/acontecenafronteira.com.br\/index.php\/wp-json\/wp\/v2\/posts"}],"about":[{"href":"https:\/\/acontecenafronteira.com.br\/index.php\/wp-json\/wp\/v2\/types\/post"}],"author":[{"embeddable":true,"href":"https:\/\/acontecenafronteira.com.br\/index.php\/wp-json\/wp\/v2\/users\/2"}],"replies":[{"embeddable":true,"href":"https:\/\/acontecenafronteira.com.br\/index.php\/wp-json\/wp\/v2\/comments?post=21172"}],"version-history":[{"count":1,"href":"https:\/\/acontecenafronteira.com.br\/index.php\/wp-json\/wp\/v2\/posts\/21172\/revisions"}],"predecessor-version":[{"id":21175,"href":"https:\/\/acontecenafronteira.com.br\/index.php\/wp-json\/wp\/v2\/posts\/21172\/revisions\/21175"}],"wp:featuredmedia":[{"embeddable":true,"href":"https:\/\/acontecenafronteira.com.br\/index.php\/wp-json\/wp\/v2\/media\/21174"}],"wp:attachment":[{"href":"https:\/\/acontecenafronteira.com.br\/index.php\/wp-json\/wp\/v2\/media?parent=21172"}],"wp:term":[{"taxonomy":"category","embeddable":true,"href":"https:\/\/acontecenafronteira.com.br\/index.php\/wp-json\/wp\/v2\/categories?post=21172"},{"taxonomy":"post_tag","embeddable":true,"href":"https:\/\/acontecenafronteira.com.br\/index.php\/wp-json\/wp\/v2\/tags?post=21172"}],"curies":[{"name":"wp","href":"https:\/\/api.w.org\/{rel}","templated":true}]}}