{"id":21163,"date":"2024-12-10T13:04:00","date_gmt":"2024-12-10T16:04:00","guid":{"rendered":"https:\/\/acontecenafronteira.com.br\/?p=21163"},"modified":"2024-12-10T13:04:01","modified_gmt":"2024-12-10T16:04:01","slug":"foz-do-iguacu-inaugura-atendimento-veterinario-gratuito-para-tutores-de-baixa-renda-e-protetores-de-animais","status":"publish","type":"post","link":"https:\/\/acontecenafronteira.com.br\/index.php\/2024\/12\/10\/foz-do-iguacu-inaugura-atendimento-veterinario-gratuito-para-tutores-de-baixa-renda-e-protetores-de-animais\/","title":{"rendered":"Foz do Igua\u00e7u inaugura atendimento veterin\u00e1rio gratuito para tutores de baixa renda e protetores de animais,"},"content":{"rendered":"\n<p>Nesta segunda-feira, 09 de dezembro, a Prefeitura de Foz do Igua\u00e7u deu in\u00edcio a um servi\u00e7o in\u00e9dito no munic\u00edpio: o atendimento m\u00e9dico-hospitalar veterin\u00e1rio gratuito, voltado para c\u00e3es e gatos de tutores de baixa renda, ONGs e protetores independentes. O servi\u00e7o, pioneiro na regi\u00e3o, funcionar\u00e1 24 horas por dia, consolidando a cidade como refer\u00eancia na prote\u00e7\u00e3o e cuidado animal no Paran\u00e1.<br>O hospital veterin\u00e1rio est\u00e1 localizado na Vila Yolanda, na Avenida Igua\u00e7u, 593, e atender\u00e1 exclusivamente casos de urg\u00eancia e emerg\u00eancia. A iniciativa busca garantir que os animais de fam\u00edlias em situa\u00e7\u00e3o de vulnerabilidade, bem como os resgatados por protetores e organiza\u00e7\u00f5es de defesa animal, tenham acesso a cuidados essenciais sem custo.<br>A Vereadora Protetora de Animais Carol Dedonatti, uma das vozes mais ativas na causa, comemorou a inaugura\u00e7\u00e3o e ressaltou o impacto positivo da medida.<\/p>\n\n\n\n<blockquote class=\"wp-block-quote is-layout-flow wp-block-quote-is-layout-flow\">\n<p> &#8220;\u00c9 um grande avan\u00e7o para a causa animal. A luta de todo um mandato deu resultado, e agora pessoas vulner\u00e1veis ter\u00e3o acesso a um servi\u00e7o gratuito e de qualidade para seus PETs. \u00c9 uma conquista que vai salvar vidas e trazer dignidade tanto para os tutores quanto para os animais&#8221;, destacou.<\/p>\n<\/blockquote>\n\n\n\n<p><br>Al\u00e9m do impacto social e animal, a medida tamb\u00e9m \u00e9 um marco na pol\u00edtica p\u00fablica municipal, sendo um dos primeiros projetos do g\u00eanero implementados no Paran\u00e1. O contrato inicial do servi\u00e7o ter\u00e1 vig\u00eancia de um ano, com possibilidade de prorroga\u00e7\u00e3o por at\u00e9 60 meses, garantindo a continuidade do atendimento a longo prazo.<br>A a\u00e7\u00e3o \u00e9 resultado de um trabalho conjunto entre a Prefeitura e representantes da causa animal, que ao longo de anos mobilizaram esfor\u00e7os para viabilizar o projeto. Para Dedonatti, o momento \u00e9 de celebra\u00e7\u00e3o e reconhecimento do trabalho \u00e1rduo de quem luta pelos direitos dos animais.<br>Avan\u00e7os na causa animal em Foz do Igua\u00e7u<br>O novo hospital veterin\u00e1rio \u00e9 um marco que beneficia n\u00e3o apenas os tutores, mas tamb\u00e9m as organiza\u00e7\u00f5es e protetores que atuam na linha de frente do resgate e cuidado animal. Em Foz do Igua\u00e7u, onde os \u00edndices de abandono e maus-tratos ainda s\u00e3o desafiadores, a estrutura ser\u00e1 um al\u00edvio para muitos.<br>Segundo dados de organiza\u00e7\u00f5es locais, centenas de animais resgatados mensalmente dependem do apoio de protetores independentes e ONGs, que frequentemente enfrentam dificuldades financeiras para arcar com os custos de atendimento veterin\u00e1rio. O novo servi\u00e7o aliviar\u00e1 essa carga, permitindo que mais vidas sejam salvas.<br>Como acessar o servi\u00e7o<br>O atendimento no hospital veterin\u00e1rio \u00e9 destinado exclusivamente a casos de urg\u00eancia e emerg\u00eancia. Para acessar o servi\u00e7o, tutores de baixa renda devem apresentar comprova\u00e7\u00e3o de vulnerabilidade econ\u00f4mica, como inscri\u00e7\u00e3o em programas sociais. ONGs e protetores independentes tamb\u00e9m ter\u00e3o acesso ao servi\u00e7o mediante cadastro.<br>\ud83d\udccd Endere\u00e7o: Av. Igua\u00e7u, 593, Vila Yolanda<br>\u23f0 Funcionamento: 24 horas por dia<br>\ud83d\udcc5 Contrato: Vig\u00eancia de 1 ano, com possibilidade de extens\u00e3o por at\u00e9 60 meses<br>Essa iniciativa n\u00e3o apenas refor\u00e7a o compromisso de Foz do Igua\u00e7u com a causa animal, mas tamb\u00e9m promove um impacto social significativo, garantindo que os animais, independentemente da condi\u00e7\u00e3o financeira de seus tutores, tenham acesso \u00e0 sa\u00fade e bem-estar.<\/p>\n\n\n\n<figure class=\"wp-block-video\"><video height=\"478\" style=\"aspect-ratio: 848 \/ 478;\" width=\"848\" controls src=\"https:\/\/acontecenafronteira.com.br\/wp-content\/uploads\/2024\/12\/WhatsApp-Video-2024-12-09-at-14.00.57.mp4\"><\/video><\/figure>\n","protected":false},"excerpt":{"rendered":"<p>Nesta segunda-feira, 09 de dezembro, a Prefeitura de Foz do Igua\u00e7u deu in\u00edcio a um servi\u00e7o in\u00e9dito no munic\u00edpio: o atendimento m\u00e9dico-hospitalar veterin\u00e1rio gratuito, voltado para c\u00e3es e gatos de tutores de baixa renda, ONGs e protetores independentes. O servi\u00e7o, pioneiro na regi\u00e3o, funcionar\u00e1 24 horas por dia, consolidando a cidade como refer\u00eancia na prote\u00e7\u00e3o [&hellip;]<\/p>\n","protected":false},"author":2,"featured_media":21165,"comment_status":"open","ping_status":"open","sticky":false,"template":"","format":"standard","meta":{"om_disable_all_campaigns":false,"_monsterinsights_skip_tracking":false,"_monsterinsights_sitenote_active":false,"_monsterinsights_sitenote_note":"","_monsterinsights_sitenote_category":0,"footnotes":""},"categories":[1],"tags":[],"class_list":["post-21163","post","type-post","status-publish","format-standard","has-post-thumbnail","hentry","category-sem-categoria"],"_links":{"self":[{"href":"https:\/\/acontecenafronteira.com.br\/index.php\/wp-json\/wp\/v2\/posts\/21163","targetHints":{"allow":["GET"]}}],"collection":[{"href":"https:\/\/acontecenafronteira.com.br\/index.php\/wp-json\/wp\/v2\/posts"}],"about":[{"href":"https:\/\/acontecenafronteira.com.br\/index.php\/wp-json\/wp\/v2\/types\/post"}],"author":[{"embeddable":true,"href":"https:\/\/acontecenafronteira.com.br\/index.php\/wp-json\/wp\/v2\/users\/2"}],"replies":[{"embeddable":true,"href":"https:\/\/acontecenafronteira.com.br\/index.php\/wp-json\/wp\/v2\/comments?post=21163"}],"version-history":[{"count":1,"href":"https:\/\/acontecenafronteira.com.br\/index.php\/wp-json\/wp\/v2\/posts\/21163\/revisions"}],"predecessor-version":[{"id":21166,"href":"https:\/\/acontecenafronteira.com.br\/index.php\/wp-json\/wp\/v2\/posts\/21163\/revisions\/21166"}],"wp:featuredmedia":[{"embeddable":true,"href":"https:\/\/acontecenafronteira.com.br\/index.php\/wp-json\/wp\/v2\/media\/21165"}],"wp:attachment":[{"href":"https:\/\/acontecenafronteira.com.br\/index.php\/wp-json\/wp\/v2\/media?parent=21163"}],"wp:term":[{"taxonomy":"category","embeddable":true,"href":"https:\/\/acontecenafronteira.com.br\/index.php\/wp-json\/wp\/v2\/categories?post=21163"},{"taxonomy":"post_tag","embeddable":true,"href":"https:\/\/acontecenafronteira.com.br\/index.php\/wp-json\/wp\/v2\/tags?post=21163"}],"curies":[{"name":"wp","href":"https:\/\/api.w.org\/{rel}","templated":true}]}}