{"id":21018,"date":"2024-12-01T19:00:36","date_gmt":"2024-12-01T22:00:36","guid":{"rendered":"https:\/\/acontecenafronteira.com.br\/?p=21018"},"modified":"2024-12-01T19:00:37","modified_gmt":"2024-12-01T22:00:37","slug":"abertura-do-natal-de-aguas-e-luzes-em-foz-teve-espetaculo-e-acendimento-de-luzes","status":"publish","type":"post","link":"https:\/\/acontecenafronteira.com.br\/index.php\/2024\/12\/01\/abertura-do-natal-de-aguas-e-luzes-em-foz-teve-espetaculo-e-acendimento-de-luzes\/","title":{"rendered":"Abertura do Natal de \u00c1guas e Luzes em Foz teve espet\u00e1culo e acendimento de luzes"},"content":{"rendered":"\n<p><em>Mais de 5 mil pessoas foram \u00e0 Pra\u00e7a da Paz assistir ao espet\u00e1culo \u201cQuebra-Nozes\u201d, que ser\u00e1 reapresentado neste domingo, 01.<\/em><\/p>\n\n\n\n<p>A Energia do Natal j\u00e1 chegou aFoz do Igua\u00e7u com a abertura da programa\u00e7\u00e3o do Natal \u00c1guas e Luzes, que neste ano tem o tema Energia de Natal. Mais de 5 mil pessoas foram assistir ao espet\u00e1culo \u201cQuebra-Nozes\u201d, realizado pela Curitiba Cia de Dan\u00e7a, que proporcionou verdadeiros momentos de encantamento na Pra\u00e7a da Paz, neste s\u00e1bado, 30.<\/p>\n\n\n\n<p>Com uma hora e vinte minutos de dura\u00e7\u00e3o, o p\u00fablico acompanhou o cl\u00e1ssico de Natal, que conta a hist\u00f3ria da menina Clara: ela recebe um boneco na noite de Natal que ganha vida e a transporta para o Reino o Encantado dos Doces, onde cada encontro nesse mundo de fantasias \u00e9 representado por diferentes apresenta\u00e7\u00f5es, feitas por 38 bailarinos vindos de v\u00e1rios estados do pa\u00eds.<\/p>\n\n\n\n<p>A diretora da Companhia de Dan\u00e7a, Nicole Vanoni, conta queesta \u00e9 a terceira apresenta\u00e7\u00e3o da companhia agora em Foz, contando com anos anteriores. \u201cEstamos h\u00e1 oito anos com o espet\u00e1culo e somos respons\u00e1veis tamb\u00e9m pela apresenta\u00e7\u00e3o no Natal de Curitiba, al\u00e9m de outras cidades. Estar em Foz \u00e9 sempre um prazer, uma oportunidade de sentir esta troca com o p\u00fablico, de ver os olhos brilhando, as surpresas diante de diferentes emo\u00e7\u00f5es, a cada apresenta\u00e7\u00e3o. \u00c9 gratificante.\u201d Comemora.<\/p>\n\n\n\n<p>Emo\u00e7\u00f5es estas que a moradora de Foz do Igua\u00e7u, Roseli Weis sentiu da primeira fila, ela ficou encantada e n\u00e3o perdeu nenhum detalhe da apresenta\u00e7\u00e3o. \u201cEu achei tudo muito lindo. A apresenta\u00e7\u00e3o estava maravilhosa, as bailarinass\u00e3o maravilhosas.Vim do bairro Tr\u00eas Lagoas com minha filha, neta e a amiguinha da neta especialmente para assistir ao espet\u00e1culo.\u00c9 muito lindo o Natal aqui em Foz do Igua\u00e7u. As crian\u00e7as todos os anos querem vir, esperam ansiosas o ano inteiro.\u201d Explica.<\/p>\n\n\n\n<p><strong>Energia do Natal promove momentos de encontros<\/strong><\/p>\n\n\n\n<p>A a\u00e7\u00e3o \u00e9 uma iniciativa da Itaipu Binacional, Itaipu Parquetec e da Prefeitura Municipal. Silvana Gomes, Gerente de Turismo Sustent\u00e1vel no Itaipu Parquetecexplica que a parceria com a Funda\u00e7\u00e3o Cultural, Secretaria de Turismo, e tamb\u00e9m o apoio do Estado e do Fundo Igua\u00e7u s\u00e3o fundamentais para a realiza\u00e7\u00e3o do evento que est\u00e1 oferecendo para Foz do Igua\u00e7u decora\u00e7\u00e3o da Avenida Pedro Basso, Avenida Brasil e Pra\u00e7a da Paz, al\u00e9m da Parada de Natal e Natal Itinerante.<\/p>\n\n\n\n<p>Segundo Silvana, o objetivo \u00e9 promover encontros. \u201cO Natal \u00e9 tempo de se encontrar, as pessoas aproveitam para rever a fam\u00edlia e os amigos e nosso trabalho \u00e9 pensado para que as pessoas possam ter este momento lindo, que possam se encontrar e celebrar toda a magia, todo esse momento de uni\u00e3o e de confraterniza\u00e7\u00e3o que o Natal, simboliza.\u201d Explica e complementa, \u201cFoz, sendo uma cidade tur\u00edstica, a gente sabe que um evento como esse tamb\u00e9m significa a gente ter mais oportunidade, mais experi\u00eancias para quem est\u00e1 nos visitando, mas principalmente para os nossos moradores. Para que as pessoas possam vir, curtir diariamente apresenta\u00e7\u00f5es art\u00edsticas e aproveitar da beleza de toda a decora\u00e7\u00e3o que est\u00e1 sendo disponibilizada a partir de hoje para a cidade.\u201d Pontua.<\/p>\n\n\n\n<p>Os turistas tamb\u00e9m aproveitam, como Maria Borges, turista do Rio de Janeiro, que veio passear em Foz com a fam\u00edlia, e disse que foi uma surpresa encontrar na agenda da cidade a abertura do Natal, enquanto fazia suas fotos e v\u00eddeos para n\u00e3o perder nenhum momento da viagem. \u201cVim passear, conhecer as Cataratas, e fiquei encantada com as apresenta\u00e7\u00f5es e as luzes. Natal \u00e9 uma tradi\u00e7\u00e3o, \u00e9 maravilhoso unir a fam\u00edlia e no dia de hoje estar aqui neste evento para mim significa sentir amor. Vou ficar at\u00e9 segunda na cidade e pretendo voltar aqui na pra\u00e7a.\u201d Garante.<\/p>\n\n\n\n<p><strong>Energia do Natal para construir mem\u00f3rias<\/strong><\/p>\n\n\n\n<p>Se os adultos j\u00e1 estavam gostando, as crian\u00e7as estavam maravilhadas. Ap\u00f3s a apresenta\u00e7\u00e3o do espet\u00e1culo e a abertura da ilumina\u00e7\u00e3o de Natal, a Ana Luiza da Silva, filha da ThayaneKetlen Rodrigues da Silva Melo, brincou por entre os enfeites com toda a magia e imagina\u00e7\u00e3o que a inf\u00e2ncia permite em um cen\u00e1rio que vai ficar para sempre na mem\u00f3ria. \u201cEst\u00e1 sendo uma noite maravilhosa, a gente soube que ia ter o show, mas n\u00e3o sabia que al\u00e9m do espet\u00e1culo iriam acender as luzes tamb\u00e9m ent\u00e3o foi uma surpresa. Viemos do Parque Presidente para acompanhar e est\u00e1 tudo muito lindo.\u201d Comenta.<\/p>\n\n\n\n<p>O Theo Gon\u00e7alves estava com o pai, Harison Gon\u00e7alves. Eles moram na Vila A, e estavam passeando pr\u00f3ximo ao centro quando viram a decora\u00e7\u00e3o, acharam bonita e resolveram chegar. \u201cEst\u00e1 sendo muito legal, estamos nos divertindo bastante, a ilumina\u00e7\u00e3o est\u00e1 muito bonita. Tudo est\u00e1 muito lindo.\u201d Explica.<\/p>\n\n\n\n<p><strong>Energia do Natal que gera emprego e renda<\/strong><\/p>\n\n\n\n<p>Realizar o Natal em Foz \u00e9 sempre um grande desafio, conta Juca Rodrigues, diretor-presidente da Funda\u00e7\u00e3o Cultural, por isso \u00e9 um evento feito a v\u00e1rias m\u00e3os, com um conjunto de parcerias que possibilita a realiza\u00e7\u00e3o do Natalna cidade. \u201cAssim como o Gramad\u00e3o da Vila A, a popula\u00e7\u00e3o j\u00e1 reconhece a Pra\u00e7a da Paz como um dos principais espa\u00e7os do Natal. Aqui na pra\u00e7a temos as pessoas que moram no centro, as que est\u00e3o circulando por aqui, os turistas e tamb\u00e9m as pessoas que v\u00eam dos bairros para prestigiar, sem falar da oportunidade de gera\u00e7\u00e3o de empregos diretos e indiretos\u201d. Conta. \u201cA gente chama de cadeia produtiva da cultura, porque s\u00e3o v\u00e1rios profissionais que est\u00e3o ligados direta ou indiretamente, desde os profissionais que montam o palco, instalam a ilumina\u00e7\u00e3o, os artistas, os motoristas de t\u00e1xi e de aplicativos e tamb\u00e9m os feirantes que aproveitam o per\u00edodo para conseguir uma renda extra. E esta renda ele muitas vezes precisa contratar ajuda, compra os insumos no com\u00e9rcio local e tudo isso reflete na economia girando dentro do bairro e dentro da cidade.\u201d Pontua.<\/p>\n\n\n\n<p>A Feira de Natal \u00e9 realizada desde 2017, neste ano ela estar\u00e1 montada at\u00e9 o dia 05 de janeiro. A feirante Zenaide Vaz fabrica capivaras em casa e as vende em alguns atrativos tur\u00edsticos de Foz do Igua\u00e7u. Esta \u00e9 a segunda vez que ela participa da Feira de Natal e est\u00e1 otimista para vender muitas capivarinhas para quem visitar a feira e com isso conseguir uma renda extra. \u201cTem bastante gente, bastante p\u00fablico e as pessoas est\u00e3o felizes e isso nos ajuda a vender mais. Hoje eu consegui vender bem e espero que siga assim nos outros dias tamb\u00e9m.\u201d Comemora e finaliza.<\/p>\n\n\n\n<p><strong>Programa\u00e7\u00e3o de Natal<\/strong><\/p>\n\n\n\n<p>A a\u00e7\u00e3o Energia de Natal \u00e9 uma iniciativa da Itaipu Binacional, Itaipu Parquetec, Prefeitura Municipal de Foz do Igua\u00e7u, Foz do Igua\u00e7u Destino do Mundo, Funda\u00e7\u00e3o Cultural, com o Apoio do Estado do Paran\u00e1, Fundo Igua\u00e7u, Foztrans, Guarda Municipal e Pol\u00edcia Militar.<\/p>\n\n\n\n<p>A comunidade de Foz do Igua\u00e7u e da regi\u00e3o e os turistas do Destino Igua\u00e7u est\u00e3o convidados a prestigiar o Natal \u00c1guas e Luzes, com o acendimento de luzes da Avenida Pedro Basso neste domingo, dia 01, a partir das 19h.<\/p>\n\n\n\n<p>E tamb\u00e9m neste domingo, a partir das 20h, haver\u00e1 a reapresenta\u00e7\u00e3o do espet\u00e1culo \u201cQuebra-Nozes\u201d na Pra\u00e7a da Paz,com a presen\u00e7a do Papai Noel e o acendimento das luzes. A Feira do Natal inicia suas atividades a partir das 18h.<\/p>\n\n\n\n<p>Durante o m\u00eas de dezembro haver\u00e1 diferentes atividades. A Pra\u00e7a da Paz ter\u00e1 atra\u00e7\u00f5es todos os dias juntamente com a Feira de Natal, exceto \u00e0s segundas-feiras. As decora\u00e7\u00f5es permanecer\u00e3o at\u00e9 o dia 05 de janeiro.<\/p>\n\n\n\n<p><strong>Confira a programa\u00e7\u00e3o:<\/strong><\/p>\n\n\n\n<p><strong>01\/12<\/strong><\/p>\n\n\n\n<p>19h: Acendimento das luzes na Avenida Pedro Basso<\/p>\n\n\n\n<p>20h: Espet\u00e1culo Quebra Nozes \u2013 Pra\u00e7a da Paz \u2013 com a presen\u00e7a do Papai Noel e acendimento das luzes.<\/p>\n\n\n\n<p><strong>07\/12<\/strong> \u2013 20h: Abertura Oficial Natal \u2013 Gramad\u00e3o<\/p>\n\n\n\n<p><strong>08\/12<\/strong> \u2013 18h: Show Gramad\u00e3o: Padre Reginaldo Manzzoti<\/p>\n\n\n\n<p><strong>Paradas de Natal:<\/strong><\/p>\n\n\n\n<p><strong>20\/12<\/strong> \u2013 20h: Av. Jorge Schimmelpfeng- Apresenta\u00e7\u00f5es art\u00edsticas &#8220;Energia de Natal&#8221;.<\/p>\n\n\n\n<p><strong>21\/12<\/strong> \u2013 20h: Av. Jorge Schimmelpfeng &#8211; Apresenta\u00e7\u00f5es art\u00edsticas &#8220;Energia de Natal&#8221;.<\/p>\n\n\n\n<p><strong>22\/12<\/strong> \u2013 20h: Av. Jorge Schimmelpfeng &#8211; Apresenta\u00e7\u00f5es art\u00edsticas &#8220;Energia de Natal&#8221;.<\/p>\n\n\n\n<p><strong>23\/12<\/strong> \u2013 20h: Morumbi &#8211; Parada de Natal &#8220;Pocket&#8221; &#8211; Apresenta\u00e7\u00f5es art\u00edsticas &#8220;Energia de Natal&#8221;.<\/p>\n\n\n\n<p><strong>Oficina do Senhor Noel com a Carreta Itinerante<\/strong><\/p>\n\n\n\n<p><strong>03\/12<\/strong>&#8211; 20h: Bubas \u2013 Centro de Conviv\u00eancia Francisco Bubas<\/p>\n\n\n\n<p><strong>04\/12<\/strong>&#8211; 20h: Pra\u00e7a da B\u00edblia \u2013 Centro de Conviv\u00eancia do Idoso<\/p>\n\n\n\n<p><strong>05\/12<\/strong>&#8211; 20h: Pra\u00e7a Tr\u00eas Lagoas \u2013 Centro Escola Bairro Leonel Brizola<\/p>\n\n\n\n<p><strong>06\/12<\/strong>&#8211; 20h: Pra\u00e7a Tr\u00eas Bandeiras \u2013 Associa\u00e7\u00e3o de Moradores<\/p>\n\n\n\n<p><strong>07\/12<\/strong>&#8211; 20h: Biblioteca Cidade Nova \u2013 Escola Jorge Amado<\/p>\n\n\n\n<p><strong>08\/12<\/strong>&#8211; 20h: Gin\u00e1sio Ronaldo Schmidel Nunes \u2013 Centro Escola Bairro Professor Darci Zanata<\/p>\n\n\n\n<p><strong>09\/12<\/strong>&#8211; 20h: Mercado P\u00fablico Barrageiro<\/p>\n\n\n\n<p><strong>10\/12<\/strong>&#8211; 20h: Conselho Comunit\u00e1rio Da Vila C \u2013 Escola Arnaldo Isidoro de Lima<\/p>\n\n\n\n<p><strong>12\/12<\/strong>&#8211; 20h: Santa Terezinha de Itaipu<\/p>\n\n\n\n<p><strong>13\/12<\/strong>&#8211; 20h: S\u00e3o Miguel<\/p>\n\n\n\n<p><strong>14\/12<\/strong>&#8211; 20h: Medianeira<\/p>\n\n\n\n<p><strong>15\/12<\/strong>&#8211; 20h: Itaipul\u00e2ndia<\/p>\n\n\n\n<p><strong>16\/12<\/strong>&#8211; 20h: Missal<\/p>\n\n\n\n<p><strong>17\/12<\/strong>&#8211; 20h: Diamante D&#8217;Oeste<\/p>\n\n\n\n<p><strong>18\/12<\/strong>&#8211; 20h: Santa Helena<\/p>\n\n\n\n<p><strong>19\/12<\/strong>&#8211; 20h: Entre Rios<\/p>\n\n\n\n<p><strong>20\/12<\/strong>&#8211; 20h: Marechal C. Rondon<\/p>\n\n\n\n<p><strong>21\/12<\/strong>&#8211; 20h: Gua\u00edra<\/p>\n\n\n\n<p><strong>22\/12<\/strong>&#8211; 20h: Mundo Novo<\/p>\n\n\n\n<p>Assessoria de Imprensa Natal \u00c1guas e Luzes<\/p>\n\n\n\n<p>Daniela Pereira \u2013 45 99980-2170<\/p>\n\n\n\n<figure class=\"wp-block-gallery has-nested-images columns-default is-cropped wp-block-gallery-1 is-layout-flex wp-block-gallery-is-layout-flex\">\n<figure class=\"wp-block-image size-large\"><img loading=\"lazy\" decoding=\"async\" width=\"1024\" height=\"682\" data-id=\"21023\" src=\"https:\/\/acontecenafronteira.com.br\/wp-content\/uploads\/2024\/12\/WhatsApp-Image-2024-12-01-at-18.50.27-2-1024x682.jpeg?v=1733090415\" alt=\"\" class=\"wp-image-21023\" srcset=\"https:\/\/acontecenafronteira.com.br\/wp-content\/uploads\/2024\/12\/WhatsApp-Image-2024-12-01-at-18.50.27-2-1024x682.jpeg?v=1733090415 1024w, https:\/\/acontecenafronteira.com.br\/wp-content\/uploads\/2024\/12\/WhatsApp-Image-2024-12-01-at-18.50.27-2-300x200.jpeg?v=1733090415 300w, https:\/\/acontecenafronteira.com.br\/wp-content\/uploads\/2024\/12\/WhatsApp-Image-2024-12-01-at-18.50.27-2-768x512.jpeg?v=1733090415 768w, https:\/\/acontecenafronteira.com.br\/wp-content\/uploads\/2024\/12\/WhatsApp-Image-2024-12-01-at-18.50.27-2-1536x1023.jpeg?v=1733090415 1536w, https:\/\/acontecenafronteira.com.br\/wp-content\/uploads\/2024\/12\/WhatsApp-Image-2024-12-01-at-18.50.27-2.jpeg?v=1733090415 1600w\" sizes=\"auto, (max-width: 1024px) 100vw, 1024px\" \/><\/figure>\n\n\n\n<figure class=\"wp-block-image size-large\"><img loading=\"lazy\" decoding=\"async\" width=\"1024\" height=\"682\" data-id=\"21026\" src=\"https:\/\/acontecenafronteira.com.br\/wp-content\/uploads\/2024\/12\/WhatsApp-Image-2024-12-01-at-18.50.27-1-1024x682.jpeg?v=1733090415\" alt=\"\" class=\"wp-image-21026\" srcset=\"https:\/\/acontecenafronteira.com.br\/wp-content\/uploads\/2024\/12\/WhatsApp-Image-2024-12-01-at-18.50.27-1-1024x682.jpeg?v=1733090415 1024w, https:\/\/acontecenafronteira.com.br\/wp-content\/uploads\/2024\/12\/WhatsApp-Image-2024-12-01-at-18.50.27-1-300x200.jpeg?v=1733090415 300w, https:\/\/acontecenafronteira.com.br\/wp-content\/uploads\/2024\/12\/WhatsApp-Image-2024-12-01-at-18.50.27-1-768x512.jpeg?v=1733090415 768w, https:\/\/acontecenafronteira.com.br\/wp-content\/uploads\/2024\/12\/WhatsApp-Image-2024-12-01-at-18.50.27-1-1536x1023.jpeg?v=1733090415 1536w, https:\/\/acontecenafronteira.com.br\/wp-content\/uploads\/2024\/12\/WhatsApp-Image-2024-12-01-at-18.50.27-1.jpeg?v=1733090415 1600w\" sizes=\"auto, (max-width: 1024px) 100vw, 1024px\" \/><\/figure>\n\n\n\n<figure class=\"wp-block-image size-large\"><img loading=\"lazy\" decoding=\"async\" width=\"1024\" height=\"682\" data-id=\"21025\" src=\"https:\/\/acontecenafronteira.com.br\/wp-content\/uploads\/2024\/12\/WhatsApp-Image-2024-12-01-at-18.50.27-1024x682.jpeg?v=1733090415\" alt=\"\" class=\"wp-image-21025\" srcset=\"https:\/\/acontecenafronteira.com.br\/wp-content\/uploads\/2024\/12\/WhatsApp-Image-2024-12-01-at-18.50.27-1024x682.jpeg?v=1733090415 1024w, https:\/\/acontecenafronteira.com.br\/wp-content\/uploads\/2024\/12\/WhatsApp-Image-2024-12-01-at-18.50.27-300x200.jpeg?v=1733090415 300w, https:\/\/acontecenafronteira.com.br\/wp-content\/uploads\/2024\/12\/WhatsApp-Image-2024-12-01-at-18.50.27-768x512.jpeg?v=1733090415 768w, https:\/\/acontecenafronteira.com.br\/wp-content\/uploads\/2024\/12\/WhatsApp-Image-2024-12-01-at-18.50.27-1536x1023.jpeg?v=1733090415 1536w, https:\/\/acontecenafronteira.com.br\/wp-content\/uploads\/2024\/12\/WhatsApp-Image-2024-12-01-at-18.50.27.jpeg?v=1733090415 1600w\" sizes=\"auto, (max-width: 1024px) 100vw, 1024px\" \/><\/figure>\n\n\n\n<figure class=\"wp-block-image size-large\"><img loading=\"lazy\" decoding=\"async\" width=\"1024\" height=\"682\" data-id=\"21021\" src=\"https:\/\/acontecenafronteira.com.br\/wp-content\/uploads\/2024\/12\/WhatsApp-Image-2024-12-01-at-18.50.26-1-1024x682.jpeg?v=1733090415\" alt=\"\" class=\"wp-image-21021\" srcset=\"https:\/\/acontecenafronteira.com.br\/wp-content\/uploads\/2024\/12\/WhatsApp-Image-2024-12-01-at-18.50.26-1-1024x682.jpeg?v=1733090415 1024w, https:\/\/acontecenafronteira.com.br\/wp-content\/uploads\/2024\/12\/WhatsApp-Image-2024-12-01-at-18.50.26-1-300x200.jpeg?v=1733090415 300w, https:\/\/acontecenafronteira.com.br\/wp-content\/uploads\/2024\/12\/WhatsApp-Image-2024-12-01-at-18.50.26-1-768x512.jpeg?v=1733090415 768w, https:\/\/acontecenafronteira.com.br\/wp-content\/uploads\/2024\/12\/WhatsApp-Image-2024-12-01-at-18.50.26-1-1536x1023.jpeg?v=1733090415 1536w, https:\/\/acontecenafronteira.com.br\/wp-content\/uploads\/2024\/12\/WhatsApp-Image-2024-12-01-at-18.50.26-1.jpeg?v=1733090415 1600w\" sizes=\"auto, (max-width: 1024px) 100vw, 1024px\" \/><\/figure>\n\n\n\n<figure class=\"wp-block-image size-large\"><img loading=\"lazy\" decoding=\"async\" width=\"1024\" height=\"682\" data-id=\"21024\" src=\"https:\/\/acontecenafronteira.com.br\/wp-content\/uploads\/2024\/12\/WhatsApp-Image-2024-12-01-at-18.50.26-1024x682.jpeg?v=1733090415\" alt=\"\" class=\"wp-image-21024\" srcset=\"https:\/\/acontecenafronteira.com.br\/wp-content\/uploads\/2024\/12\/WhatsApp-Image-2024-12-01-at-18.50.26-1024x682.jpeg?v=1733090415 1024w, https:\/\/acontecenafronteira.com.br\/wp-content\/uploads\/2024\/12\/WhatsApp-Image-2024-12-01-at-18.50.26-300x200.jpeg?v=1733090415 300w, https:\/\/acontecenafronteira.com.br\/wp-content\/uploads\/2024\/12\/WhatsApp-Image-2024-12-01-at-18.50.26-768x512.jpeg?v=1733090415 768w, https:\/\/acontecenafronteira.com.br\/wp-content\/uploads\/2024\/12\/WhatsApp-Image-2024-12-01-at-18.50.26-1536x1023.jpeg?v=1733090415 1536w, https:\/\/acontecenafronteira.com.br\/wp-content\/uploads\/2024\/12\/WhatsApp-Image-2024-12-01-at-18.50.26.jpeg?v=1733090415 1600w\" sizes=\"auto, (max-width: 1024px) 100vw, 1024px\" \/><\/figure>\n\n\n\n<figure class=\"wp-block-image size-large\"><img loading=\"lazy\" decoding=\"async\" width=\"1024\" height=\"768\" data-id=\"21022\" src=\"https:\/\/acontecenafronteira.com.br\/wp-content\/uploads\/2024\/12\/WhatsApp-Image-2024-12-01-at-18.50.25-2-1024x768.jpeg?v=1733090416\" alt=\"\" class=\"wp-image-21022\" srcset=\"https:\/\/acontecenafronteira.com.br\/wp-content\/uploads\/2024\/12\/WhatsApp-Image-2024-12-01-at-18.50.25-2-1024x768.jpeg?v=1733090416 1024w, https:\/\/acontecenafronteira.com.br\/wp-content\/uploads\/2024\/12\/WhatsApp-Image-2024-12-01-at-18.50.25-2-300x225.jpeg?v=1733090416 300w, https:\/\/acontecenafronteira.com.br\/wp-content\/uploads\/2024\/12\/WhatsApp-Image-2024-12-01-at-18.50.25-2-768x576.jpeg?v=1733090416 768w, https:\/\/acontecenafronteira.com.br\/wp-content\/uploads\/2024\/12\/WhatsApp-Image-2024-12-01-at-18.50.25-2-1536x1152.jpeg?v=1733090416 1536w, https:\/\/acontecenafronteira.com.br\/wp-content\/uploads\/2024\/12\/WhatsApp-Image-2024-12-01-at-18.50.25-2.jpeg?v=1733090416 1600w\" sizes=\"auto, (max-width: 1024px) 100vw, 1024px\" \/><\/figure>\n\n\n\n<figure class=\"wp-block-image size-large\"><img loading=\"lazy\" decoding=\"async\" width=\"1024\" height=\"682\" data-id=\"21020\" src=\"https:\/\/acontecenafronteira.com.br\/wp-content\/uploads\/2024\/12\/WhatsApp-Image-2024-12-01-at-18.50.24-3-1024x682.jpeg?v=1733090415\" alt=\"\" class=\"wp-image-21020\" srcset=\"https:\/\/acontecenafronteira.com.br\/wp-content\/uploads\/2024\/12\/WhatsApp-Image-2024-12-01-at-18.50.24-3-1024x682.jpeg?v=1733090415 1024w, https:\/\/acontecenafronteira.com.br\/wp-content\/uploads\/2024\/12\/WhatsApp-Image-2024-12-01-at-18.50.24-3-300x200.jpeg?v=1733090415 300w, https:\/\/acontecenafronteira.com.br\/wp-content\/uploads\/2024\/12\/WhatsApp-Image-2024-12-01-at-18.50.24-3-768x512.jpeg?v=1733090415 768w, https:\/\/acontecenafronteira.com.br\/wp-content\/uploads\/2024\/12\/WhatsApp-Image-2024-12-01-at-18.50.24-3-1536x1023.jpeg?v=1733090415 1536w, https:\/\/acontecenafronteira.com.br\/wp-content\/uploads\/2024\/12\/WhatsApp-Image-2024-12-01-at-18.50.24-3.jpeg?v=1733090415 1600w\" sizes=\"auto, (max-width: 1024px) 100vw, 1024px\" \/><\/figure>\n\n\n\n<figure class=\"wp-block-image size-large\"><img loading=\"lazy\" decoding=\"async\" width=\"1024\" height=\"682\" data-id=\"21019\" src=\"https:\/\/acontecenafronteira.com.br\/wp-content\/uploads\/2024\/12\/WhatsApp-Image-2024-12-01-at-18.50.24-2-1024x682.jpeg?v=1733090415\" alt=\"\" class=\"wp-image-21019\" srcset=\"https:\/\/acontecenafronteira.com.br\/wp-content\/uploads\/2024\/12\/WhatsApp-Image-2024-12-01-at-18.50.24-2-1024x682.jpeg?v=1733090415 1024w, https:\/\/acontecenafronteira.com.br\/wp-content\/uploads\/2024\/12\/WhatsApp-Image-2024-12-01-at-18.50.24-2-300x200.jpeg?v=1733090415 300w, https:\/\/acontecenafronteira.com.br\/wp-content\/uploads\/2024\/12\/WhatsApp-Image-2024-12-01-at-18.50.24-2-768x512.jpeg?v=1733090415 768w, https:\/\/acontecenafronteira.com.br\/wp-content\/uploads\/2024\/12\/WhatsApp-Image-2024-12-01-at-18.50.24-2-1536x1023.jpeg?v=1733090415 1536w, https:\/\/acontecenafronteira.com.br\/wp-content\/uploads\/2024\/12\/WhatsApp-Image-2024-12-01-at-18.50.24-2.jpeg?v=1733090415 1600w\" sizes=\"auto, (max-width: 1024px) 100vw, 1024px\" \/><\/figure>\n<\/figure>\n\n\n\n<figure class=\"wp-block-gallery has-nested-images columns-default is-cropped wp-block-gallery-2 is-layout-flex wp-block-gallery-is-layout-flex\">\n<figure class=\"wp-block-image size-large\"><img loading=\"lazy\" decoding=\"async\" width=\"1024\" height=\"682\" data-id=\"21028\" src=\"https:\/\/acontecenafronteira.com.br\/wp-content\/uploads\/2024\/12\/WhatsApp-Image-2024-12-01-at-18.50.24-1-1024x682.jpeg?v=1733090425\" alt=\"\" class=\"wp-image-21028\" srcset=\"https:\/\/acontecenafronteira.com.br\/wp-content\/uploads\/2024\/12\/WhatsApp-Image-2024-12-01-at-18.50.24-1-1024x682.jpeg?v=1733090425 1024w, https:\/\/acontecenafronteira.com.br\/wp-content\/uploads\/2024\/12\/WhatsApp-Image-2024-12-01-at-18.50.24-1-300x200.jpeg?v=1733090425 300w, https:\/\/acontecenafronteira.com.br\/wp-content\/uploads\/2024\/12\/WhatsApp-Image-2024-12-01-at-18.50.24-1-768x512.jpeg?v=1733090425 768w, https:\/\/acontecenafronteira.com.br\/wp-content\/uploads\/2024\/12\/WhatsApp-Image-2024-12-01-at-18.50.24-1-1536x1023.jpeg?v=1733090425 1536w, https:\/\/acontecenafronteira.com.br\/wp-content\/uploads\/2024\/12\/WhatsApp-Image-2024-12-01-at-18.50.24-1.jpeg?v=1733090425 1600w\" sizes=\"auto, (max-width: 1024px) 100vw, 1024px\" \/><\/figure>\n\n\n\n<figure class=\"wp-block-image size-large\"><img loading=\"lazy\" decoding=\"async\" width=\"1024\" height=\"682\" data-id=\"21030\" src=\"https:\/\/acontecenafronteira.com.br\/wp-content\/uploads\/2024\/12\/WhatsApp-Image-2024-12-01-at-18.50.24-1024x682.jpeg?v=1733090425\" alt=\"\" class=\"wp-image-21030\" srcset=\"https:\/\/acontecenafronteira.com.br\/wp-content\/uploads\/2024\/12\/WhatsApp-Image-2024-12-01-at-18.50.24-1024x682.jpeg?v=1733090425 1024w, https:\/\/acontecenafronteira.com.br\/wp-content\/uploads\/2024\/12\/WhatsApp-Image-2024-12-01-at-18.50.24-300x200.jpeg?v=1733090425 300w, https:\/\/acontecenafronteira.com.br\/wp-content\/uploads\/2024\/12\/WhatsApp-Image-2024-12-01-at-18.50.24-768x512.jpeg?v=1733090425 768w, https:\/\/acontecenafronteira.com.br\/wp-content\/uploads\/2024\/12\/WhatsApp-Image-2024-12-01-at-18.50.24-1536x1023.jpeg?v=1733090425 1536w, https:\/\/acontecenafronteira.com.br\/wp-content\/uploads\/2024\/12\/WhatsApp-Image-2024-12-01-at-18.50.24.jpeg?v=1733090425 1600w\" sizes=\"auto, (max-width: 1024px) 100vw, 1024px\" \/><\/figure>\n\n\n\n<figure class=\"wp-block-image size-large\"><img loading=\"lazy\" decoding=\"async\" width=\"1024\" height=\"682\" data-id=\"21029\" src=\"https:\/\/acontecenafronteira.com.br\/wp-content\/uploads\/2024\/12\/WhatsApp-Image-2024-12-01-at-18.50.25-1-1024x682.jpeg?v=1733090425\" alt=\"\" class=\"wp-image-21029\" srcset=\"https:\/\/acontecenafronteira.com.br\/wp-content\/uploads\/2024\/12\/WhatsApp-Image-2024-12-01-at-18.50.25-1-1024x682.jpeg?v=1733090425 1024w, https:\/\/acontecenafronteira.com.br\/wp-content\/uploads\/2024\/12\/WhatsApp-Image-2024-12-01-at-18.50.25-1-300x200.jpeg?v=1733090425 300w, https:\/\/acontecenafronteira.com.br\/wp-content\/uploads\/2024\/12\/WhatsApp-Image-2024-12-01-at-18.50.25-1-768x512.jpeg?v=1733090425 768w, https:\/\/acontecenafronteira.com.br\/wp-content\/uploads\/2024\/12\/WhatsApp-Image-2024-12-01-at-18.50.25-1-1536x1023.jpeg?v=1733090425 1536w, https:\/\/acontecenafronteira.com.br\/wp-content\/uploads\/2024\/12\/WhatsApp-Image-2024-12-01-at-18.50.25-1.jpeg?v=1733090425 1600w\" sizes=\"auto, (max-width: 1024px) 100vw, 1024px\" \/><\/figure>\n\n\n\n<figure class=\"wp-block-image size-large\"><img loading=\"lazy\" decoding=\"async\" width=\"1024\" height=\"682\" data-id=\"21027\" src=\"https:\/\/acontecenafronteira.com.br\/wp-content\/uploads\/2024\/12\/WhatsApp-Image-2024-12-01-at-18.50.25-1024x682.jpeg?v=1733090424\" alt=\"\" class=\"wp-image-21027\" srcset=\"https:\/\/acontecenafronteira.com.br\/wp-content\/uploads\/2024\/12\/WhatsApp-Image-2024-12-01-at-18.50.25-1024x682.jpeg?v=1733090424 1024w, https:\/\/acontecenafronteira.com.br\/wp-content\/uploads\/2024\/12\/WhatsApp-Image-2024-12-01-at-18.50.25-300x200.jpeg?v=1733090424 300w, https:\/\/acontecenafronteira.com.br\/wp-content\/uploads\/2024\/12\/WhatsApp-Image-2024-12-01-at-18.50.25-768x512.jpeg?v=1733090424 768w, https:\/\/acontecenafronteira.com.br\/wp-content\/uploads\/2024\/12\/WhatsApp-Image-2024-12-01-at-18.50.25-1536x1023.jpeg?v=1733090424 1536w, https:\/\/acontecenafronteira.com.br\/wp-content\/uploads\/2024\/12\/WhatsApp-Image-2024-12-01-at-18.50.25.jpeg?v=1733090424 1600w\" sizes=\"auto, (max-width: 1024px) 100vw, 1024px\" \/><\/figure>\n<\/figure>\n","protected":false},"excerpt":{"rendered":"<p>Mais de 5 mil pessoas foram \u00e0 Pra\u00e7a da Paz assistir ao espet\u00e1culo \u201cQuebra-Nozes\u201d, que ser\u00e1 reapresentado neste domingo, 01. A Energia do Natal j\u00e1 chegou aFoz do Igua\u00e7u com a abertura da programa\u00e7\u00e3o do Natal \u00c1guas e Luzes, que neste ano tem o tema Energia de Natal. Mais de 5 mil pessoas foram assistir [&hellip;]<\/p>\n","protected":false},"author":2,"featured_media":21026,"comment_status":"open","ping_status":"open","sticky":false,"template":"","format":"standard","meta":{"om_disable_all_campaigns":false,"_monsterinsights_skip_tracking":false,"_monsterinsights_sitenote_active":false,"_monsterinsights_sitenote_note":"","_monsterinsights_sitenote_category":0,"footnotes":""},"categories":[26,4,3,13],"tags":[],"class_list":["post-21018","post","type-post","status-publish","format-standard","has-post-thumbnail","hentry","category-brasil","category-cidade","category-cultura","category-entretenimento"],"_links":{"self":[{"href":"https:\/\/acontecenafronteira.com.br\/index.php\/wp-json\/wp\/v2\/posts\/21018","targetHints":{"allow":["GET"]}}],"collection":[{"href":"https:\/\/acontecenafronteira.com.br\/index.php\/wp-json\/wp\/v2\/posts"}],"about":[{"href":"https:\/\/acontecenafronteira.com.br\/index.php\/wp-json\/wp\/v2\/types\/post"}],"author":[{"embeddable":true,"href":"https:\/\/acontecenafronteira.com.br\/index.php\/wp-json\/wp\/v2\/users\/2"}],"replies":[{"embeddable":true,"href":"https:\/\/acontecenafronteira.com.br\/index.php\/wp-json\/wp\/v2\/comments?post=21018"}],"version-history":[{"count":1,"href":"https:\/\/acontecenafronteira.com.br\/index.php\/wp-json\/wp\/v2\/posts\/21018\/revisions"}],"predecessor-version":[{"id":21031,"href":"https:\/\/acontecenafronteira.com.br\/index.php\/wp-json\/wp\/v2\/posts\/21018\/revisions\/21031"}],"wp:featuredmedia":[{"embeddable":true,"href":"https:\/\/acontecenafronteira.com.br\/index.php\/wp-json\/wp\/v2\/media\/21026"}],"wp:attachment":[{"href":"https:\/\/acontecenafronteira.com.br\/index.php\/wp-json\/wp\/v2\/media?parent=21018"}],"wp:term":[{"taxonomy":"category","embeddable":true,"href":"https:\/\/acontecenafronteira.com.br\/index.php\/wp-json\/wp\/v2\/categories?post=21018"},{"taxonomy":"post_tag","embeddable":true,"href":"https:\/\/acontecenafronteira.com.br\/index.php\/wp-json\/wp\/v2\/tags?post=21018"}],"curies":[{"name":"wp","href":"https:\/\/api.w.org\/{rel}","templated":true}]}}