{"id":20985,"date":"2024-11-30T18:19:40","date_gmt":"2024-11-30T21:19:40","guid":{"rendered":"https:\/\/acontecenafronteira.com.br\/?p=20985"},"modified":"2024-11-30T18:19:40","modified_gmt":"2024-11-30T21:19:40","slug":"itaipu-celebra-dia-internacional-da-onca-pintada","status":"publish","type":"post","link":"https:\/\/acontecenafronteira.com.br\/index.php\/2024\/11\/30\/itaipu-celebra-dia-internacional-da-onca-pintada\/","title":{"rendered":"Itaipu celebra Dia Internacional da On\u00e7a-pintada"},"content":{"rendered":"\n<p><strong><em>Data remete \u00e0 import\u00e2ncia da preserva\u00e7\u00e3o do ecossistema como um todo, para garantir a biodiversidade<\/em><\/strong><\/p>\n\n\n\n<p>A Itaipu Binacional comemorou nesta sexta-feira (29) o Dia Internacional da On\u00e7a-pintada. A data, definida durante a Conven\u00e7\u00e3o das Partes (COP) sobre Diversidade Biol\u00f3gica em 2018, reflete a import\u00e2ncia da conserva\u00e7\u00e3o dos ecossistemas para garantir a sobreviv\u00eancia do maior felino das Am\u00e9ricas.&nbsp;<\/p>\n\n\n\n<p>Como a on\u00e7a-pintada \u00e9 um animal de topo de cadeia, ele \u00e9 tamb\u00e9m considerado um s\u00edmbolo da biodiversidade, uma vez que s\u00f3 \u00e9 encontrado em ambientes com fauna e flora preservados. \u201cQuando a gente conserva a on\u00e7a-pintada, a gente conserva o ambiente em que ela pode transitar e viver, ent\u00e3o, estamos trabalhando para a conserva\u00e7\u00e3o de toda a biodiversidade\u201d, explica o veterin\u00e1rio Pedro Teles, do Ref\u00fagio Biol\u00f3gico Bela Vista, unidade de conserva\u00e7\u00e3o mantida pela Itaipu Binacional.&nbsp;<\/p>\n\n\n\n<p>No Ref\u00fagio, h\u00e1 uma longa hist\u00f3ria de preserva\u00e7\u00e3o de on\u00e7as e de sua reprodu\u00e7\u00e3o em cativeiro. No momento, s\u00e3o quatro exemplares: Valente (pai), Nena (m\u00e3e) e as filhas Jata\u00ed e Arapu\u00e1 que, coincidentemente, est\u00e3o completando dois anos de vida neste 29 de novembro. E a idade de dois anos, para on\u00e7as, \u00e9 considerada o atingimento da vida adulta.&nbsp;<\/p>\n\n\n\n<p>Segundo Teles, o Valente \u00e9 hoje a on\u00e7a mais importante sob cuidados humanos, pois \u00e9 o \u00fanico exemplar oriundo da Mata Atl\u00e2ntica (desde o sul da Bahia at\u00e9 o norte da Argentina). Em todo esse territ\u00f3rio, o animal est\u00e1 muito amea\u00e7ado. Estima-se que restam cerca de 200 exemplares em vida livre.&nbsp;<\/p>\n\n\n\n<p>\u201cPor isso, a Jata\u00ed e a Arapu\u00e1 entram em idade reprodutiva e podem ser enviadas para outras unidades de conserva\u00e7\u00e3o que trabalham com on\u00e7as, para que a gente possa manter a gen\u00e9tica da Mata Atl\u00e2ntica. \u00c9 importante desenvolver t\u00e9cnicas de manejo e de reprodu\u00e7\u00e3o para ajudar essas on\u00e7as de vida livre. A reprodu\u00e7\u00e3o com esses animais das florestas, inclusive, est\u00e1 sendo estudada\u201d, completa Teles.&nbsp;<\/p>\n\n\n\n<p>No Ref\u00fagio Bela Vista, o anivers\u00e1rio e Dia Internacional das On\u00e7as foi marcado por atividades de enriquecimento ambiental. Essas atividades s\u00e3o realizadas ao longo de todo o ano, mas ganham um significado especial por conta da data. Elas atraem os animais e estimulam os sentidos e a movimenta\u00e7\u00e3o, quebrando a rotina e gerando bem-estar f\u00edsico e psicol\u00f3gico.<\/p>\n\n\n\n<p>Fotos: Sara Cheida\/Itaipu Binacional<\/p>\n\n\n\n<figure class=\"wp-block-gallery has-nested-images columns-default is-cropped wp-block-gallery-1 is-layout-flex wp-block-gallery-is-layout-flex\">\n<figure class=\"wp-block-image size-large\"><img loading=\"lazy\" decoding=\"async\" width=\"1024\" height=\"682\" data-id=\"20989\" src=\"https:\/\/acontecenafronteira.com.br\/wp-content\/uploads\/2024\/11\/6749fa8f3e09f-1024x682.jpg?v=1733001562\" alt=\"\" class=\"wp-image-20989\" srcset=\"https:\/\/acontecenafronteira.com.br\/wp-content\/uploads\/2024\/11\/6749fa8f3e09f-1024x682.jpg?v=1733001562 1024w, https:\/\/acontecenafronteira.com.br\/wp-content\/uploads\/2024\/11\/6749fa8f3e09f-300x200.jpg?v=1733001562 300w, https:\/\/acontecenafronteira.com.br\/wp-content\/uploads\/2024\/11\/6749fa8f3e09f-768x512.jpg?v=1733001562 768w, https:\/\/acontecenafronteira.com.br\/wp-content\/uploads\/2024\/11\/6749fa8f3e09f-1536x1024.jpg?v=1733001562 1536w, https:\/\/acontecenafronteira.com.br\/wp-content\/uploads\/2024\/11\/6749fa8f3e09f.jpg?v=1733001562 2000w\" sizes=\"auto, (max-width: 1024px) 100vw, 1024px\" \/><\/figure>\n\n\n\n<figure class=\"wp-block-image size-large\"><img loading=\"lazy\" decoding=\"async\" width=\"1024\" height=\"682\" data-id=\"20988\" src=\"https:\/\/acontecenafronteira.com.br\/wp-content\/uploads\/2024\/11\/6749fa88b958a-1024x682.jpg?v=1733001562\" alt=\"\" class=\"wp-image-20988\" srcset=\"https:\/\/acontecenafronteira.com.br\/wp-content\/uploads\/2024\/11\/6749fa88b958a-1024x682.jpg?v=1733001562 1024w, https:\/\/acontecenafronteira.com.br\/wp-content\/uploads\/2024\/11\/6749fa88b958a-300x200.jpg?v=1733001562 300w, https:\/\/acontecenafronteira.com.br\/wp-content\/uploads\/2024\/11\/6749fa88b958a-768x512.jpg?v=1733001562 768w, https:\/\/acontecenafronteira.com.br\/wp-content\/uploads\/2024\/11\/6749fa88b958a-1536x1024.jpg?v=1733001562 1536w, https:\/\/acontecenafronteira.com.br\/wp-content\/uploads\/2024\/11\/6749fa88b958a.jpg?v=1733001562 2000w\" sizes=\"auto, (max-width: 1024px) 100vw, 1024px\" \/><\/figure>\n\n\n\n<figure class=\"wp-block-image size-large\"><img loading=\"lazy\" decoding=\"async\" width=\"1024\" height=\"682\" data-id=\"20987\" src=\"https:\/\/acontecenafronteira.com.br\/wp-content\/uploads\/2024\/11\/6749fa9704f71-1024x682.jpg?v=1733001562\" alt=\"\" class=\"wp-image-20987\" srcset=\"https:\/\/acontecenafronteira.com.br\/wp-content\/uploads\/2024\/11\/6749fa9704f71-1024x682.jpg?v=1733001562 1024w, https:\/\/acontecenafronteira.com.br\/wp-content\/uploads\/2024\/11\/6749fa9704f71-300x200.jpg?v=1733001562 300w, https:\/\/acontecenafronteira.com.br\/wp-content\/uploads\/2024\/11\/6749fa9704f71-768x512.jpg?v=1733001562 768w, https:\/\/acontecenafronteira.com.br\/wp-content\/uploads\/2024\/11\/6749fa9704f71-1536x1024.jpg?v=1733001562 1536w, https:\/\/acontecenafronteira.com.br\/wp-content\/uploads\/2024\/11\/6749fa9704f71.jpg?v=1733001562 2000w\" sizes=\"auto, (max-width: 1024px) 100vw, 1024px\" \/><\/figure>\n\n\n\n<figure class=\"wp-block-image size-large\"><img loading=\"lazy\" decoding=\"async\" width=\"1024\" height=\"682\" data-id=\"20990\" src=\"https:\/\/acontecenafronteira.com.br\/wp-content\/uploads\/2024\/11\/6749faa9c0a88-1024x682.jpg?v=1733001562\" alt=\"\" class=\"wp-image-20990\" srcset=\"https:\/\/acontecenafronteira.com.br\/wp-content\/uploads\/2024\/11\/6749faa9c0a88-1024x682.jpg?v=1733001562 1024w, https:\/\/acontecenafronteira.com.br\/wp-content\/uploads\/2024\/11\/6749faa9c0a88-300x200.jpg?v=1733001562 300w, https:\/\/acontecenafronteira.com.br\/wp-content\/uploads\/2024\/11\/6749faa9c0a88-768x512.jpg?v=1733001562 768w, https:\/\/acontecenafronteira.com.br\/wp-content\/uploads\/2024\/11\/6749faa9c0a88-1536x1024.jpg?v=1733001562 1536w, https:\/\/acontecenafronteira.com.br\/wp-content\/uploads\/2024\/11\/6749faa9c0a88.jpg?v=1733001562 2000w\" sizes=\"auto, (max-width: 1024px) 100vw, 1024px\" \/><\/figure>\n\n\n\n<figure class=\"wp-block-image size-large\"><img loading=\"lazy\" decoding=\"async\" width=\"1024\" height=\"682\" data-id=\"20986\" src=\"https:\/\/acontecenafronteira.com.br\/wp-content\/uploads\/2024\/11\/6749faa35f694-1024x682.jpg?v=1733001562\" alt=\"\" class=\"wp-image-20986\" srcset=\"https:\/\/acontecenafronteira.com.br\/wp-content\/uploads\/2024\/11\/6749faa35f694-1024x682.jpg?v=1733001562 1024w, https:\/\/acontecenafronteira.com.br\/wp-content\/uploads\/2024\/11\/6749faa35f694-300x200.jpg?v=1733001562 300w, https:\/\/acontecenafronteira.com.br\/wp-content\/uploads\/2024\/11\/6749faa35f694-768x512.jpg?v=1733001562 768w, https:\/\/acontecenafronteira.com.br\/wp-content\/uploads\/2024\/11\/6749faa35f694-1536x1024.jpg?v=1733001562 1536w, https:\/\/acontecenafronteira.com.br\/wp-content\/uploads\/2024\/11\/6749faa35f694.jpg?v=1733001562 2000w\" sizes=\"auto, (max-width: 1024px) 100vw, 1024px\" \/><\/figure>\n<\/figure>\n","protected":false},"excerpt":{"rendered":"<p>Data remete \u00e0 import\u00e2ncia da preserva\u00e7\u00e3o do ecossistema como um todo, para garantir a biodiversidade A Itaipu Binacional comemorou nesta sexta-feira (29) o Dia Internacional da On\u00e7a-pintada. A data, definida durante a Conven\u00e7\u00e3o das Partes (COP) sobre Diversidade Biol\u00f3gica em 2018, reflete a import\u00e2ncia da conserva\u00e7\u00e3o dos ecossistemas para garantir a sobreviv\u00eancia do maior felino [&hellip;]<\/p>\n","protected":false},"author":2,"featured_media":20987,"comment_status":"open","ping_status":"open","sticky":false,"template":"","format":"standard","meta":{"om_disable_all_campaigns":false,"_monsterinsights_skip_tracking":false,"_monsterinsights_sitenote_active":false,"_monsterinsights_sitenote_note":"","_monsterinsights_sitenote_category":0,"footnotes":""},"categories":[26,4,11],"tags":[],"class_list":["post-20985","post","type-post","status-publish","format-standard","has-post-thumbnail","hentry","category-brasil","category-cidade","category-itaipu"],"_links":{"self":[{"href":"https:\/\/acontecenafronteira.com.br\/index.php\/wp-json\/wp\/v2\/posts\/20985","targetHints":{"allow":["GET"]}}],"collection":[{"href":"https:\/\/acontecenafronteira.com.br\/index.php\/wp-json\/wp\/v2\/posts"}],"about":[{"href":"https:\/\/acontecenafronteira.com.br\/index.php\/wp-json\/wp\/v2\/types\/post"}],"author":[{"embeddable":true,"href":"https:\/\/acontecenafronteira.com.br\/index.php\/wp-json\/wp\/v2\/users\/2"}],"replies":[{"embeddable":true,"href":"https:\/\/acontecenafronteira.com.br\/index.php\/wp-json\/wp\/v2\/comments?post=20985"}],"version-history":[{"count":1,"href":"https:\/\/acontecenafronteira.com.br\/index.php\/wp-json\/wp\/v2\/posts\/20985\/revisions"}],"predecessor-version":[{"id":20991,"href":"https:\/\/acontecenafronteira.com.br\/index.php\/wp-json\/wp\/v2\/posts\/20985\/revisions\/20991"}],"wp:featuredmedia":[{"embeddable":true,"href":"https:\/\/acontecenafronteira.com.br\/index.php\/wp-json\/wp\/v2\/media\/20987"}],"wp:attachment":[{"href":"https:\/\/acontecenafronteira.com.br\/index.php\/wp-json\/wp\/v2\/media?parent=20985"}],"wp:term":[{"taxonomy":"category","embeddable":true,"href":"https:\/\/acontecenafronteira.com.br\/index.php\/wp-json\/wp\/v2\/categories?post=20985"},{"taxonomy":"post_tag","embeddable":true,"href":"https:\/\/acontecenafronteira.com.br\/index.php\/wp-json\/wp\/v2\/tags?post=20985"}],"curies":[{"name":"wp","href":"https:\/\/api.w.org\/{rel}","templated":true}]}}