{"id":20980,"date":"2024-11-30T18:15:50","date_gmt":"2024-11-30T21:15:50","guid":{"rendered":"https:\/\/acontecenafronteira.com.br\/?p=20980"},"modified":"2024-11-30T18:15:51","modified_gmt":"2024-11-30T21:15:51","slug":"fernando-martins-professor-e-ex-diretor-da-unioeste-e-o-mais-novo-cidadao-honorario-de-foz","status":"publish","type":"post","link":"https:\/\/acontecenafronteira.com.br\/index.php\/2024\/11\/30\/fernando-martins-professor-e-ex-diretor-da-unioeste-e-o-mais-novo-cidadao-honorario-de-foz\/","title":{"rendered":"Fernando Martins, Professor e ex-diretor da Unioeste, \u00e9 o mais novo cidad\u00e3o honor\u00e1rio de Foz"},"content":{"rendered":"\n<p><strong><em>T\u00edtulo celebra uma trajet\u00f3ria brilhante e reconhece as grandes conquistas em defesa da educa\u00e7\u00e3o p\u00fablica<\/em><\/strong><\/p>\n\n\n\n<p>Com o plen\u00e1rio lotado de amigos, servidores da Unioeste, alunos e diversas autoridades do ramo da educa\u00e7\u00e3o, o Poder Legislativo congratulou na manh\u00e3 desta sexta-feira, 29 de novembro, o professor doutor e ex-diretor geral da Unioeste, Fernando Jos\u00e9 Martins, com o T\u00edtulo de Cidad\u00e3o Honor\u00e1rio de Foz do Igua\u00e7u. A honraria foi proposta pela vereadora Yasmin Hachem (PV) em reconhecimento aos relevantes servi\u00e7os prestados \u00e0 sociedade. A solenidade foi conduzida pelo 2\u00b0 vice-presidente da Casa de Leis, vereador Marcio Rosa (PL).<\/p>\n\n\n\n<blockquote class=\"wp-block-quote is-layout-flow wp-block-quote-is-layout-flow\">\n<p>A proponente da honraria, vereadora Yasmin Hachem, foi \u00e0 tribuna expressar as motiva\u00e7\u00f5es que a fizeram propor o t\u00edtulo. \u201cEssa pessoa tem a trajet\u00f3ria marcada pela dedica\u00e7\u00e3o incans\u00e1vel pela educa\u00e7\u00e3o e pelo o que ela representa. O t\u00edtulo de cidad\u00e3o honor\u00e1rio \u00e9 como se fosse a cidade abra\u00e7ando a pessoa. Para n\u00f3s \u00e9 muito emocionante entregarmos isso e dizermos como temos orgulho de voc\u00ea, como voc\u00ea contribuiu para tudo isso. Como Diretor da Unioeste, o Fernando foi um l\u00edder muito importante, sempre buscando promover educa\u00e7\u00e3o p\u00fablica, de qualidade e acredita que a educa\u00e7\u00e3o \u00e9 a chave de toda a transforma\u00e7\u00e3o social e ele luta por isso. Voc\u00ea continuar a inspirar todos n\u00f3s e acreditar que, atrav\u00e9s, da educa\u00e7\u00e3o n\u00f3s conseguimos construir um futuro mais igualit\u00e1rio e humano para todas as pessoas\u201d.<\/p>\n<\/blockquote>\n\n\n\n<p>Tamb\u00e9m participaram da solenidade: Adriano William da Silva Viana Pereira, reitor do IFPR; S\u00e9rgio Fabriz, Diretor-geral do campus da Unioeste\/Foz; vereador Adnan El Sayed (PSD); Maria Justina da Silva, Secret\u00e1ria Municipal da Educa\u00e7\u00e3o, representando o governo do munic\u00edpio; Rodne de Oliveira Lima, vice-reitor da UNILA &#8211; Universidade Federal da Integra\u00e7\u00e3o Latino-americana; e Walkiria Oleg\u00e1rio Mazeto, Presidente da APP &#8211; Sindicato dos Trabalhadores em Educa\u00e7\u00e3o P\u00fablica do Paran\u00e1. Uma homenagem \u00e0 educa\u00e7\u00e3o<\/p>\n\n\n\n<p>O mais novo cidad\u00e3o honor\u00e1rio de Foz do Igua\u00e7u fez um pronunciamento na tribuna relatando a trajet\u00f3ria de vida e celebrando as conquistas. \u201cN\u00e3o \u00e9 figura do professor Fernando, mas a educa\u00e7\u00e3o que est\u00e1 sendo reconhecida no plen\u00e1rio da C\u00e2mara, com \u00eanfase na defesa da educa\u00e7\u00e3o e da escola p\u00fablica. Por isso, fiquei muito agradecido com a homenagem e resolvi fazer dela uma homenagem \u00e0 educa\u00e7\u00e3o. A Unioeste, essa universidade que a gente brigou tanto por ela, tem uma capilaridade enorme. Temos muitos formados pela Unioeste espalhados. Um espa\u00e7o importante de atua\u00e7\u00e3o na Unioeste foi a minha gest\u00e3o. A educa\u00e7\u00e3o \u00e9 um processo que humaniza, que distribuiu o saber. Precisamos educar para humaniza\u00e7\u00e3o e aqui cito o patrono da educa\u00e7\u00e3o, Paulo Freire, sobre a import\u00e2ncia do di\u00e1logo\u201d, declarou Fernando Jos\u00e9 Martins.<\/p>\n\n\n\n<p>Reconhecimento e prest\u00edgio<\/p>\n\n\n\n<p>A Presidente estadual da APP Sindicato, Walkiria Oleg\u00e1rio Mazeto, declarou: \u201cS\u00f3 tenho que come\u00e7ar minha fala dizendo que escola p\u00fablica d\u00e1 certo. Quero deixar os meus parab\u00e9ns ao Fernando pela sua trajet\u00f3ria. \u00c9 o reconhecimento da trajet\u00f3ria profissional e pessoal. Essa \u00e9 uma homenagem merecida\u201d.<\/p>\n\n\n\n<p>O atual Diretor-geral do campus da Unioeste, S\u00e9rgio Fabriz, tamb\u00e9m se pronunciou. \u201cO Fernando, al\u00e9m de ser essa pessoa fant\u00e1stica, amigo de todos n\u00f3s, sabemos do papel que ele desempenhou na universidade, um projeto de inclus\u00e3o, de diversidade. \u00c9 a partir da universidade, do ensino, pesquisa e extens\u00e3o, que conseguimos ter uma sociedade cada vez mais justa\u201d.<\/p>\n\n\n\n<figure class=\"wp-block-gallery has-nested-images columns-default is-cropped wp-block-gallery-1 is-layout-flex wp-block-gallery-is-layout-flex\">\n<figure class=\"wp-block-image size-large\"><img loading=\"lazy\" decoding=\"async\" width=\"1024\" height=\"709\" data-id=\"20981\" src=\"https:\/\/acontecenafronteira.com.br\/wp-content\/uploads\/2024\/11\/WhatsApp-Image-2024-11-29-at-13.00.25-1024x709.jpeg?v=1733001338\" alt=\"\" class=\"wp-image-20981\" srcset=\"https:\/\/acontecenafronteira.com.br\/wp-content\/uploads\/2024\/11\/WhatsApp-Image-2024-11-29-at-13.00.25-1024x709.jpeg?v=1733001338 1024w, https:\/\/acontecenafronteira.com.br\/wp-content\/uploads\/2024\/11\/WhatsApp-Image-2024-11-29-at-13.00.25-300x208.jpeg?v=1733001338 300w, https:\/\/acontecenafronteira.com.br\/wp-content\/uploads\/2024\/11\/WhatsApp-Image-2024-11-29-at-13.00.25-768x532.jpeg?v=1733001338 768w, https:\/\/acontecenafronteira.com.br\/wp-content\/uploads\/2024\/11\/WhatsApp-Image-2024-11-29-at-13.00.25-1536x1064.jpeg?v=1733001338 1536w, https:\/\/acontecenafronteira.com.br\/wp-content\/uploads\/2024\/11\/WhatsApp-Image-2024-11-29-at-13.00.25.jpeg?v=1733001338 1600w\" sizes=\"auto, (max-width: 1024px) 100vw, 1024px\" \/><\/figure>\n\n\n\n<figure class=\"wp-block-image size-large\"><img loading=\"lazy\" decoding=\"async\" width=\"1024\" height=\"682\" data-id=\"20982\" src=\"https:\/\/acontecenafronteira.com.br\/wp-content\/uploads\/2024\/11\/WhatsApp-Image-2024-11-29-at-13.00.33-1024x682.jpeg?v=1733001338\" alt=\"\" class=\"wp-image-20982\" srcset=\"https:\/\/acontecenafronteira.com.br\/wp-content\/uploads\/2024\/11\/WhatsApp-Image-2024-11-29-at-13.00.33-1024x682.jpeg?v=1733001338 1024w, https:\/\/acontecenafronteira.com.br\/wp-content\/uploads\/2024\/11\/WhatsApp-Image-2024-11-29-at-13.00.33-300x200.jpeg?v=1733001338 300w, https:\/\/acontecenafronteira.com.br\/wp-content\/uploads\/2024\/11\/WhatsApp-Image-2024-11-29-at-13.00.33-768x512.jpeg?v=1733001338 768w, https:\/\/acontecenafronteira.com.br\/wp-content\/uploads\/2024\/11\/WhatsApp-Image-2024-11-29-at-13.00.33-1536x1023.jpeg?v=1733001338 1536w, https:\/\/acontecenafronteira.com.br\/wp-content\/uploads\/2024\/11\/WhatsApp-Image-2024-11-29-at-13.00.33.jpeg?v=1733001338 1600w\" sizes=\"auto, (max-width: 1024px) 100vw, 1024px\" \/><\/figure>\n\n\n\n<figure class=\"wp-block-image size-large\"><img loading=\"lazy\" decoding=\"async\" width=\"1024\" height=\"682\" data-id=\"20983\" src=\"https:\/\/acontecenafronteira.com.br\/wp-content\/uploads\/2024\/11\/WhatsApp-Image-2024-11-29-at-13.00.34-1024x682.jpeg?v=1733001338\" alt=\"\" class=\"wp-image-20983\" srcset=\"https:\/\/acontecenafronteira.com.br\/wp-content\/uploads\/2024\/11\/WhatsApp-Image-2024-11-29-at-13.00.34-1024x682.jpeg?v=1733001338 1024w, https:\/\/acontecenafronteira.com.br\/wp-content\/uploads\/2024\/11\/WhatsApp-Image-2024-11-29-at-13.00.34-300x200.jpeg?v=1733001338 300w, https:\/\/acontecenafronteira.com.br\/wp-content\/uploads\/2024\/11\/WhatsApp-Image-2024-11-29-at-13.00.34-768x512.jpeg?v=1733001338 768w, https:\/\/acontecenafronteira.com.br\/wp-content\/uploads\/2024\/11\/WhatsApp-Image-2024-11-29-at-13.00.34-1536x1023.jpeg?v=1733001338 1536w, https:\/\/acontecenafronteira.com.br\/wp-content\/uploads\/2024\/11\/WhatsApp-Image-2024-11-29-at-13.00.34.jpeg?v=1733001338 1600w\" sizes=\"auto, (max-width: 1024px) 100vw, 1024px\" \/><\/figure>\n<\/figure>\n","protected":false},"excerpt":{"rendered":"<p>T\u00edtulo celebra uma trajet\u00f3ria brilhante e reconhece as grandes conquistas em defesa da educa\u00e7\u00e3o p\u00fablica Com o plen\u00e1rio lotado de amigos, servidores da Unioeste, alunos e diversas autoridades do ramo da educa\u00e7\u00e3o, o Poder Legislativo congratulou na manh\u00e3 desta sexta-feira, 29 de novembro, o professor doutor e ex-diretor geral da Unioeste, Fernando Jos\u00e9 Martins, com [&hellip;]<\/p>\n","protected":false},"author":2,"featured_media":20982,"comment_status":"open","ping_status":"open","sticky":false,"template":"","format":"standard","meta":{"om_disable_all_campaigns":false,"_monsterinsights_skip_tracking":false,"_monsterinsights_sitenote_active":false,"_monsterinsights_sitenote_note":"","_monsterinsights_sitenote_category":0,"footnotes":""},"categories":[4,8,19],"tags":[],"class_list":["post-20980","post","type-post","status-publish","format-standard","has-post-thumbnail","hentry","category-cidade","category-educaca0","category-politica"],"_links":{"self":[{"href":"https:\/\/acontecenafronteira.com.br\/index.php\/wp-json\/wp\/v2\/posts\/20980","targetHints":{"allow":["GET"]}}],"collection":[{"href":"https:\/\/acontecenafronteira.com.br\/index.php\/wp-json\/wp\/v2\/posts"}],"about":[{"href":"https:\/\/acontecenafronteira.com.br\/index.php\/wp-json\/wp\/v2\/types\/post"}],"author":[{"embeddable":true,"href":"https:\/\/acontecenafronteira.com.br\/index.php\/wp-json\/wp\/v2\/users\/2"}],"replies":[{"embeddable":true,"href":"https:\/\/acontecenafronteira.com.br\/index.php\/wp-json\/wp\/v2\/comments?post=20980"}],"version-history":[{"count":1,"href":"https:\/\/acontecenafronteira.com.br\/index.php\/wp-json\/wp\/v2\/posts\/20980\/revisions"}],"predecessor-version":[{"id":20984,"href":"https:\/\/acontecenafronteira.com.br\/index.php\/wp-json\/wp\/v2\/posts\/20980\/revisions\/20984"}],"wp:featuredmedia":[{"embeddable":true,"href":"https:\/\/acontecenafronteira.com.br\/index.php\/wp-json\/wp\/v2\/media\/20982"}],"wp:attachment":[{"href":"https:\/\/acontecenafronteira.com.br\/index.php\/wp-json\/wp\/v2\/media?parent=20980"}],"wp:term":[{"taxonomy":"category","embeddable":true,"href":"https:\/\/acontecenafronteira.com.br\/index.php\/wp-json\/wp\/v2\/categories?post=20980"},{"taxonomy":"post_tag","embeddable":true,"href":"https:\/\/acontecenafronteira.com.br\/index.php\/wp-json\/wp\/v2\/tags?post=20980"}],"curies":[{"name":"wp","href":"https:\/\/api.w.org\/{rel}","templated":true}]}}