{"id":20976,"date":"2024-11-30T18:12:45","date_gmt":"2024-11-30T21:12:45","guid":{"rendered":"https:\/\/acontecenafronteira.com.br\/?p=20976"},"modified":"2024-11-30T18:12:46","modified_gmt":"2024-11-30T21:12:46","slug":"programa-do-material-escolar-esta-com-cadastro-de-fornecedores-aberto","status":"publish","type":"post","link":"https:\/\/acontecenafronteira.com.br\/index.php\/2024\/11\/30\/programa-do-material-escolar-esta-com-cadastro-de-fornecedores-aberto\/","title":{"rendered":"Programa do Material Escolar est\u00e1 com cadastro de fornecedores aberto"},"content":{"rendered":"\n<p><strong><em>Papelarias interessadas devem realizar o credenciamento atrav\u00e9s do Protocolo Digital; investimento na compra de materiais ser\u00e1 de R$ 6,3 milh\u00f5es<\/em><\/strong><\/p>\n\n\n\n<p>A Prefeitura de Foz do Igua\u00e7u, por meio da Secretaria Municipal da Educa\u00e7\u00e3o (SMED), abriu edital para o credenciamento de empresas locais interessadas em fornecer materiais escolares para os alunos da rede municipal de ensino durante o programa Aux\u00edlio Material Escolar 2025. A iniciativa tem como objetivo garantir que todos os estudantes da rede possam adquirir os itens necess\u00e1rios para suas atividades pedag\u00f3gicas.<\/p>\n\n\n\n<p>Para participar, as empresas devem atender aos requisitos estabelecidos, como ter sede em Foz do Igua\u00e7u, documenta\u00e7\u00e3o em dia, a comprova\u00e7\u00e3o de venda de artigos de papelaria e livraria atrav\u00e9s do cart\u00e3o CNPJ ou estatuto social, al\u00e9m da capacidade de realizar pagamentos por cart\u00e3o de d\u00e9bito. O cadastro deve ser feito atrav\u00e9s do Protocolo Digital da Prefeitura pelo site: https:\/\/sistemas.pmfi.pr.gov.br\/PortalEmpresarial\/ABERTURAPROCESSO\/PROTOCOLO<\/p>\n\n\n\n<p>A sele\u00e7\u00e3o das empresas ser\u00e1 realizada pela Comiss\u00e3o T\u00e9cnica, que analisar\u00e1 a documenta\u00e7\u00e3o e poder\u00e1 deferir ou indeferir o cadastro.<\/p>\n\n\n\n<p>A responsabilidade das empresas credenciadas inclui o fornecimento dos materiais de acordo com as especifica\u00e7\u00f5es do edital, emiss\u00e3o de notas fiscais e a manuten\u00e7\u00e3o de pre\u00e7os compat\u00edveis com o mercado.<\/p>\n\n\n\n<p>A vig\u00eancia do cadastro ser\u00e1 de 12 meses. As empresas credenciadas estar\u00e3o sujeitas \u00e0 fiscaliza\u00e7\u00e3o da Prefeitura para garantir o cumprimento das normas do programa. O edital completo est\u00e1 dispon\u00edvel para consulta no site: http:\/\/www2.pmfi.pr.gov.br\/giig\/portais\/portaldatransparencia\/Templates\/wfrmPaginaPublicacoes.aspx?IdLinkItem=161<\/p>\n\n\n\n<p>Este ano o investimento total da Prefeitura de Foz na compra de materiais ultrapassar\u00e1 o valor de R$ 6,3 milh\u00f5es. &#8220;O programa Aux\u00edlio Material Escolar \u00e9 uma excelente oportunidade para as empresas de Foz do Igua\u00e7u, al\u00e9m de garantir o acesso dos alunos aos materiais essenciais, contribui para fortalecer a renda das empresas locais e gerar empregos\u201d, afirma a Secret\u00e1ria Municipal de Educa\u00e7\u00e3o, Justina da Silva.<\/p>\n\n\n\n<p>Programa<\/p>\n\n\n\n<p>O Programa Aux\u00edlio Material Escolar foi lan\u00e7ado em 2021 e, desde ent\u00e3o, permite que os alunos escolham os materiais de sua prefer\u00eancia dentro da lista estabelecida pela Secretaria de Educa\u00e7\u00e3o. Os respons\u00e1veis pelos estudantes utilizam um cart\u00e3o de d\u00e9bito para realizar a compra. Os cart\u00f5es do material escolar s\u00e3o distribu\u00eddos para alunos de todas as etapas da educa\u00e7\u00e3o b\u00e1sica na Rede Municipal de Ensino, desde o Ber\u00e7\u00e1rio at\u00e9 a Educa\u00e7\u00e3o de Jovens e Adultos (EJA).<\/p>\n\n\n\n<p>Os valores variam conforme as necessidades de cada s\u00e9rie. Para a Educa\u00e7\u00e3o Infantil, o valor do benef\u00edcio ser\u00e1 de R$ 106,00 para o Ber\u00e7\u00e1rio, R$ 147,00 para as turmas de Maternal, e R$ 212,00 para os alunos da Pr\u00e9-Escola. No Ensino Fundamental, os cart\u00f5es ter\u00e3o o valor de R$ 230,00 para as turmas do 1\u00ba ao 5\u00ba ano. Para a EJA, o valor ser\u00e1 de R$ 145,00. O prazo para a utiliza\u00e7\u00e3o do benef\u00edcio \u00e9 de 180 dias.<\/p>\n\n\n\n<figure class=\"wp-block-gallery has-nested-images columns-default is-cropped wp-block-gallery-1 is-layout-flex wp-block-gallery-is-layout-flex\">\n<figure class=\"wp-block-image size-large\"><img loading=\"lazy\" decoding=\"async\" width=\"828\" height=\"534\" data-id=\"20978\" src=\"https:\/\/acontecenafronteira.com.br\/wp-content\/uploads\/2024\/11\/WhatsApp-Image-2024-11-29-at-16.11.26.jpeg\" alt=\"\" class=\"wp-image-20978\" srcset=\"https:\/\/acontecenafronteira.com.br\/wp-content\/uploads\/2024\/11\/WhatsApp-Image-2024-11-29-at-16.11.26.jpeg?v=1733001155 828w, https:\/\/acontecenafronteira.com.br\/wp-content\/uploads\/2024\/11\/WhatsApp-Image-2024-11-29-at-16.11.26-300x193.jpeg?v=1733001155 300w, https:\/\/acontecenafronteira.com.br\/wp-content\/uploads\/2024\/11\/WhatsApp-Image-2024-11-29-at-16.11.26-768x495.jpeg?v=1733001155 768w\" sizes=\"auto, (max-width: 828px) 100vw, 828px\" \/><\/figure>\n\n\n\n<figure class=\"wp-block-image size-large\"><img loading=\"lazy\" decoding=\"async\" width=\"799\" height=\"533\" data-id=\"20977\" src=\"https:\/\/acontecenafronteira.com.br\/wp-content\/uploads\/2024\/11\/WhatsApp-Image-2024-11-29-at-16.11.43.jpeg\" alt=\"\" class=\"wp-image-20977\" srcset=\"https:\/\/acontecenafronteira.com.br\/wp-content\/uploads\/2024\/11\/WhatsApp-Image-2024-11-29-at-16.11.43.jpeg?v=1733001155 799w, https:\/\/acontecenafronteira.com.br\/wp-content\/uploads\/2024\/11\/WhatsApp-Image-2024-11-29-at-16.11.43-300x200.jpeg?v=1733001155 300w, https:\/\/acontecenafronteira.com.br\/wp-content\/uploads\/2024\/11\/WhatsApp-Image-2024-11-29-at-16.11.43-768x512.jpeg?v=1733001155 768w\" sizes=\"auto, (max-width: 799px) 100vw, 799px\" \/><\/figure>\n<\/figure>\n","protected":false},"excerpt":{"rendered":"<p>Papelarias interessadas devem realizar o credenciamento atrav\u00e9s do Protocolo Digital; investimento na compra de materiais ser\u00e1 de R$ 6,3 milh\u00f5es A Prefeitura de Foz do Igua\u00e7u, por meio da Secretaria Municipal da Educa\u00e7\u00e3o (SMED), abriu edital para o credenciamento de empresas locais interessadas em fornecer materiais escolares para os alunos da rede municipal de ensino [&hellip;]<\/p>\n","protected":false},"author":2,"featured_media":20977,"comment_status":"open","ping_status":"open","sticky":false,"template":"","format":"standard","meta":{"om_disable_all_campaigns":false,"_monsterinsights_skip_tracking":false,"_monsterinsights_sitenote_active":false,"_monsterinsights_sitenote_note":"","_monsterinsights_sitenote_category":0,"footnotes":""},"categories":[4,8],"tags":[],"class_list":["post-20976","post","type-post","status-publish","format-standard","has-post-thumbnail","hentry","category-cidade","category-educaca0"],"_links":{"self":[{"href":"https:\/\/acontecenafronteira.com.br\/index.php\/wp-json\/wp\/v2\/posts\/20976","targetHints":{"allow":["GET"]}}],"collection":[{"href":"https:\/\/acontecenafronteira.com.br\/index.php\/wp-json\/wp\/v2\/posts"}],"about":[{"href":"https:\/\/acontecenafronteira.com.br\/index.php\/wp-json\/wp\/v2\/types\/post"}],"author":[{"embeddable":true,"href":"https:\/\/acontecenafronteira.com.br\/index.php\/wp-json\/wp\/v2\/users\/2"}],"replies":[{"embeddable":true,"href":"https:\/\/acontecenafronteira.com.br\/index.php\/wp-json\/wp\/v2\/comments?post=20976"}],"version-history":[{"count":1,"href":"https:\/\/acontecenafronteira.com.br\/index.php\/wp-json\/wp\/v2\/posts\/20976\/revisions"}],"predecessor-version":[{"id":20979,"href":"https:\/\/acontecenafronteira.com.br\/index.php\/wp-json\/wp\/v2\/posts\/20976\/revisions\/20979"}],"wp:featuredmedia":[{"embeddable":true,"href":"https:\/\/acontecenafronteira.com.br\/index.php\/wp-json\/wp\/v2\/media\/20977"}],"wp:attachment":[{"href":"https:\/\/acontecenafronteira.com.br\/index.php\/wp-json\/wp\/v2\/media?parent=20976"}],"wp:term":[{"taxonomy":"category","embeddable":true,"href":"https:\/\/acontecenafronteira.com.br\/index.php\/wp-json\/wp\/v2\/categories?post=20976"},{"taxonomy":"post_tag","embeddable":true,"href":"https:\/\/acontecenafronteira.com.br\/index.php\/wp-json\/wp\/v2\/tags?post=20976"}],"curies":[{"name":"wp","href":"https:\/\/api.w.org\/{rel}","templated":true}]}}