{"id":20957,"date":"2024-11-29T10:43:42","date_gmt":"2024-11-29T13:43:42","guid":{"rendered":"https:\/\/acontecenafronteira.com.br\/?p=20957"},"modified":"2024-11-29T10:43:43","modified_gmt":"2024-11-29T13:43:43","slug":"assessoria-de-silva-e-luna-divulga-nota-sobre-transicao","status":"publish","type":"post","link":"https:\/\/acontecenafronteira.com.br\/index.php\/2024\/11\/29\/assessoria-de-silva-e-luna-divulga-nota-sobre-transicao\/","title":{"rendered":"Assessoria de Silva e Luna divulga nota sobre Transi\u00e7\u00e3o"},"content":{"rendered":"\n<p><strong><em>Transi\u00e7\u00e3o para a Pr\u00f3xima Gest\u00e3o de Foz do Igua\u00e7u Avan\u00e7a com Conclus\u00e3o da Primeira Etapa<\/em><\/strong><\/p>\n\n\n\n<p>A equipe de transi\u00e7\u00e3o do General Silva e Luna, prefeito eleito de Foz do Igua\u00e7u, concluiu ontem a primeira etapa do processo de transi\u00e7\u00e3o com a atual gest\u00e3o municipal. Sob a coordena\u00e7\u00e3o de Jorge Ricardo \u00c1ureo Ferreira, os trabalhos foram realizados de forma organizada e respeitando integralmente o cronograma previamente definido.<\/p>\n\n\n\n<p>A \u00faltima apresenta\u00e7\u00e3o das Secretarias e Autarquias marcou o encerramento desta fase inicial. Paralelamente, a equipe t\u00e9cnica segue encaminhando indaga\u00e7\u00f5es complementares que ser\u00e3o respondidas nos pr\u00f3ximos passos do processo, assegurando que a transi\u00e7\u00e3o continue fluindo de maneira transparente e produtiva.<\/p>\n\n\n\n<p>Em nome do General Silva e Luna, o coordenador da equipe de transi\u00e7\u00e3o expressa agradecimentos ao prefeito Francisco Brasileiro e \u00e0 equipe designada por ele pela dedica\u00e7\u00e3o e pelo empenho em atender os requisitos estabelecidos, refor\u00e7ando o compromisso com uma transi\u00e7\u00e3o que beneficie a popula\u00e7\u00e3o igua\u00e7uense.<\/p>\n\n\n\n<p>A pr\u00f3xima reuni\u00e3o est\u00e1 agendada para segunda-feira, \u00e0s 08h30, na ACIFI, para deliberar as pr\u00f3ximas a\u00e7\u00f5es e dar continuidade ao trabalho em prol de uma gest\u00e3o eficiente e alinhada \u00e0s necessidades de Foz do Igua\u00e7u.<\/p>\n\n\n\n<p>Foz do Igua\u00e7u, 29 de novembro de 20<\/p>\n\n\n\n<p>Assessoria de Comunica\u00e7\u00e3o do General Silva e Luna<\/p>\n","protected":false},"excerpt":{"rendered":"<p>Transi\u00e7\u00e3o para a Pr\u00f3xima Gest\u00e3o de Foz do Igua\u00e7u Avan\u00e7a com Conclus\u00e3o da Primeira Etapa A equipe de transi\u00e7\u00e3o do General Silva e Luna, prefeito eleito de Foz do Igua\u00e7u, concluiu ontem a primeira etapa do processo de transi\u00e7\u00e3o com a atual gest\u00e3o municipal. Sob a coordena\u00e7\u00e3o de Jorge Ricardo \u00c1ureo Ferreira, os trabalhos foram [&hellip;]<\/p>\n","protected":false},"author":2,"featured_media":20958,"comment_status":"open","ping_status":"open","sticky":false,"template":"","format":"standard","meta":{"om_disable_all_campaigns":false,"_monsterinsights_skip_tracking":false,"_monsterinsights_sitenote_active":false,"_monsterinsights_sitenote_note":"","_monsterinsights_sitenote_category":0,"footnotes":""},"categories":[4,19],"tags":[],"class_list":["post-20957","post","type-post","status-publish","format-standard","has-post-thumbnail","hentry","category-cidade","category-politica"],"_links":{"self":[{"href":"https:\/\/acontecenafronteira.com.br\/index.php\/wp-json\/wp\/v2\/posts\/20957","targetHints":{"allow":["GET"]}}],"collection":[{"href":"https:\/\/acontecenafronteira.com.br\/index.php\/wp-json\/wp\/v2\/posts"}],"about":[{"href":"https:\/\/acontecenafronteira.com.br\/index.php\/wp-json\/wp\/v2\/types\/post"}],"author":[{"embeddable":true,"href":"https:\/\/acontecenafronteira.com.br\/index.php\/wp-json\/wp\/v2\/users\/2"}],"replies":[{"embeddable":true,"href":"https:\/\/acontecenafronteira.com.br\/index.php\/wp-json\/wp\/v2\/comments?post=20957"}],"version-history":[{"count":1,"href":"https:\/\/acontecenafronteira.com.br\/index.php\/wp-json\/wp\/v2\/posts\/20957\/revisions"}],"predecessor-version":[{"id":20959,"href":"https:\/\/acontecenafronteira.com.br\/index.php\/wp-json\/wp\/v2\/posts\/20957\/revisions\/20959"}],"wp:featuredmedia":[{"embeddable":true,"href":"https:\/\/acontecenafronteira.com.br\/index.php\/wp-json\/wp\/v2\/media\/20958"}],"wp:attachment":[{"href":"https:\/\/acontecenafronteira.com.br\/index.php\/wp-json\/wp\/v2\/media?parent=20957"}],"wp:term":[{"taxonomy":"category","embeddable":true,"href":"https:\/\/acontecenafronteira.com.br\/index.php\/wp-json\/wp\/v2\/categories?post=20957"},{"taxonomy":"post_tag","embeddable":true,"href":"https:\/\/acontecenafronteira.com.br\/index.php\/wp-json\/wp\/v2\/tags?post=20957"}],"curies":[{"name":"wp","href":"https:\/\/api.w.org\/{rel}","templated":true}]}}