{"id":20939,"date":"2024-11-29T10:28:15","date_gmt":"2024-11-29T13:28:15","guid":{"rendered":"https:\/\/acontecenafronteira.com.br\/?p=20939"},"modified":"2024-11-29T10:28:16","modified_gmt":"2024-11-29T13:28:16","slug":"pcpr-prende-casal-com-169-kg-de-cocaina-em-desdobramento-da-maior-apreensao-do-ano","status":"publish","type":"post","link":"https:\/\/acontecenafronteira.com.br\/index.php\/2024\/11\/29\/pcpr-prende-casal-com-169-kg-de-cocaina-em-desdobramento-da-maior-apreensao-do-ano\/","title":{"rendered":"PCPR prende casal com 169 kg de coca\u00edna em desdobramento da maior apreens\u00e3o do ano"},"content":{"rendered":"\n<p>A Pol\u00edcia Civil do Paran\u00e1 (PCPR) apreendeu 169 quilos de coca\u00edna e prendeu em flagrante, na tarde desta quinta-feira (28), um homem de 25 anos e uma mulher de 23 anos por tr\u00e1fico de drogas. A a\u00e7\u00e3o \u00e9 um desdobramento da opera\u00e7\u00e3o realizada pela Pol\u00edcia Militar do Paran\u00e1 (PMPR) que pela manh\u00e3 do mesmo dia&nbsp;<a href=\"https:\/\/www.aen.pr.gov.br\/Noticia\/Maior-apreensao-de-cocaina-do-ano-PMPR-localiza-veiculo-com-meia-tonelada-em-Piraquara\" target=\"_blank\" rel=\"noreferrer noopener\">encontrou mais de meia tonelada<\/a>&nbsp;&#8211;&nbsp;512 quilos &#8211; de coca\u00edna em um ve\u00edculo abandonado na zona rural de Piraquara, na Regi\u00e3o Metropolitana de Curitiba.<\/p>\n\n\n\n<p>Logo ap\u00f3s ser informada sobre a apreens\u00e3o inicial, a PCPR deu in\u00edcio a uma investiga\u00e7\u00e3o, que incluiu &nbsp;a an\u00e1lise de imagens de c\u00e2meras de seguran\u00e7a e a coleta de informa\u00e7\u00f5es em campo. O trabalho levou os policiais civis at\u00e9 uma \u00e1rea residencial em Piraquara, onde o casal foi encontrado em um segundo ve\u00edculo estacionado, utilizado para o transporte da droga. Durante a abordagem, foram encontrados 169 quilos de coca\u00edna, divididos em tabletes, no interior do autom\u00f3vel.<\/p>\n\n\n\n<p>Com a apreens\u00e3o realizada pela PMPR e a a\u00e7\u00e3o subsequente da PCPR, as for\u00e7as de seguran\u00e7a do Paran\u00e1 retiraram de circula\u00e7\u00e3o um total de 681 quilos de coca\u00edna. Essa quantidade equivale a mais de 136 mil por\u00e7\u00f5es individuais destinadas a usu\u00e1rios e tem um valor estimado de cerca de R$ 7 milh\u00f5es no mercado ilegal, refor\u00e7ando o impacto no combate ao tr\u00e1fico de drogas no estado.<\/p>\n\n\n\n<blockquote class=\"wp-block-quote is-layout-flow wp-block-quote-is-layout-flow\">\n<p>\u201cA atua\u00e7\u00e3o integrada entre a PCPR e a PMPR demonstra o comprometimento de cada institui\u00e7\u00e3o em cumprir suas atribui\u00e7\u00f5es constitucionais com excel\u00eancia e dedica\u00e7\u00e3o. Essa efici\u00eancia \u00e9 fundamental para garantir a seguran\u00e7a da popula\u00e7\u00e3o e o combate efetivo ao crime organizado\u201d, afirmou o secret\u00e1rio da Seguran\u00e7a P\u00fablica do Paran\u00e1, Hudson Le\u00f4ncio Teixeira.<\/p>\n<\/blockquote>\n\n\n\n<p>O secret\u00e1rio tamb\u00e9m destacou a import\u00e2ncia dessa opera\u00e7\u00e3o para o povo do Paran\u00e1. \u201cCada quilo de droga retirado de circula\u00e7\u00e3o representa vidas salvas e fam\u00edlias protegidas. Essa a\u00e7\u00e3o n\u00e3o s\u00f3 enfraquece o crime organizado, como tamb\u00e9m refor\u00e7a o compromisso das for\u00e7as de seguran\u00e7a em proteger nossa sociedade e proporcionar mais tranquilidade \u00e0s comunidades.\u201d<\/p>\n\n\n\n<p>Segundo o delegado Thiago Andrade, a PCPR iniciou as investiga\u00e7\u00f5es imediatamente ap\u00f3s a localiza\u00e7\u00e3o da droga no ve\u00edculo abandonado. \u201cLogo que tomamos conhecimento da droga, iniciamos dilig\u00eancias para responsabilizar os autores e descobrir origem e destino da subst\u00e2ncia. Com an\u00e1lise de imagens, identificamos que havia outro ve\u00edculo relacionado e logramos \u00eaxito em localiz\u00e1-lo\u201d, disse.<\/p>\n\n\n\n<p>As investiga\u00e7\u00f5es continuam para identificar outros envolvidos na organiza\u00e7\u00e3o criminosa e para determinar a origem e o destino da droga.<\/p>\n\n\n\n<p><strong>DEN\u00daNCIAS &#8211;<\/strong>&nbsp;As autoridades refor\u00e7am a import\u00e2ncia da colabora\u00e7\u00e3o da popula\u00e7\u00e3o no combate ao tr\u00e1fico de drogas. Informa\u00e7\u00f5es podem ser repassadas de forma an\u00f4nima pelo telefone 197, da PCPR, ou pelo 181, do Disque-Den\u00fancia. Em casos de emerg\u00eancia, a Pol\u00edcia Militar pode ser acionada pelo n\u00famero 190.<\/p>\n\n\n\n<figure class=\"wp-block-gallery has-nested-images columns-default is-cropped wp-block-gallery-1 is-layout-flex wp-block-gallery-is-layout-flex\">\n<figure class=\"wp-block-image size-large\"><img loading=\"lazy\" decoding=\"async\" width=\"1024\" height=\"683\" data-id=\"20940\" src=\"https:\/\/acontecenafronteira.com.br\/wp-content\/uploads\/2024\/11\/whatsapp_image_2024-11-29_at_08.29.56-1024x683.jpg?v=1732886878\" alt=\"\" class=\"wp-image-20940\" srcset=\"https:\/\/acontecenafronteira.com.br\/wp-content\/uploads\/2024\/11\/whatsapp_image_2024-11-29_at_08.29.56-1024x683.jpg?v=1732886878 1024w, https:\/\/acontecenafronteira.com.br\/wp-content\/uploads\/2024\/11\/whatsapp_image_2024-11-29_at_08.29.56-300x200.jpg?v=1732886878 300w, https:\/\/acontecenafronteira.com.br\/wp-content\/uploads\/2024\/11\/whatsapp_image_2024-11-29_at_08.29.56-768x512.jpg?v=1732886878 768w, https:\/\/acontecenafronteira.com.br\/wp-content\/uploads\/2024\/11\/whatsapp_image_2024-11-29_at_08.29.56-1536x1024.jpg?v=1732886878 1536w, https:\/\/acontecenafronteira.com.br\/wp-content\/uploads\/2024\/11\/whatsapp_image_2024-11-29_at_08.29.56-2048x1365.jpg?v=1732886878 2048w\" sizes=\"auto, (max-width: 1024px) 100vw, 1024px\" \/><\/figure>\n\n\n\n<figure class=\"wp-block-image size-large\"><img loading=\"lazy\" decoding=\"async\" width=\"1024\" height=\"683\" data-id=\"20942\" src=\"https:\/\/acontecenafronteira.com.br\/wp-content\/uploads\/2024\/11\/whatsapp_image_2024-11-29_at_08.29.57-1024x683.jpg?v=1732886879\" alt=\"\" class=\"wp-image-20942\" srcset=\"https:\/\/acontecenafronteira.com.br\/wp-content\/uploads\/2024\/11\/whatsapp_image_2024-11-29_at_08.29.57-1024x683.jpg?v=1732886879 1024w, https:\/\/acontecenafronteira.com.br\/wp-content\/uploads\/2024\/11\/whatsapp_image_2024-11-29_at_08.29.57-300x200.jpg?v=1732886879 300w, https:\/\/acontecenafronteira.com.br\/wp-content\/uploads\/2024\/11\/whatsapp_image_2024-11-29_at_08.29.57-768x512.jpg?v=1732886879 768w, https:\/\/acontecenafronteira.com.br\/wp-content\/uploads\/2024\/11\/whatsapp_image_2024-11-29_at_08.29.57-1536x1024.jpg?v=1732886879 1536w, https:\/\/acontecenafronteira.com.br\/wp-content\/uploads\/2024\/11\/whatsapp_image_2024-11-29_at_08.29.57-2048x1365.jpg?v=1732886879 2048w\" sizes=\"auto, (max-width: 1024px) 100vw, 1024px\" \/><\/figure>\n\n\n\n<figure class=\"wp-block-image size-large\"><img loading=\"lazy\" decoding=\"async\" width=\"1024\" height=\"683\" data-id=\"20941\" src=\"https:\/\/acontecenafronteira.com.br\/wp-content\/uploads\/2024\/11\/whatsapp_image_2024-11-29_at_08.29.571-1024x683.jpg?v=1732886879\" alt=\"\" class=\"wp-image-20941\" srcset=\"https:\/\/acontecenafronteira.com.br\/wp-content\/uploads\/2024\/11\/whatsapp_image_2024-11-29_at_08.29.571-1024x683.jpg?v=1732886879 1024w, https:\/\/acontecenafronteira.com.br\/wp-content\/uploads\/2024\/11\/whatsapp_image_2024-11-29_at_08.29.571-300x200.jpg?v=1732886879 300w, https:\/\/acontecenafronteira.com.br\/wp-content\/uploads\/2024\/11\/whatsapp_image_2024-11-29_at_08.29.571-768x512.jpg?v=1732886879 768w, https:\/\/acontecenafronteira.com.br\/wp-content\/uploads\/2024\/11\/whatsapp_image_2024-11-29_at_08.29.571-1536x1024.jpg?v=1732886879 1536w, https:\/\/acontecenafronteira.com.br\/wp-content\/uploads\/2024\/11\/whatsapp_image_2024-11-29_at_08.29.571-2048x1365.jpg?v=1732886879 2048w\" sizes=\"auto, (max-width: 1024px) 100vw, 1024px\" \/><\/figure>\n<\/figure>\n","protected":false},"excerpt":{"rendered":"<p>A Pol\u00edcia Civil do Paran\u00e1 (PCPR) apreendeu 169 quilos de coca\u00edna e prendeu em flagrante, na tarde desta quinta-feira (28), um homem de 25 anos e uma mulher de 23 anos por tr\u00e1fico de drogas. A a\u00e7\u00e3o \u00e9 um desdobramento da opera\u00e7\u00e3o realizada pela Pol\u00edcia Militar do Paran\u00e1 (PMPR) que pela manh\u00e3 do mesmo dia&nbsp;encontrou [&hellip;]<\/p>\n","protected":false},"author":2,"featured_media":20941,"comment_status":"open","ping_status":"open","sticky":false,"template":"","format":"standard","meta":{"om_disable_all_campaigns":false,"_monsterinsights_skip_tracking":false,"_monsterinsights_sitenote_active":false,"_monsterinsights_sitenote_note":"","_monsterinsights_sitenote_category":0,"footnotes":""},"categories":[18,5,20],"tags":[],"class_list":["post-20939","post","type-post","status-publish","format-standard","has-post-thumbnail","hentry","category-parana","category-policia","category-seguranca"],"_links":{"self":[{"href":"https:\/\/acontecenafronteira.com.br\/index.php\/wp-json\/wp\/v2\/posts\/20939","targetHints":{"allow":["GET"]}}],"collection":[{"href":"https:\/\/acontecenafronteira.com.br\/index.php\/wp-json\/wp\/v2\/posts"}],"about":[{"href":"https:\/\/acontecenafronteira.com.br\/index.php\/wp-json\/wp\/v2\/types\/post"}],"author":[{"embeddable":true,"href":"https:\/\/acontecenafronteira.com.br\/index.php\/wp-json\/wp\/v2\/users\/2"}],"replies":[{"embeddable":true,"href":"https:\/\/acontecenafronteira.com.br\/index.php\/wp-json\/wp\/v2\/comments?post=20939"}],"version-history":[{"count":1,"href":"https:\/\/acontecenafronteira.com.br\/index.php\/wp-json\/wp\/v2\/posts\/20939\/revisions"}],"predecessor-version":[{"id":20943,"href":"https:\/\/acontecenafronteira.com.br\/index.php\/wp-json\/wp\/v2\/posts\/20939\/revisions\/20943"}],"wp:featuredmedia":[{"embeddable":true,"href":"https:\/\/acontecenafronteira.com.br\/index.php\/wp-json\/wp\/v2\/media\/20941"}],"wp:attachment":[{"href":"https:\/\/acontecenafronteira.com.br\/index.php\/wp-json\/wp\/v2\/media?parent=20939"}],"wp:term":[{"taxonomy":"category","embeddable":true,"href":"https:\/\/acontecenafronteira.com.br\/index.php\/wp-json\/wp\/v2\/categories?post=20939"},{"taxonomy":"post_tag","embeddable":true,"href":"https:\/\/acontecenafronteira.com.br\/index.php\/wp-json\/wp\/v2\/tags?post=20939"}],"curies":[{"name":"wp","href":"https:\/\/api.w.org\/{rel}","templated":true}]}}