{"id":20908,"date":"2024-11-28T13:20:59","date_gmt":"2024-11-28T16:20:59","guid":{"rendered":"https:\/\/acontecenafronteira.com.br\/?p=20908"},"modified":"2024-11-28T13:21:00","modified_gmt":"2024-11-28T16:21:00","slug":"joao-morales-apresenta-em-brasilia-a-transformacao-digital-da-camara-de-foz","status":"publish","type":"post","link":"https:\/\/acontecenafronteira.com.br\/index.php\/2024\/11\/28\/joao-morales-apresenta-em-brasilia-a-transformacao-digital-da-camara-de-foz\/","title":{"rendered":"Jo\u00e3o Morales apresenta em Bras\u00edlia a transforma\u00e7\u00e3o digital da C\u00e2mara de Foz"},"content":{"rendered":"\n<p>Com o modelo de gest\u00e3o e a transforma\u00e7\u00e3o digital, a C\u00e2mara de Foz do Igua\u00e7u voltou a ser destaque em evento de \u00e2mbito nacional. O Presidente Jo\u00e3o Morales (Uni\u00e3o Brasil), foi expositor na manh\u00e3 desta quinta-feira, 28 de novembro, no Congresso Nacional de Legislativos e Gestores Municipais. O congresso marca os 60 anos da Uni\u00e3o dos Vereadores do Brasil (UVB) e acontece em Bras\u00edlia. Morales apresentou os avan\u00e7os implementados pela atual gest\u00e3o que colocaram o Poder Legislativo de Foz como refer\u00eancia no pa\u00eds. Na capital federal, Morales foi recebido pelo Presidente da UVB, Gilson Conzatti.<\/p>\n\n\n\n<blockquote class=\"wp-block-quote is-layout-flow wp-block-quote-is-layout-flow\">\n<p>\u201c\u00c9 um momento hist\u00f3rico para Foz do Igua\u00e7u, em que a C\u00e2mara Municipal foi convidada para apresentar no congresso dos 60 anos da UVB, a transforma\u00e7\u00e3o digital que foi realizada em nossa gest\u00e3o. Essas mudan\u00e7as trouxeram resultados e melhor qualidade de trabalho aos servidores, economia e efici\u00eancia para Casa de Leis e com certeza viramos exemplo para todo Brasil. Isso n\u00e3o tem pre\u00e7o. Significa que o trabalho foi bem feito e est\u00e1 sendo coroado\u201d, declarou o presidente Jo\u00e3o Morales.<\/p>\n<\/blockquote>\n\n\n\n<p>O gestor do Legislativo no bi\u00eanio 2023-2024 falou sobre moderniza\u00e7\u00e3o de fluxos e processos; digitaliza\u00e7\u00e3o de procedimentos; ado\u00e7\u00e3o de assinaturas digitais; extin\u00e7\u00e3o dos carimbos; implementa\u00e7\u00e3o da central de servi\u00e7os digitais, facilitando a vida do cidad\u00e3o; atualiza\u00e7\u00e3o tecnol\u00f3gica do plen\u00e1rio com registro de biometria, mesa de vota\u00e7\u00e3o eletr\u00f4nica; redu\u00e7\u00e3o de impressoras e impress\u00f5es; diminui\u00e7\u00e3o de gera\u00e7\u00e3o de res\u00edduos s\u00f3lidos; conquista do canal de TV aberta; fim das despesas com aluguel; implementa\u00e7\u00e3o de regime de teletrabalho e realiza\u00e7\u00e3o de oficinas para capacita\u00e7\u00e3o de servidores, por meio da ampla parceria com o Interlegis do Senado Federal.<\/p>\n\n\n\n<p>Em quase dois anos da gest\u00e3o muitas foram as mudan\u00e7as internas que culminaram em economia e benef\u00edcios \u00e0 popula\u00e7\u00e3o, tais como requisi\u00e7\u00e3o de pedidos de forma online, sem que a pessoa precise se deslocar at\u00e9 a sede do Legislativo, otimizando a vida do cidad\u00e3o e liberando que ele acompanhe o processo de forma online. No transcorrer desse processo intenso de mudan\u00e7as, a C\u00e2mara tamb\u00e9m ganhou n\u00edvel ouro em transpar\u00eancia do Tribunal de Contas do Estado do Paran\u00e1.<\/p>\n\n\n\n<figure class=\"wp-block-gallery has-nested-images columns-default is-cropped wp-block-gallery-1 is-layout-flex wp-block-gallery-is-layout-flex\">\n<figure class=\"wp-block-image size-large\"><img loading=\"lazy\" decoding=\"async\" width=\"1024\" height=\"576\" data-id=\"20910\" src=\"https:\/\/acontecenafronteira.com.br\/wp-content\/uploads\/2024\/11\/WhatsApp-Image-2024-11-28-at-12.44.07-1-1024x576.jpeg?v=1732810834\" alt=\"\" class=\"wp-image-20910\" srcset=\"https:\/\/acontecenafronteira.com.br\/wp-content\/uploads\/2024\/11\/WhatsApp-Image-2024-11-28-at-12.44.07-1-1024x576.jpeg?v=1732810834 1024w, https:\/\/acontecenafronteira.com.br\/wp-content\/uploads\/2024\/11\/WhatsApp-Image-2024-11-28-at-12.44.07-1-300x169.jpeg?v=1732810834 300w, https:\/\/acontecenafronteira.com.br\/wp-content\/uploads\/2024\/11\/WhatsApp-Image-2024-11-28-at-12.44.07-1-768x432.jpeg?v=1732810834 768w, https:\/\/acontecenafronteira.com.br\/wp-content\/uploads\/2024\/11\/WhatsApp-Image-2024-11-28-at-12.44.07-1-1536x864.jpeg?v=1732810834 1536w, https:\/\/acontecenafronteira.com.br\/wp-content\/uploads\/2024\/11\/WhatsApp-Image-2024-11-28-at-12.44.07-1.jpeg?v=1732810834 1600w\" sizes=\"auto, (max-width: 1024px) 100vw, 1024px\" \/><\/figure>\n\n\n\n<figure class=\"wp-block-image size-large\"><img loading=\"lazy\" decoding=\"async\" width=\"768\" height=\"1024\" data-id=\"20909\" src=\"https:\/\/acontecenafronteira.com.br\/wp-content\/uploads\/2024\/11\/WhatsApp-Image-2024-11-28-at-12.44.07-768x1024.jpeg?v=1732810835\" alt=\"\" class=\"wp-image-20909\" srcset=\"https:\/\/acontecenafronteira.com.br\/wp-content\/uploads\/2024\/11\/WhatsApp-Image-2024-11-28-at-12.44.07-768x1024.jpeg?v=1732810835 768w, https:\/\/acontecenafronteira.com.br\/wp-content\/uploads\/2024\/11\/WhatsApp-Image-2024-11-28-at-12.44.07-225x300.jpeg?v=1732810835 225w, https:\/\/acontecenafronteira.com.br\/wp-content\/uploads\/2024\/11\/WhatsApp-Image-2024-11-28-at-12.44.07-1152x1536.jpeg?v=1732810835 1152w, https:\/\/acontecenafronteira.com.br\/wp-content\/uploads\/2024\/11\/WhatsApp-Image-2024-11-28-at-12.44.07.jpeg?v=1732810835 1200w\" sizes=\"auto, (max-width: 768px) 100vw, 768px\" \/><\/figure>\n<\/figure>\n\n\n\n<p>Na capital federal, Morales foi recebido pelo Presidente da UVB, Gilson Conzatti.<\/p>\n","protected":false},"excerpt":{"rendered":"<p>Com o modelo de gest\u00e3o e a transforma\u00e7\u00e3o digital, a C\u00e2mara de Foz do Igua\u00e7u voltou a ser destaque em evento de \u00e2mbito nacional. O Presidente Jo\u00e3o Morales (Uni\u00e3o Brasil), foi expositor na manh\u00e3 desta quinta-feira, 28 de novembro, no Congresso Nacional de Legislativos e Gestores Municipais. O congresso marca os 60 anos da Uni\u00e3o [&hellip;]<\/p>\n","protected":false},"author":2,"featured_media":20910,"comment_status":"open","ping_status":"open","sticky":false,"template":"","format":"standard","meta":{"om_disable_all_campaigns":false,"_monsterinsights_skip_tracking":false,"_monsterinsights_sitenote_active":false,"_monsterinsights_sitenote_note":"","_monsterinsights_sitenote_category":0,"footnotes":""},"categories":[26,4,19],"tags":[],"class_list":["post-20908","post","type-post","status-publish","format-standard","has-post-thumbnail","hentry","category-brasil","category-cidade","category-politica"],"_links":{"self":[{"href":"https:\/\/acontecenafronteira.com.br\/index.php\/wp-json\/wp\/v2\/posts\/20908","targetHints":{"allow":["GET"]}}],"collection":[{"href":"https:\/\/acontecenafronteira.com.br\/index.php\/wp-json\/wp\/v2\/posts"}],"about":[{"href":"https:\/\/acontecenafronteira.com.br\/index.php\/wp-json\/wp\/v2\/types\/post"}],"author":[{"embeddable":true,"href":"https:\/\/acontecenafronteira.com.br\/index.php\/wp-json\/wp\/v2\/users\/2"}],"replies":[{"embeddable":true,"href":"https:\/\/acontecenafronteira.com.br\/index.php\/wp-json\/wp\/v2\/comments?post=20908"}],"version-history":[{"count":1,"href":"https:\/\/acontecenafronteira.com.br\/index.php\/wp-json\/wp\/v2\/posts\/20908\/revisions"}],"predecessor-version":[{"id":20911,"href":"https:\/\/acontecenafronteira.com.br\/index.php\/wp-json\/wp\/v2\/posts\/20908\/revisions\/20911"}],"wp:featuredmedia":[{"embeddable":true,"href":"https:\/\/acontecenafronteira.com.br\/index.php\/wp-json\/wp\/v2\/media\/20910"}],"wp:attachment":[{"href":"https:\/\/acontecenafronteira.com.br\/index.php\/wp-json\/wp\/v2\/media?parent=20908"}],"wp:term":[{"taxonomy":"category","embeddable":true,"href":"https:\/\/acontecenafronteira.com.br\/index.php\/wp-json\/wp\/v2\/categories?post=20908"},{"taxonomy":"post_tag","embeddable":true,"href":"https:\/\/acontecenafronteira.com.br\/index.php\/wp-json\/wp\/v2\/tags?post=20908"}],"curies":[{"name":"wp","href":"https:\/\/api.w.org\/{rel}","templated":true}]}}