{"id":20812,"date":"2024-11-25T12:14:41","date_gmt":"2024-11-25T15:14:41","guid":{"rendered":"https:\/\/acontecenafronteira.com.br\/?p=20812"},"modified":"2024-11-25T12:14:42","modified_gmt":"2024-11-25T15:14:42","slug":"parque-nacional-do-iguacu-realizou-operacao-em-parceria-com-a-prf","status":"publish","type":"post","link":"https:\/\/acontecenafronteira.com.br\/index.php\/2024\/11\/25\/parque-nacional-do-iguacu-realizou-operacao-em-parceria-com-a-prf\/","title":{"rendered":"Parque Nacional do Igua\u00e7u realizou opera\u00e7\u00e3o em parceria com a PRF"},"content":{"rendered":"\n<p><em><strong>A a\u00e7\u00e3o de patrulhamento passou pelas cidades de Serran\u00f3polis do Igua\u00e7u e Capanema<\/strong><\/em><\/p>\n\n\n\n<p>Entre os dias 20 e 22 de novembro, equipes do ICMBio, em colabora\u00e7\u00e3o com a Delegacia da Pol\u00edcia Rodovi\u00e1ria Federal de Foz do Igua\u00e7u, realizaram uma opera\u00e7\u00e3o de patrulhamento no Parque Nacional do Igua\u00e7u, percorrendo o trajeto entre os munic\u00edpios de Serran\u00f3polis do Igua\u00e7u e Capanema.<\/p>\n\n\n\n<p>A opera\u00e7\u00e3o cobriu 55,1 km ao longo do rio Silva Jardim, com o objetivo de fiscalizar \u00e1reas vulner\u00e1veis, identificar pontos estrat\u00e9gicos, combater crimes ambientais e coletar dados para apoiar o planejamento de futuras a\u00e7\u00f5es de prote\u00e7\u00e3o.<\/p>\n\n\n\n<p>Participaram da a\u00e7\u00e3o 6 policiais do Grupo Policial T\u00e1tico da Pol\u00edcia Rodovi\u00e1ria Federal, 2 agentes de fiscaliza\u00e7\u00e3o do ICMBio, al\u00e9m de colaboradores e agentes ambientais tempor\u00e1rios da unidade. Esta foi a segunda opera\u00e7\u00e3o de fiscaliza\u00e7\u00e3o realizada no segundo semestre de 2024, e novas a\u00e7\u00f5es j\u00e1 est\u00e3o previstas no planejamento conjunto entre as institui\u00e7\u00f5es.<\/p>\n\n\n\n<p>A parceria entre o ICMBio e a Pol\u00edcia Rodovi\u00e1ria Federal \u00e9 uma estrat\u00e9gia crucial para fortalecer os mecanismos de fiscaliza\u00e7\u00e3o e aumentar a efic\u00e1cia no combate aos crimes ambientais. Al\u00e9m de beneficiar as institui\u00e7\u00f5es envolvidas, essa colabora\u00e7\u00e3o \u00e9 essencial para proteger os recursos naturais sob a responsabilidade do Parque Nacional do Igua\u00e7u e garantir a seguran\u00e7a da sociedade.<\/p>\n\n\n\n<p>O principal objetivo dessa parceria \u00e9 a defesa dos valores fundamentais do parque, com \u00eanfase na fiscaliza\u00e7\u00e3o conjunta e no enfrentamento de atividades predat\u00f3rias, como ca\u00e7a, pesca ilegal e extra\u00e7\u00e3o de palmito, entre outras a\u00e7\u00f5es consideradas lesivas ao meio ambiente.<\/p>\n\n\n\n<p><em>Cr\u00e9ditos das fotografias: Acervo do Parna Igua\u00e7u\/ICMBio<\/em><\/p>\n\n\n\n<p><strong>Mais informa\u00e7\u00f5es<\/strong><\/p>\n\n\n\n<p>comunicacaoiguacu@icmbio.gov.br<\/p>\n\n\n\n<p>(Urbia Cataratas \u2013 Parque Nacional do Igua\u00e7u)<\/p>\n\n\n\n<figure class=\"wp-block-gallery has-nested-images columns-default is-cropped wp-block-gallery-1 is-layout-flex wp-block-gallery-is-layout-flex\">\n<figure class=\"wp-block-image size-large\"><img loading=\"lazy\" decoding=\"async\" width=\"1024\" height=\"768\" data-id=\"20816\" src=\"https:\/\/acontecenafronteira.com.br\/wp-content\/uploads\/2024\/11\/cms_files_747653_1732547011WhatsApp_Image_2024-11-25_at_09.50.11-1024x768.jpeg?v=1732547678\" alt=\"\" class=\"wp-image-20816\" srcset=\"https:\/\/acontecenafronteira.com.br\/wp-content\/uploads\/2024\/11\/cms_files_747653_1732547011WhatsApp_Image_2024-11-25_at_09.50.11-1024x768.jpeg?v=1732547678 1024w, https:\/\/acontecenafronteira.com.br\/wp-content\/uploads\/2024\/11\/cms_files_747653_1732547011WhatsApp_Image_2024-11-25_at_09.50.11-300x225.jpeg?v=1732547678 300w, https:\/\/acontecenafronteira.com.br\/wp-content\/uploads\/2024\/11\/cms_files_747653_1732547011WhatsApp_Image_2024-11-25_at_09.50.11-768x576.jpeg?v=1732547678 768w, https:\/\/acontecenafronteira.com.br\/wp-content\/uploads\/2024\/11\/cms_files_747653_1732547011WhatsApp_Image_2024-11-25_at_09.50.11-1536x1152.jpeg?v=1732547678 1536w, https:\/\/acontecenafronteira.com.br\/wp-content\/uploads\/2024\/11\/cms_files_747653_1732547011WhatsApp_Image_2024-11-25_at_09.50.11-2048x1536.jpeg?v=1732547678 2048w\" sizes=\"auto, (max-width: 1024px) 100vw, 1024px\" \/><\/figure>\n\n\n\n<figure class=\"wp-block-image size-large\"><img loading=\"lazy\" decoding=\"async\" width=\"1024\" height=\"768\" data-id=\"20813\" src=\"https:\/\/acontecenafronteira.com.br\/wp-content\/uploads\/2024\/11\/cms_files_747653_1732547026WhatsApp_Image_2024-11-25_at_09.50.13_2-1024x768.jpeg?v=1732547677\" alt=\"\" class=\"wp-image-20813\" srcset=\"https:\/\/acontecenafronteira.com.br\/wp-content\/uploads\/2024\/11\/cms_files_747653_1732547026WhatsApp_Image_2024-11-25_at_09.50.13_2-1024x768.jpeg?v=1732547677 1024w, https:\/\/acontecenafronteira.com.br\/wp-content\/uploads\/2024\/11\/cms_files_747653_1732547026WhatsApp_Image_2024-11-25_at_09.50.13_2-300x225.jpeg?v=1732547677 300w, https:\/\/acontecenafronteira.com.br\/wp-content\/uploads\/2024\/11\/cms_files_747653_1732547026WhatsApp_Image_2024-11-25_at_09.50.13_2-768x576.jpeg?v=1732547677 768w, https:\/\/acontecenafronteira.com.br\/wp-content\/uploads\/2024\/11\/cms_files_747653_1732547026WhatsApp_Image_2024-11-25_at_09.50.13_2-1536x1152.jpeg?v=1732547677 1536w, https:\/\/acontecenafronteira.com.br\/wp-content\/uploads\/2024\/11\/cms_files_747653_1732547026WhatsApp_Image_2024-11-25_at_09.50.13_2-2048x1536.jpeg?v=1732547677 2048w\" sizes=\"auto, (max-width: 1024px) 100vw, 1024px\" \/><\/figure>\n\n\n\n<figure class=\"wp-block-image size-large\"><img loading=\"lazy\" decoding=\"async\" width=\"1024\" height=\"768\" data-id=\"20814\" src=\"https:\/\/acontecenafronteira.com.br\/wp-content\/uploads\/2024\/11\/cms_files_747653_1732547039WhatsApp_Image_2024-11-25_at_09.50.13_1-1024x768.jpeg?v=1732547678\" alt=\"\" class=\"wp-image-20814\" srcset=\"https:\/\/acontecenafronteira.com.br\/wp-content\/uploads\/2024\/11\/cms_files_747653_1732547039WhatsApp_Image_2024-11-25_at_09.50.13_1-1024x768.jpeg?v=1732547678 1024w, https:\/\/acontecenafronteira.com.br\/wp-content\/uploads\/2024\/11\/cms_files_747653_1732547039WhatsApp_Image_2024-11-25_at_09.50.13_1-300x225.jpeg?v=1732547678 300w, https:\/\/acontecenafronteira.com.br\/wp-content\/uploads\/2024\/11\/cms_files_747653_1732547039WhatsApp_Image_2024-11-25_at_09.50.13_1-768x576.jpeg?v=1732547678 768w, https:\/\/acontecenafronteira.com.br\/wp-content\/uploads\/2024\/11\/cms_files_747653_1732547039WhatsApp_Image_2024-11-25_at_09.50.13_1-1536x1152.jpeg?v=1732547678 1536w, https:\/\/acontecenafronteira.com.br\/wp-content\/uploads\/2024\/11\/cms_files_747653_1732547039WhatsApp_Image_2024-11-25_at_09.50.13_1-2048x1536.jpeg?v=1732547678 2048w\" sizes=\"auto, (max-width: 1024px) 100vw, 1024px\" \/><\/figure>\n\n\n\n<figure class=\"wp-block-image size-large\"><img loading=\"lazy\" decoding=\"async\" width=\"1024\" height=\"768\" data-id=\"20815\" src=\"https:\/\/acontecenafronteira.com.br\/wp-content\/uploads\/2024\/11\/cms_files_747653_1732547060WhatsApp_Image_2024-11-25_at_09.50.14-1024x768.jpeg?v=1732547677\" alt=\"\" class=\"wp-image-20815\" srcset=\"https:\/\/acontecenafronteira.com.br\/wp-content\/uploads\/2024\/11\/cms_files_747653_1732547060WhatsApp_Image_2024-11-25_at_09.50.14-1024x768.jpeg?v=1732547677 1024w, https:\/\/acontecenafronteira.com.br\/wp-content\/uploads\/2024\/11\/cms_files_747653_1732547060WhatsApp_Image_2024-11-25_at_09.50.14-300x225.jpeg?v=1732547677 300w, https:\/\/acontecenafronteira.com.br\/wp-content\/uploads\/2024\/11\/cms_files_747653_1732547060WhatsApp_Image_2024-11-25_at_09.50.14-768x576.jpeg?v=1732547677 768w, https:\/\/acontecenafronteira.com.br\/wp-content\/uploads\/2024\/11\/cms_files_747653_1732547060WhatsApp_Image_2024-11-25_at_09.50.14-1536x1152.jpeg?v=1732547677 1536w, https:\/\/acontecenafronteira.com.br\/wp-content\/uploads\/2024\/11\/cms_files_747653_1732547060WhatsApp_Image_2024-11-25_at_09.50.14-2048x1536.jpeg?v=1732547677 2048w\" sizes=\"auto, (max-width: 1024px) 100vw, 1024px\" \/><\/figure>\n<\/figure>\n","protected":false},"excerpt":{"rendered":"<p>A a\u00e7\u00e3o de patrulhamento passou pelas cidades de Serran\u00f3polis do Igua\u00e7u e Capanema Entre os dias 20 e 22 de novembro, equipes do ICMBio, em colabora\u00e7\u00e3o com a Delegacia da Pol\u00edcia Rodovi\u00e1ria Federal de Foz do Igua\u00e7u, realizaram uma opera\u00e7\u00e3o de patrulhamento no Parque Nacional do Igua\u00e7u, percorrendo o trajeto entre os munic\u00edpios de Serran\u00f3polis [&hellip;]<\/p>\n","protected":false},"author":2,"featured_media":20815,"comment_status":"open","ping_status":"open","sticky":false,"template":"","format":"standard","meta":{"om_disable_all_campaigns":false,"_monsterinsights_skip_tracking":false,"_monsterinsights_sitenote_active":false,"_monsterinsights_sitenote_note":"","_monsterinsights_sitenote_category":0,"footnotes":""},"categories":[26,4,21,20],"tags":[],"class_list":["post-20812","post","type-post","status-publish","format-standard","has-post-thumbnail","hentry","category-brasil","category-cidade","category-fronteira","category-seguranca"],"_links":{"self":[{"href":"https:\/\/acontecenafronteira.com.br\/index.php\/wp-json\/wp\/v2\/posts\/20812","targetHints":{"allow":["GET"]}}],"collection":[{"href":"https:\/\/acontecenafronteira.com.br\/index.php\/wp-json\/wp\/v2\/posts"}],"about":[{"href":"https:\/\/acontecenafronteira.com.br\/index.php\/wp-json\/wp\/v2\/types\/post"}],"author":[{"embeddable":true,"href":"https:\/\/acontecenafronteira.com.br\/index.php\/wp-json\/wp\/v2\/users\/2"}],"replies":[{"embeddable":true,"href":"https:\/\/acontecenafronteira.com.br\/index.php\/wp-json\/wp\/v2\/comments?post=20812"}],"version-history":[{"count":1,"href":"https:\/\/acontecenafronteira.com.br\/index.php\/wp-json\/wp\/v2\/posts\/20812\/revisions"}],"predecessor-version":[{"id":20817,"href":"https:\/\/acontecenafronteira.com.br\/index.php\/wp-json\/wp\/v2\/posts\/20812\/revisions\/20817"}],"wp:featuredmedia":[{"embeddable":true,"href":"https:\/\/acontecenafronteira.com.br\/index.php\/wp-json\/wp\/v2\/media\/20815"}],"wp:attachment":[{"href":"https:\/\/acontecenafronteira.com.br\/index.php\/wp-json\/wp\/v2\/media?parent=20812"}],"wp:term":[{"taxonomy":"category","embeddable":true,"href":"https:\/\/acontecenafronteira.com.br\/index.php\/wp-json\/wp\/v2\/categories?post=20812"},{"taxonomy":"post_tag","embeddable":true,"href":"https:\/\/acontecenafronteira.com.br\/index.php\/wp-json\/wp\/v2\/tags?post=20812"}],"curies":[{"name":"wp","href":"https:\/\/api.w.org\/{rel}","templated":true}]}}