{"id":20525,"date":"2024-11-19T09:34:30","date_gmt":"2024-11-19T12:34:30","guid":{"rendered":"https:\/\/acontecenafronteira.com.br\/?p=20525"},"modified":"2024-11-19T09:34:31","modified_gmt":"2024-11-19T12:34:31","slug":"pf-prende-policial-e-quatro-kids-pretos-em-acao-sobre-tentativa-de-golpe-e-plano-para-matar-lula-alckmin-e-moraes","status":"publish","type":"post","link":"https:\/\/acontecenafronteira.com.br\/index.php\/2024\/11\/19\/pf-prende-policial-e-quatro-kids-pretos-em-acao-sobre-tentativa-de-golpe-e-plano-para-matar-lula-alckmin-e-moraes\/","title":{"rendered":"PF prende policial e quatro &#8216;kids pretos&#8217; em a\u00e7\u00e3o sobre tentativa de golpe e plano para matar Lula, Alckmin e Moraes"},"content":{"rendered":"\n<p>A Pol\u00edcia Federal deflagrou nesta ter\u00e7a-feira (19) uma opera\u00e7\u00e3o contra uma organiza\u00e7\u00e3o criminosa que teria planejado um golpe de Estado ap\u00f3s as elei\u00e7\u00f5es de 2022 para impedir a posse do presidente Luiz In\u00e1cio Lula da Silva e restringir a atua\u00e7\u00e3o do Poder Judici\u00e1rio.<\/p>\n\n\n\n<blockquote class=\"wp-block-quote is-layout-flow wp-block-quote-is-layout-flow\">\n<p>Segundo a Pol\u00edcia Federal, entre as a\u00e7\u00f5es elaboradas pelo grupo havia um &#8220;detalhado planejamento operacional, denominado &#8216;Punhal Verde e Amarelo&#8217;, que seria executado no dia 15 de dezembro de 2022&#8221; para matar os j\u00e1 eleitos presidente Lula e o vice-presidente Geraldo Alckmin.<\/p>\n<\/blockquote>\n\n\n\n<p>&#8220;Ainda estavam nos planos a pris\u00e3o e execu\u00e7\u00e3o de um ministro do Supremo Tribunal Federal, que vinha sendo monitorado continuamente, caso o Golpe de Estado fosse consumado&#8221;, diz a PF.<\/p>\n\n\n\n<p>Investigadores confirmaram \u00e0 TV Globo que o ministro citado pela pol\u00edcia como alvo dos planos era\u00a0Alexandre de Moraes.<\/p>\n\n\n\n<p>O&nbsp;<strong>blog&nbsp;<\/strong>apurou que cinco pessoas foram presas com autoriza\u00e7\u00e3o do Supremo Tribunal Federal:<\/p>\n\n\n\n<ul class=\"wp-block-list\">\n<li><strong>quatro militares do Ex\u00e9rcito<\/strong>\u00a0ligados \u00e0s\u00a0for\u00e7as especiais, os chamados &#8220;kids pretos&#8221;: o general de brigada Mario Fernandes (na reserva), o tenente-coronel Helio Ferreira Lima, o major Rodrigo Bezerra Azevedo e o major Rafael Martins de Oliveira.<\/li>\n\n\n\n<li><strong>um policial federal<\/strong>: Wladimir Matos Soares.<\/li>\n<\/ul>\n\n\n\n<p>As pris\u00f5es foram autorizadas pelo ministro Alexandre de Moraes e j\u00e1 tinham sido cumpridas at\u00e9 as 6h50 desta ter\u00e7a.<\/p>\n\n\n\n<p>Ainda segundo apurou o&nbsp;<strong>blog<\/strong>, um dos presos foi secret\u00e1rio-executivo da Secretaria-Geral da Presid\u00eancia da Rep\u00fablica em 2022. Depois, foi tamb\u00e9m assessor parlamentar do deputado e ex-ministro da Sa\u00fade Eduardo Pazuello.<\/p>\n\n\n\n<ul class=\"wp-block-list\">\n<li><strong>ENTENDA:\u00a0<\/strong>O que s\u00e3o &#8216;kids pretos&#8217;?<\/li>\n<\/ul>\n\n\n\n<p>A opera\u00e7\u00e3o, intitulada &#8220;Contragolpe&#8221;, foi autorizada no \u00e2mbito do inqu\u00e9rito que apura a tentativa de golpe de Estado e a sequ\u00eancia de atos antidemocr\u00e1ticos promovidos ao longo do processo eleitoral de 2022, e que culminaram nos atos terroristas de 8 de janeiro de 2023.<\/p>\n\n\n\n<p>H\u00e1 uma expectativa de que esse inqu\u00e9rito seja finalizado ainda este ano.<\/p>\n\n\n\n<ul class=\"wp-block-list\">\n<li><strong>DANIELA LIMA:\u00a0<\/strong>PF descobre dados deletados por Cid e acordo de colabora\u00e7\u00e3o de ex-ajudante de Bolsonaro \u00e9 reavaliado<\/li>\n<\/ul>\n\n\n\n<h2 class=\"wp-block-heading\">Ex\u00e9rcito acompanha opera\u00e7\u00e3o<\/h2>\n\n\n\n<p>Em nota, o Ex\u00e9rcito confirmou que mandados foram cumpridos em Goi\u00e2nia e no Rio de Janeiro e que quatro militares foram presos.<\/p>\n\n\n\n<p>Segundo a corpora\u00e7\u00e3o, o capit\u00e3o Lucas Guerellus tamb\u00e9m foi alvo de buscas.<\/p>\n\n\n\n<p>&#8220;O Ex\u00e9rcito Brasileiro segue prestando apoio \u00e0s investiga\u00e7\u00f5es em curso, bem como aos militares envolvidos e seus familiares&#8221;, diz.<\/p>\n\n\n\n<h2 class=\"wp-block-heading\">PF recuperou arquivos eletr\u00f4nicos<\/h2>\n\n\n\n<p>A PF chegou aos alvos desta ter\u00e7a ao analisar dados desses militares j\u00e1 investigados no inqu\u00e9rito.<\/p>\n\n\n\n<p>Parte dos ind\u00edcios veio, por exemplo, de material que j\u00e1 tinha sido deletado de aparelhos do coronel Mauro Cid, ex-ajudante de ordens de Jair Bolsonaro, e foi restaurado pelos investigadores.\u00a0Cid deve depor novamente \u00e0 Pol\u00edcia Federal nesta ter\u00e7a.<\/p>\n\n\n\n<p>Outra parte, ainda maior, veio dos aparelhos celulares de outros militares.<\/p>\n\n\n\n<p>Por G1<\/p>\n\n\n\n<figure class=\"wp-block-image size-full\"><img loading=\"lazy\" decoding=\"async\" width=\"961\" height=\"306\" src=\"https:\/\/acontecenafronteira.com.br\/wp-content\/uploads\/2024\/11\/kids.png?v=1732019647\" alt=\"\" class=\"wp-image-20526\" srcset=\"https:\/\/acontecenafronteira.com.br\/wp-content\/uploads\/2024\/11\/kids.png?v=1732019647 961w, https:\/\/acontecenafronteira.com.br\/wp-content\/uploads\/2024\/11\/kids-300x96.png?v=1732019647 300w, https:\/\/acontecenafronteira.com.br\/wp-content\/uploads\/2024\/11\/kids-768x245.png?v=1732019647 768w\" sizes=\"auto, (max-width: 961px) 100vw, 961px\" \/><\/figure>\n\n\n\n<p>Kids pretos presos pela PF: Rafael Martins de Oliveira, H\u00e9lio Ferreira Lima, Rodrigo Bezerra de Azevedo e Mario Fernandes \u2014 Foto: Arquivo pessoal e Eduardo Menezes\/SG\/PR<\/p>\n","protected":false},"excerpt":{"rendered":"<p>A Pol\u00edcia Federal deflagrou nesta ter\u00e7a-feira (19) uma opera\u00e7\u00e3o contra uma organiza\u00e7\u00e3o criminosa que teria planejado um golpe de Estado ap\u00f3s as elei\u00e7\u00f5es de 2022 para impedir a posse do presidente Luiz In\u00e1cio Lula da Silva e restringir a atua\u00e7\u00e3o do Poder Judici\u00e1rio. Segundo a Pol\u00edcia Federal, entre as a\u00e7\u00f5es elaboradas pelo grupo havia um [&hellip;]<\/p>\n","protected":false},"author":2,"featured_media":20526,"comment_status":"open","ping_status":"open","sticky":false,"template":"","format":"standard","meta":{"om_disable_all_campaigns":false,"_monsterinsights_skip_tracking":false,"_monsterinsights_sitenote_active":false,"_monsterinsights_sitenote_note":"","_monsterinsights_sitenote_category":0,"footnotes":""},"categories":[26,5,19],"tags":[],"class_list":["post-20525","post","type-post","status-publish","format-standard","has-post-thumbnail","hentry","category-brasil","category-policia","category-politica"],"_links":{"self":[{"href":"https:\/\/acontecenafronteira.com.br\/index.php\/wp-json\/wp\/v2\/posts\/20525","targetHints":{"allow":["GET"]}}],"collection":[{"href":"https:\/\/acontecenafronteira.com.br\/index.php\/wp-json\/wp\/v2\/posts"}],"about":[{"href":"https:\/\/acontecenafronteira.com.br\/index.php\/wp-json\/wp\/v2\/types\/post"}],"author":[{"embeddable":true,"href":"https:\/\/acontecenafronteira.com.br\/index.php\/wp-json\/wp\/v2\/users\/2"}],"replies":[{"embeddable":true,"href":"https:\/\/acontecenafronteira.com.br\/index.php\/wp-json\/wp\/v2\/comments?post=20525"}],"version-history":[{"count":1,"href":"https:\/\/acontecenafronteira.com.br\/index.php\/wp-json\/wp\/v2\/posts\/20525\/revisions"}],"predecessor-version":[{"id":20527,"href":"https:\/\/acontecenafronteira.com.br\/index.php\/wp-json\/wp\/v2\/posts\/20525\/revisions\/20527"}],"wp:featuredmedia":[{"embeddable":true,"href":"https:\/\/acontecenafronteira.com.br\/index.php\/wp-json\/wp\/v2\/media\/20526"}],"wp:attachment":[{"href":"https:\/\/acontecenafronteira.com.br\/index.php\/wp-json\/wp\/v2\/media?parent=20525"}],"wp:term":[{"taxonomy":"category","embeddable":true,"href":"https:\/\/acontecenafronteira.com.br\/index.php\/wp-json\/wp\/v2\/categories?post=20525"},{"taxonomy":"post_tag","embeddable":true,"href":"https:\/\/acontecenafronteira.com.br\/index.php\/wp-json\/wp\/v2\/tags?post=20525"}],"curies":[{"name":"wp","href":"https:\/\/api.w.org\/{rel}","templated":true}]}}