{"id":20483,"date":"2024-11-17T19:52:51","date_gmt":"2024-11-17T22:52:51","guid":{"rendered":"https:\/\/acontecenafronteira.com.br\/?p=20483"},"modified":"2024-11-17T19:52:52","modified_gmt":"2024-11-17T22:52:52","slug":"governador-ratinho-junior-sanciona-lei-que-cria-o-programa-parana-amigo-da-pessoa-idosa","status":"publish","type":"post","link":"https:\/\/acontecenafronteira.com.br\/index.php\/2024\/11\/17\/governador-ratinho-junior-sanciona-lei-que-cria-o-programa-parana-amigo-da-pessoa-idosa\/","title":{"rendered":"Governador Ratinho Junior sanciona lei que cria o Programa Paran\u00e1 Amigo da Pessoa Idosa"},"content":{"rendered":"\n<p>O governador Carlos Massa Ratinho Junior sancionou nesta quarta-feira (13) a&nbsp;<a href=\"https:\/\/www.aen.pr.gov.br\/sites\/default\/arquivos_restritos\/files\/documento\/2024-11\/pessoaidosa.pdf\" target=\"_blank\" rel=\"noreferrer noopener\">Lei n\u00ba 22.189\/2024<\/a>&nbsp;, que institui o Programa Paran\u00e1 Amigo da Pessoa Idosa. A iniciativa foi aprovada pela Assembleia Legislativa (Alep) e tem como objetivo garantir qualidade de vida para a popula\u00e7\u00e3o idosa e fortalecer a rede de apoio dessa popula\u00e7\u00e3o. Para isso, ser\u00e3o criadas duas bolsas financeiras, voltadas tanto para o idoso em situa\u00e7\u00e3o de vulnerabilidade quanto para cuidadores familiares.<\/p>\n\n\n\n<p>Entre as propostas contidas no programa est\u00e3o a cria\u00e7\u00e3o da Rede de Aten\u00e7\u00e3o \u00e0 Pessoa Idosa, a promo\u00e7\u00e3o de atividades de lazer, culturais e esportivas adaptadas \u00e0s necessidades deste segmento da popula\u00e7\u00e3o e o apoio aos munic\u00edpios que aderirem \u00e0s a\u00e7\u00f5es.<\/p>\n\n\n\n<p>A secret\u00e1ria estadual da Mulher, Igualdade Racial e Pessoa Idosa, Leandre Dal Ponte, afirma que com a aprova\u00e7\u00e3o da nova lei o Paran\u00e1 se prepara para o futuro. \u201cHoje n\u00e3o existe uma refer\u00eancia de pol\u00edtica p\u00fablica integrada voltada, principalmente, ao cuidado das pessoas idosas. As pessoas n\u00e3o se prepararam para viver muitos anos, ent\u00e3o o programa traz uma vis\u00e3o ampla e completa, criando uma rede de atendimento e valorizando aqueles que promovem o cuidado daqueles que precisam\u201d, disse.<\/p>\n\n\n\n<p>\u201cSegundo o IBGE, at\u00e9 2030 teremos mais pessoas idosas do que jovens e crian\u00e7as menores de 14 anos e isso impacta fortemente na forma de fazer pol\u00edticas p\u00fablicas. Com esse programa estamos nos adiantando para oferecer condi\u00e7\u00f5es de vida melhores para os nossos idosos\u201d, acrescentou.<\/p>\n\n\n\n<p><strong>BOLSAS<\/strong>&nbsp;&#8211; Entre os principais pontos do Programa est\u00e1 a concess\u00e3o de duas modalidades de bolsas de apoio financeiro: uma para a popula\u00e7\u00e3o idosa e outra para cuidadores. A Bolsa Agente do Saber ser\u00e1 voltada ao apoio financeiro para pessoas com 60 anos ou mais em situa\u00e7\u00e3o de vulnerabilidade socioecon\u00f4mica, visando fortalecer sua autonomia e o desenvolvimento pessoal, f\u00edsico e mental atrav\u00e9s da valoriza\u00e7\u00e3o de habilidades, est\u00edmulo \u00e0 participa\u00e7\u00e3o na comunidade e combate ao isolamento social.<\/p>\n\n\n\n<p>J\u00e1 a Bolsa Cuidador Familiar visa apoiar cuidadores familiares e informais, promovendo o reconhecimento do cuidado como atividade econ\u00f4mica. Em um primeiro momento ela ser\u00e1 destinada para cuidadores que se dedicam exclusivamente a esta atividade e que n\u00e3o possuem remunera\u00e7\u00e3o. O objetivo \u00e9 evitar a institucionaliza\u00e7\u00e3o da pessoa idosa, refor\u00e7ando os la\u00e7os familiares e conferindo melhor qualidade de vida. O valor a ser pago pelas bolsas ser\u00e1 definido em decreto. A estimativa \u00e9 que sejam investidos R$ 7 milh\u00f5es ao ano.<\/p>\n\n\n\n<p><strong>CADASTRO<\/strong>&nbsp;&#8211; Al\u00e9m das bolsas de aux\u00edlio financeiro, tamb\u00e9m ser\u00e3o criados dois bancos de dados estaduais. O primeiro deles \u00e9 o Cadastro Estadual da Rede de Aten\u00e7\u00e3o \u00e0 Pessoa Idosa (Cerapi), que vai coletar e sistematizar informa\u00e7\u00f5es referentes a \u00f3rg\u00e3os gestores, conselhos, fundos, programas, projetos, organiza\u00e7\u00f5es e demais entes que atuem na promo\u00e7\u00e3o, prote\u00e7\u00e3o, defesa, aten\u00e7\u00e3o e garantia de direitos da pessoa idosa.<\/p>\n\n\n\n<p>O segundo ser\u00e1 o Cadastro de Cuidadores do Paran\u00e1, que vai coletar e sistematizar informa\u00e7\u00f5es sobre os cuidadores familiares formais, informais e profissionais que cuidam dessa popula\u00e7\u00e3o. A partir deles, ser\u00e3o coordenadas a\u00e7\u00f5es como o pagamento das bolsas aos benefici\u00e1rios eleg\u00edveis para o programa e a organiza\u00e7\u00e3o da execu\u00e7\u00e3o das demais a\u00e7\u00f5es previstas pelo projeto.<\/p>\n\n\n\n<p><strong>MUNIC\u00cdPIOS<\/strong>&nbsp;\u2014 O programa prev\u00ea, ainda, que o Estado possa cofinanciar e qualificar tecnicamente munic\u00edpios que aderirem ao Paran\u00e1 Amigo da Pessoa Idosa, com assessorias t\u00e9cnica e financeira, bem como na obten\u00e7\u00e3o de selos e certificados que reconhe\u00e7am iniciativas em favor da longevidade.<\/p>\n\n\n\n<p>Os munic\u00edpios que aderirem ao programa ser\u00e3o priorizados em servi\u00e7os, programas, projetos, benef\u00edcios, a\u00e7\u00f5es, ofertas e investimentos do Governo do Estado relacionados \u00e0 popula\u00e7\u00e3o idosa. Al\u00e9m disso, existe a possibilidade de adapta\u00e7\u00e3o estrutural dos espa\u00e7os p\u00fablicos para um melhor conv\u00edvio intergeracional, garantindo acessibilidade das pessoas idosas na vida comunit\u00e1ria.<\/p>\n\n\n\n<figure class=\"wp-block-gallery has-nested-images columns-default is-cropped wp-block-gallery-1 is-layout-flex wp-block-gallery-is-layout-flex\">\n<figure class=\"wp-block-image size-large\"><img loading=\"lazy\" decoding=\"async\" width=\"1024\" height=\"683\" data-id=\"20484\" src=\"https:\/\/acontecenafronteira.com.br\/wp-content\/uploads\/2024\/11\/irati_ciade_do_idoso_1-1024x683.jpg?v=1731883964\" alt=\"\" class=\"wp-image-20484\" srcset=\"https:\/\/acontecenafronteira.com.br\/wp-content\/uploads\/2024\/11\/irati_ciade_do_idoso_1-1024x683.jpg?v=1731883964 1024w, https:\/\/acontecenafronteira.com.br\/wp-content\/uploads\/2024\/11\/irati_ciade_do_idoso_1-300x200.jpg?v=1731883964 300w, https:\/\/acontecenafronteira.com.br\/wp-content\/uploads\/2024\/11\/irati_ciade_do_idoso_1-768x512.jpg?v=1731883964 768w, https:\/\/acontecenafronteira.com.br\/wp-content\/uploads\/2024\/11\/irati_ciade_do_idoso_1-1536x1024.jpg?v=1731883964 1536w, https:\/\/acontecenafronteira.com.br\/wp-content\/uploads\/2024\/11\/irati_ciade_do_idoso_1-2048x1365.jpg?v=1731883964 2048w\" sizes=\"auto, (max-width: 1024px) 100vw, 1024px\" \/><\/figure>\n\n\n\n<figure class=\"wp-block-image size-large\"><img loading=\"lazy\" decoding=\"async\" width=\"1024\" height=\"683\" data-id=\"20486\" src=\"https:\/\/acontecenafronteira.com.br\/wp-content\/uploads\/2024\/11\/irati_ciade_do_idoso_4-1024x683.jpg?v=1731883964\" alt=\"\" class=\"wp-image-20486\" srcset=\"https:\/\/acontecenafronteira.com.br\/wp-content\/uploads\/2024\/11\/irati_ciade_do_idoso_4-1024x683.jpg?v=1731883964 1024w, https:\/\/acontecenafronteira.com.br\/wp-content\/uploads\/2024\/11\/irati_ciade_do_idoso_4-300x200.jpg?v=1731883964 300w, https:\/\/acontecenafronteira.com.br\/wp-content\/uploads\/2024\/11\/irati_ciade_do_idoso_4-768x512.jpg?v=1731883964 768w, https:\/\/acontecenafronteira.com.br\/wp-content\/uploads\/2024\/11\/irati_ciade_do_idoso_4-1536x1024.jpg?v=1731883964 1536w, https:\/\/acontecenafronteira.com.br\/wp-content\/uploads\/2024\/11\/irati_ciade_do_idoso_4-2048x1365.jpg?v=1731883964 2048w\" sizes=\"auto, (max-width: 1024px) 100vw, 1024px\" \/><\/figure>\n\n\n\n<figure class=\"wp-block-image size-large\"><img loading=\"lazy\" decoding=\"async\" width=\"1024\" height=\"683\" data-id=\"20487\" src=\"https:\/\/acontecenafronteira.com.br\/wp-content\/uploads\/2024\/11\/melhorias_idosos_foto_rdziura-5703-1024x683.jpg?v=1731883964\" alt=\"\" class=\"wp-image-20487\" srcset=\"https:\/\/acontecenafronteira.com.br\/wp-content\/uploads\/2024\/11\/melhorias_idosos_foto_rdziura-5703-1024x683.jpg?v=1731883964 1024w, https:\/\/acontecenafronteira.com.br\/wp-content\/uploads\/2024\/11\/melhorias_idosos_foto_rdziura-5703-300x200.jpg?v=1731883964 300w, https:\/\/acontecenafronteira.com.br\/wp-content\/uploads\/2024\/11\/melhorias_idosos_foto_rdziura-5703-768x512.jpg?v=1731883964 768w, https:\/\/acontecenafronteira.com.br\/wp-content\/uploads\/2024\/11\/melhorias_idosos_foto_rdziura-5703-1536x1024.jpg?v=1731883964 1536w, https:\/\/acontecenafronteira.com.br\/wp-content\/uploads\/2024\/11\/melhorias_idosos_foto_rdziura-5703-2048x1365.jpg?v=1731883964 2048w\" sizes=\"auto, (max-width: 1024px) 100vw, 1024px\" \/><figcaption class=\"wp-element-caption\">Curitiba, 03 de outubro de 2023 &#8211; O governador Carlos Massa Ratinho Jr. anuncia uma s\u00e9rie de programas voltados aos idosos.<\/figcaption><\/figure>\n\n\n\n<figure class=\"wp-block-image size-large\"><img loading=\"lazy\" decoding=\"async\" width=\"1024\" height=\"683\" data-id=\"20485\" src=\"https:\/\/acontecenafronteira.com.br\/wp-content\/uploads\/2024\/11\/irati_ciade_do_idoso_16-1024x683.jpg?v=1731883964\" alt=\"\" class=\"wp-image-20485\" srcset=\"https:\/\/acontecenafronteira.com.br\/wp-content\/uploads\/2024\/11\/irati_ciade_do_idoso_16-1024x683.jpg?v=1731883964 1024w, https:\/\/acontecenafronteira.com.br\/wp-content\/uploads\/2024\/11\/irati_ciade_do_idoso_16-300x200.jpg?v=1731883964 300w, https:\/\/acontecenafronteira.com.br\/wp-content\/uploads\/2024\/11\/irati_ciade_do_idoso_16-768x512.jpg?v=1731883964 768w, https:\/\/acontecenafronteira.com.br\/wp-content\/uploads\/2024\/11\/irati_ciade_do_idoso_16-1536x1024.jpg?v=1731883964 1536w, https:\/\/acontecenafronteira.com.br\/wp-content\/uploads\/2024\/11\/irati_ciade_do_idoso_16-2048x1365.jpg?v=1731883964 2048w\" sizes=\"auto, (max-width: 1024px) 100vw, 1024px\" \/><\/figure>\n<\/figure>\n","protected":false},"excerpt":{"rendered":"<p>O governador Carlos Massa Ratinho Junior sancionou nesta quarta-feira (13) a&nbsp;Lei n\u00ba 22.189\/2024&nbsp;, que institui o Programa Paran\u00e1 Amigo da Pessoa Idosa. A iniciativa foi aprovada pela Assembleia Legislativa (Alep) e tem como objetivo garantir qualidade de vida para a popula\u00e7\u00e3o idosa e fortalecer a rede de apoio dessa popula\u00e7\u00e3o. Para isso, ser\u00e3o criadas duas [&hellip;]<\/p>\n","protected":false},"author":2,"featured_media":20487,"comment_status":"open","ping_status":"open","sticky":false,"template":"","format":"standard","meta":{"om_disable_all_campaigns":false,"_monsterinsights_skip_tracking":false,"_monsterinsights_sitenote_active":false,"_monsterinsights_sitenote_note":"","_monsterinsights_sitenote_category":0,"footnotes":""},"categories":[4,13,18,10],"tags":[],"class_list":["post-20483","post","type-post","status-publish","format-standard","has-post-thumbnail","hentry","category-cidade","category-entretenimento","category-parana","category-saude"],"_links":{"self":[{"href":"https:\/\/acontecenafronteira.com.br\/index.php\/wp-json\/wp\/v2\/posts\/20483","targetHints":{"allow":["GET"]}}],"collection":[{"href":"https:\/\/acontecenafronteira.com.br\/index.php\/wp-json\/wp\/v2\/posts"}],"about":[{"href":"https:\/\/acontecenafronteira.com.br\/index.php\/wp-json\/wp\/v2\/types\/post"}],"author":[{"embeddable":true,"href":"https:\/\/acontecenafronteira.com.br\/index.php\/wp-json\/wp\/v2\/users\/2"}],"replies":[{"embeddable":true,"href":"https:\/\/acontecenafronteira.com.br\/index.php\/wp-json\/wp\/v2\/comments?post=20483"}],"version-history":[{"count":1,"href":"https:\/\/acontecenafronteira.com.br\/index.php\/wp-json\/wp\/v2\/posts\/20483\/revisions"}],"predecessor-version":[{"id":20488,"href":"https:\/\/acontecenafronteira.com.br\/index.php\/wp-json\/wp\/v2\/posts\/20483\/revisions\/20488"}],"wp:featuredmedia":[{"embeddable":true,"href":"https:\/\/acontecenafronteira.com.br\/index.php\/wp-json\/wp\/v2\/media\/20487"}],"wp:attachment":[{"href":"https:\/\/acontecenafronteira.com.br\/index.php\/wp-json\/wp\/v2\/media?parent=20483"}],"wp:term":[{"taxonomy":"category","embeddable":true,"href":"https:\/\/acontecenafronteira.com.br\/index.php\/wp-json\/wp\/v2\/categories?post=20483"},{"taxonomy":"post_tag","embeddable":true,"href":"https:\/\/acontecenafronteira.com.br\/index.php\/wp-json\/wp\/v2\/tags?post=20483"}],"curies":[{"name":"wp","href":"https:\/\/api.w.org\/{rel}","templated":true}]}}