{"id":20478,"date":"2024-11-17T19:49:28","date_gmt":"2024-11-17T22:49:28","guid":{"rendered":"https:\/\/acontecenafronteira.com.br\/?p=20478"},"modified":"2024-11-17T19:49:29","modified_gmt":"2024-11-17T22:49:29","slug":"projeto-da-copel-viabiliza-cursos-profissionalizantes-gratuitos-para-mulheres","status":"publish","type":"post","link":"https:\/\/acontecenafronteira.com.br\/index.php\/2024\/11\/17\/projeto-da-copel-viabiliza-cursos-profissionalizantes-gratuitos-para-mulheres\/","title":{"rendered":"Projeto da Copel viabiliza cursos profissionalizantes gratuitos para mulheres"},"content":{"rendered":"\n<p>Est\u00e3o em andamento cursos profissionalizantes gratuitos dedicados ao p\u00fablico feminino, financiados por uma chamada p\u00fablica aberta este ano pela Copel. Institui\u00e7\u00f5es sociais e organiza\u00e7\u00f5es da sociedade civil (OSC) sem fins lucrativos que foram aprovadas para sediar as atividades formativas agora t\u00eam em andamento cursos nos setores de alimenta\u00e7\u00e3o e de cuidados est\u00e9ticos em Curitiba, Londrina e Ponta Grossa.<\/p>\n\n\n\n<p>Na capital paranaense, a primeira turma concluiu o curso de confec\u00e7\u00e3o de doces para festas, ocorrido em outubro, no Senac, com a participa\u00e7\u00e3o de 15 mulheres migrantes atendidas pela institui\u00e7\u00e3o C\u00e1ritas-PR. Uma segunda turma j\u00e1 est\u00e1 em andamento e outras tr\u00eas devem ocorrer at\u00e9 o fim de novembro, com o preparo de doces e salgados para festas. \u201cFizemos a escolha desses cursos porque as mulheres que atendemos s\u00e3o, na maioria, donas de casa. E a prepara\u00e7\u00e3o dessas receitas s\u00e3o uma chance de empreender e gerar renda, empoderando essas mulheres\u201d, explica Cassandre Pierre, assistente de integra\u00e7\u00e3o na Regional do Paran\u00e1 da C\u00e1ritas.<\/p>\n\n\n\n<p>Em Ponta Grossa, nos Campos Gerais, mulheres atendidas pela Comunidade Terap\u00eautica Rosa M\u00edstica e pela C\u00e1ritas participam de cinco turmas em cursos na \u00e1rea da est\u00e9tica, e uma na \u00e1rea de alimenta\u00e7\u00e3o.<\/p>\n\n\n\n<p>J\u00e1 em Londrina, no Norte paranaense, o Clube das M\u00e3es Unidas oferta cursos profissionalizantes do Senac na \u00e1rea est\u00e9tica, com quatro turmas j\u00e1 preenchidas. A primeira turma, com 14 inscritas, est\u00e1 estudando a colorimetria capilar \u2013 desde a forma\u00e7\u00e3o das cores, novos produtos e t\u00e9cnicas, at\u00e9 os cuidados com a seguran\u00e7a nas atividades desenvolvidas em sal\u00f5es de beleza. Seis participantes j\u00e1 eram alunas do curso de cabeleireira na institui\u00e7\u00e3o, e as demais est\u00e3o buscando atualiza\u00e7\u00e3o para seguir no mercado.<\/p>\n\n\n\n<p>A pedagoga da institui\u00e7\u00e3o, Jaqueline Suzana Louren\u00e7o, explica que o foco \u00e9 educa\u00e7\u00e3o socioprofissional, a fim de contribuir com o processo de inclus\u00e3o produtiva das participantes. \u201cAtualmente, 90% do nosso p\u00fablico \u00e9 formado por mulheres, e temos uma demanda muito grande hoje de profissionais da beleza que precisam se aperfei\u00e7oar. Este \u00e9 um ramo muito din\u00e2mico\u201d, destaca.<\/p>\n\n\n\n<p><strong>MAIS QUE ENERGIA<\/strong>&nbsp;&#8211; A chamada p\u00fablica SGD 001\/2024 destinou um investimento de R$ 100 mil para a execu\u00e7\u00e3o dos cursos. A iniciativa tem como objetivo impulsionar o atendimento ao p\u00fablico feminino&nbsp;com vistas \u00e0 promo\u00e7\u00e3o da equidade de g\u00eanero, por meio de&nbsp;uma qualifica\u00e7\u00e3o mais s\u00f3lida e diversificada para o mercado de trabalho. Todas as mulheres participantes recebem certificados na conclus\u00e3o dos cursos.<\/p>\n\n\n\n<p><strong>AGENDA 2030<\/strong>&nbsp;\u2013 Um dos crit\u00e9rios de avalia\u00e7\u00e3o e sele\u00e7\u00e3o das institui\u00e7\u00f5es foi o compromisso em adotar e fortalecer pol\u00edticas consistentes e atender a legisla\u00e7\u00e3o aplic\u00e1vel para a promo\u00e7\u00e3o da equidade&nbsp;de g\u00eanero e o empoderamento de todas as mulheres. A equipara\u00e7\u00e3o de oportunidades para homens e mulheres, bem como o fim da discrimina\u00e7\u00e3o e da viol\u00eancia contra a mulher formam um dos objetivos globais elencados pela ONU para esta d\u00e9cada, com os quais a Copel est\u00e1 comprometida.<\/p>\n\n\n\n<figure class=\"wp-block-gallery has-nested-images columns-default is-cropped wp-block-gallery-1 is-layout-flex wp-block-gallery-is-layout-flex\">\n<figure class=\"wp-block-image size-large\"><img loading=\"lazy\" decoding=\"async\" width=\"1024\" height=\"683\" data-id=\"20479\" src=\"https:\/\/acontecenafronteira.com.br\/wp-content\/uploads\/2024\/11\/673631a3135e8programa_mais_que_energia_-_caritas_senac-124-1024x683.jpg?v=1731883744\" alt=\"\" class=\"wp-image-20479\" srcset=\"https:\/\/acontecenafronteira.com.br\/wp-content\/uploads\/2024\/11\/673631a3135e8programa_mais_que_energia_-_caritas_senac-124-1024x683.jpg?v=1731883744 1024w, https:\/\/acontecenafronteira.com.br\/wp-content\/uploads\/2024\/11\/673631a3135e8programa_mais_que_energia_-_caritas_senac-124-300x200.jpg?v=1731883744 300w, https:\/\/acontecenafronteira.com.br\/wp-content\/uploads\/2024\/11\/673631a3135e8programa_mais_que_energia_-_caritas_senac-124-768x512.jpg?v=1731883744 768w, https:\/\/acontecenafronteira.com.br\/wp-content\/uploads\/2024\/11\/673631a3135e8programa_mais_que_energia_-_caritas_senac-124-1536x1024.jpg?v=1731883744 1536w, https:\/\/acontecenafronteira.com.br\/wp-content\/uploads\/2024\/11\/673631a3135e8programa_mais_que_energia_-_caritas_senac-124-2048x1365.jpg?v=1731883744 2048w\" sizes=\"auto, (max-width: 1024px) 100vw, 1024px\" \/><\/figure>\n\n\n\n<figure class=\"wp-block-image size-large\"><img loading=\"lazy\" decoding=\"async\" width=\"1024\" height=\"683\" data-id=\"20481\" src=\"https:\/\/acontecenafronteira.com.br\/wp-content\/uploads\/2024\/11\/6736319a9ba91programa_mais_que_energia_-_caritas_senac-106-1024x683.jpg?v=1731883744\" alt=\"\" class=\"wp-image-20481\" srcset=\"https:\/\/acontecenafronteira.com.br\/wp-content\/uploads\/2024\/11\/6736319a9ba91programa_mais_que_energia_-_caritas_senac-106-1024x683.jpg?v=1731883744 1024w, https:\/\/acontecenafronteira.com.br\/wp-content\/uploads\/2024\/11\/6736319a9ba91programa_mais_que_energia_-_caritas_senac-106-300x200.jpg?v=1731883744 300w, https:\/\/acontecenafronteira.com.br\/wp-content\/uploads\/2024\/11\/6736319a9ba91programa_mais_que_energia_-_caritas_senac-106-768x512.jpg?v=1731883744 768w, https:\/\/acontecenafronteira.com.br\/wp-content\/uploads\/2024\/11\/6736319a9ba91programa_mais_que_energia_-_caritas_senac-106-1536x1024.jpg?v=1731883744 1536w, https:\/\/acontecenafronteira.com.br\/wp-content\/uploads\/2024\/11\/6736319a9ba91programa_mais_que_energia_-_caritas_senac-106-2048x1365.jpg?v=1731883744 2048w\" sizes=\"auto, (max-width: 1024px) 100vw, 1024px\" \/><\/figure>\n\n\n\n<figure class=\"wp-block-image size-large\"><img loading=\"lazy\" decoding=\"async\" width=\"1024\" height=\"683\" data-id=\"20480\" src=\"https:\/\/acontecenafronteira.com.br\/wp-content\/uploads\/2024\/11\/673631a85ccc3programa_mais_que_energia_-_caritas_senac-96-1024x683.jpg?v=1731883744\" alt=\"\" class=\"wp-image-20480\" srcset=\"https:\/\/acontecenafronteira.com.br\/wp-content\/uploads\/2024\/11\/673631a85ccc3programa_mais_que_energia_-_caritas_senac-96-1024x683.jpg?v=1731883744 1024w, https:\/\/acontecenafronteira.com.br\/wp-content\/uploads\/2024\/11\/673631a85ccc3programa_mais_que_energia_-_caritas_senac-96-300x200.jpg?v=1731883744 300w, https:\/\/acontecenafronteira.com.br\/wp-content\/uploads\/2024\/11\/673631a85ccc3programa_mais_que_energia_-_caritas_senac-96-768x512.jpg?v=1731883744 768w, https:\/\/acontecenafronteira.com.br\/wp-content\/uploads\/2024\/11\/673631a85ccc3programa_mais_que_energia_-_caritas_senac-96-1536x1024.jpg?v=1731883744 1536w, https:\/\/acontecenafronteira.com.br\/wp-content\/uploads\/2024\/11\/673631a85ccc3programa_mais_que_energia_-_caritas_senac-96-2048x1365.jpg?v=1731883744 2048w\" sizes=\"auto, (max-width: 1024px) 100vw, 1024px\" \/><\/figure>\n<\/figure>\n","protected":false},"excerpt":{"rendered":"<p>Est\u00e3o em andamento cursos profissionalizantes gratuitos dedicados ao p\u00fablico feminino, financiados por uma chamada p\u00fablica aberta este ano pela Copel. Institui\u00e7\u00f5es sociais e organiza\u00e7\u00f5es da sociedade civil (OSC) sem fins lucrativos que foram aprovadas para sediar as atividades formativas agora t\u00eam em andamento cursos nos setores de alimenta\u00e7\u00e3o e de cuidados est\u00e9ticos em Curitiba, Londrina [&hellip;]<\/p>\n","protected":false},"author":2,"featured_media":20480,"comment_status":"open","ping_status":"open","sticky":false,"template":"","format":"standard","meta":{"om_disable_all_campaigns":false,"_monsterinsights_skip_tracking":false,"_monsterinsights_sitenote_active":false,"_monsterinsights_sitenote_note":"","_monsterinsights_sitenote_category":0,"footnotes":""},"categories":[18,15],"tags":[],"class_list":["post-20478","post","type-post","status-publish","format-standard","has-post-thumbnail","hentry","category-parana","category-trabalho"],"_links":{"self":[{"href":"https:\/\/acontecenafronteira.com.br\/index.php\/wp-json\/wp\/v2\/posts\/20478","targetHints":{"allow":["GET"]}}],"collection":[{"href":"https:\/\/acontecenafronteira.com.br\/index.php\/wp-json\/wp\/v2\/posts"}],"about":[{"href":"https:\/\/acontecenafronteira.com.br\/index.php\/wp-json\/wp\/v2\/types\/post"}],"author":[{"embeddable":true,"href":"https:\/\/acontecenafronteira.com.br\/index.php\/wp-json\/wp\/v2\/users\/2"}],"replies":[{"embeddable":true,"href":"https:\/\/acontecenafronteira.com.br\/index.php\/wp-json\/wp\/v2\/comments?post=20478"}],"version-history":[{"count":1,"href":"https:\/\/acontecenafronteira.com.br\/index.php\/wp-json\/wp\/v2\/posts\/20478\/revisions"}],"predecessor-version":[{"id":20482,"href":"https:\/\/acontecenafronteira.com.br\/index.php\/wp-json\/wp\/v2\/posts\/20478\/revisions\/20482"}],"wp:featuredmedia":[{"embeddable":true,"href":"https:\/\/acontecenafronteira.com.br\/index.php\/wp-json\/wp\/v2\/media\/20480"}],"wp:attachment":[{"href":"https:\/\/acontecenafronteira.com.br\/index.php\/wp-json\/wp\/v2\/media?parent=20478"}],"wp:term":[{"taxonomy":"category","embeddable":true,"href":"https:\/\/acontecenafronteira.com.br\/index.php\/wp-json\/wp\/v2\/categories?post=20478"},{"taxonomy":"post_tag","embeddable":true,"href":"https:\/\/acontecenafronteira.com.br\/index.php\/wp-json\/wp\/v2\/tags?post=20478"}],"curies":[{"name":"wp","href":"https:\/\/api.w.org\/{rel}","templated":true}]}}