{"id":20475,"date":"2024-11-16T23:48:20","date_gmt":"2024-11-17T02:48:20","guid":{"rendered":"https:\/\/acontecenafronteira.com.br\/?p=20475"},"modified":"2024-11-16T23:48:21","modified_gmt":"2024-11-17T02:48:21","slug":"general-silva-e-luna-garante-nova-upa-e-recursos-para-foz-do-iguacu","status":"publish","type":"post","link":"https:\/\/acontecenafronteira.com.br\/index.php\/2024\/11\/16\/general-silva-e-luna-garante-nova-upa-e-recursos-para-foz-do-iguacu\/","title":{"rendered":"General Silva e Luna Garante Nova UPA e Recursos para Foz do Igua\u00e7u"},"content":{"rendered":"\n<p>Mesmo antes de assumir oficialmente como prefeito de Foz do Igua\u00e7u, o General Silva e Luna j\u00e1 est\u00e1 mostrando seu compromisso com a cidade. Em reuni\u00e3o com o secret\u00e1rio de sa\u00fade do Paran\u00e1, deputado Beto Preto, foram anunciadas importantes novidades para o setor de sa\u00fade do munic\u00edpio.<\/p>\n\n\n\n<p>Na ocasi\u00e3o, a Secretaria de Sa\u00fade do Estado assinou uma resolu\u00e7\u00e3o que garante a constru\u00e7\u00e3o de uma nova Unidade de Pronto Atendimento (UPA) na regi\u00e3o do Porto Meira. A obra ser\u00e1 financiada pelo Governo do Paran\u00e1 e executada pela Prefeitura de Foz. \u201cEstamos aqui para colaborar com o General Silva e Luna, que j\u00e1 est\u00e1 arrega\u00e7ando as mangas para melhorar a sa\u00fade p\u00fablica da cidade\u201d, destacou Beto Preto.<\/p>\n\n\n\n<p>Al\u00e9m da nova UPA, foi assegurado o envio de um conjunto completo de equipamentos e insumos para que a gest\u00e3o de Silva e Luna possa iniciar com a estrutura necess\u00e1ria. \u201cEsse \u00e9 o primeiro de muitos passos que vamos dar juntos. Foz do Igua\u00e7u merece esse esfor\u00e7o conjunto\u201d, afirmou o secret\u00e1rio.<\/p>\n\n\n\n<p>O General Silva e Luna agradeceu o apoio e refor\u00e7ou seu compromisso com os igua\u00e7uenses:<\/p>\n\n\n\n<p> \u201cSaio daqui animado e com a certeza de que estamos no caminho certo. A sa\u00fade de Foz \u00e9 uma prioridade, e j\u00e1 come\u00e7amos a trabalhar por ela. Vamos em frente!\u201d, disse.<\/p>\n\n\n\n<p>O encontro simboliza o alinhamento entre a futura administra\u00e7\u00e3o municipal e o Governo do Estado, com o objetivo de trazer mais qualidade e efici\u00eancia ao atendimento em sa\u00fade para a popula\u00e7\u00e3o de Foz do Igua\u00e7u.<\/p>\n\n\n\n<p>Fonte: ASCOM General Silva e Luna<br>imprensa.general@gmail.com<\/p>\n","protected":false},"excerpt":{"rendered":"<p>Mesmo antes de assumir oficialmente como prefeito de Foz do Igua\u00e7u, o General Silva e Luna j\u00e1 est\u00e1 mostrando seu compromisso com a cidade. Em reuni\u00e3o com o secret\u00e1rio de sa\u00fade do Paran\u00e1, deputado Beto Preto, foram anunciadas importantes novidades para o setor de sa\u00fade do munic\u00edpio. Na ocasi\u00e3o, a Secretaria de Sa\u00fade do Estado [&hellip;]<\/p>\n","protected":false},"author":2,"featured_media":20476,"comment_status":"open","ping_status":"open","sticky":false,"template":"","format":"standard","meta":{"om_disable_all_campaigns":false,"_monsterinsights_skip_tracking":false,"_monsterinsights_sitenote_active":false,"_monsterinsights_sitenote_note":"","_monsterinsights_sitenote_category":0,"footnotes":""},"categories":[4,19,10],"tags":[],"class_list":["post-20475","post","type-post","status-publish","format-standard","has-post-thumbnail","hentry","category-cidade","category-politica","category-saude"],"_links":{"self":[{"href":"https:\/\/acontecenafronteira.com.br\/index.php\/wp-json\/wp\/v2\/posts\/20475","targetHints":{"allow":["GET"]}}],"collection":[{"href":"https:\/\/acontecenafronteira.com.br\/index.php\/wp-json\/wp\/v2\/posts"}],"about":[{"href":"https:\/\/acontecenafronteira.com.br\/index.php\/wp-json\/wp\/v2\/types\/post"}],"author":[{"embeddable":true,"href":"https:\/\/acontecenafronteira.com.br\/index.php\/wp-json\/wp\/v2\/users\/2"}],"replies":[{"embeddable":true,"href":"https:\/\/acontecenafronteira.com.br\/index.php\/wp-json\/wp\/v2\/comments?post=20475"}],"version-history":[{"count":1,"href":"https:\/\/acontecenafronteira.com.br\/index.php\/wp-json\/wp\/v2\/posts\/20475\/revisions"}],"predecessor-version":[{"id":20477,"href":"https:\/\/acontecenafronteira.com.br\/index.php\/wp-json\/wp\/v2\/posts\/20475\/revisions\/20477"}],"wp:featuredmedia":[{"embeddable":true,"href":"https:\/\/acontecenafronteira.com.br\/index.php\/wp-json\/wp\/v2\/media\/20476"}],"wp:attachment":[{"href":"https:\/\/acontecenafronteira.com.br\/index.php\/wp-json\/wp\/v2\/media?parent=20475"}],"wp:term":[{"taxonomy":"category","embeddable":true,"href":"https:\/\/acontecenafronteira.com.br\/index.php\/wp-json\/wp\/v2\/categories?post=20475"},{"taxonomy":"post_tag","embeddable":true,"href":"https:\/\/acontecenafronteira.com.br\/index.php\/wp-json\/wp\/v2\/tags?post=20475"}],"curies":[{"name":"wp","href":"https:\/\/api.w.org\/{rel}","templated":true}]}}