{"id":20399,"date":"2024-11-13T11:33:06","date_gmt":"2024-11-13T14:33:06","guid":{"rendered":"https:\/\/acontecenafronteira.com.br\/?p=20399"},"modified":"2024-11-13T11:33:07","modified_gmt":"2024-11-13T14:33:07","slug":"silva-e-luna-define-secretario-de-tecnologia","status":"publish","type":"post","link":"https:\/\/acontecenafronteira.com.br\/index.php\/2024\/11\/13\/silva-e-luna-define-secretario-de-tecnologia\/","title":{"rendered":"Silva e Luna define Secret\u00e1rio de Tecnologia"},"content":{"rendered":"\n<p><strong><em>Luiz Teixeira ir\u00e1 Liderar a Tecnologia de Foz sob Gest\u00e3o de Silva e Luna<\/em><\/strong><\/p>\n\n\n\n<p>Foz do Igua\u00e7u, 13 de novembro de 2024 \u2013 O prefeito eleito General Silva e Luna confirmou Luiz Teixeira como o novo Secret\u00e1rio de Tecnologia, Inova\u00e7\u00e3o e Moderniza\u00e7\u00e3o Digital de Foz do Igua\u00e7u. Com um hist\u00f3rico de excel\u00eancia em intelig\u00eancia artificial e transforma\u00e7\u00e3o digital, Teixeira ser\u00e1 respons\u00e1vel por liderar o projeto \u201cCidade na Palma da M\u00e3o\u201d, uma das principais promessas de campanha de Silva e Luna. Ele tamb\u00e9m se destacou como CEO e Presidente do Conselho de Administra\u00e7\u00e3o da IntelliTech, onde liderou a implementa\u00e7\u00e3o de projetos inovadores para empresas como Samarco e Vale, ap\u00f3s os conhecidos incidentes industriais. Sua atua\u00e7\u00e3o trouxe melhorias significativas em seguran\u00e7a e efici\u00eancia, colocando essas empresas como refer\u00eancias globais em tecnologia disruptiva. Al\u00e9m disso, Luiz liderou iniciativas tecnol\u00f3gicas de grande porte no Chile, Peru e Canad\u00e1, refor\u00e7ando sua reputa\u00e7\u00e3o como um dos principais l\u00edderes em Transforma\u00e7\u00e3o Digital e Intelig\u00eancia Artificial.<br>\u201cLuiz Teixeira traz a expertise e a vis\u00e3o estrat\u00e9gica que precisamos para fazer de Foz do Igua\u00e7u uma refer\u00eancia em governan\u00e7a digital e inova\u00e7\u00e3o\u201d, afirmou o General Silva e Luna. \u201cNosso compromisso \u00e9 oferecer servi\u00e7os p\u00fablicos acess\u00edveis, eficientes e integrados, tornando a vida dos cidad\u00e3os mais simples e conectada.\u201d<\/p>\n\n\n\n<p>O projeto \u201cCidade na Palma da M\u00e3o\u201d tem como objetivo transformar a intera\u00e7\u00e3o dos moradores com a administra\u00e7\u00e3o municipal. Por meio de uma plataforma digital unificada, os cidad\u00e3os poder\u00e3o acessar diversos servi\u00e7os p\u00fablicos, desde consultas de sa\u00fade at\u00e9 a solicita\u00e7\u00e3o de documentos e acompanhamento de obras, tudo de maneira f\u00e1cil e intuitiva.<br>\u201cA verdadeira cidade inteligente \u00e9 aquela que coloca o cidad\u00e3o no centro da inova\u00e7\u00e3o. Vamos construir um ambiente digital acess\u00edvel para todos, com foco em efici\u00eancia e inclus\u00e3o\u201d, declarou Luiz Teixeira. Essa abordagem j\u00e1 foi aplicada com sucesso por Luiz em projetos internacionais, onde solu\u00e7\u00f5es inteligentes facilitaram o acesso a servi\u00e7os p\u00fablicos, otimizaram a mobilidade urbana e fortaleceram a seguran\u00e7a em diversas cidades de destaque global.<br>Al\u00e9m de modernizar os servi\u00e7os municipais, a estrat\u00e9gia inclui o uso de intelig\u00eancia artificial para otimizar \u00e1reas cr\u00edticas como mobilidade urbana, seguran\u00e7a e sustentabilidade. O projeto visa colocar Foz do Igua\u00e7u na vanguarda da tecnologia, servindo como exemplo para outras cidades do Brasil.<br>Silva e Luna finalizou: \u201cEste \u00e9 o primeiro passo para transformar Foz do Igua\u00e7u em uma cidade do futuro, onde a tecnologia est\u00e1 a servi\u00e7o das pessoas.\u201d<\/p>\n\n\n\n<p>Fonte: Ascom General Silva e Luna<\/p>\n","protected":false},"excerpt":{"rendered":"<p>Luiz Teixeira ir\u00e1 Liderar a Tecnologia de Foz sob Gest\u00e3o de Silva e Luna Foz do Igua\u00e7u, 13 de novembro de 2024 \u2013 O prefeito eleito General Silva e Luna confirmou Luiz Teixeira como o novo Secret\u00e1rio de Tecnologia, Inova\u00e7\u00e3o e Moderniza\u00e7\u00e3o Digital de Foz do Igua\u00e7u. Com um hist\u00f3rico de excel\u00eancia em intelig\u00eancia artificial [&hellip;]<\/p>\n","protected":false},"author":2,"featured_media":20400,"comment_status":"open","ping_status":"open","sticky":false,"template":"","format":"standard","meta":{"om_disable_all_campaigns":false,"_monsterinsights_skip_tracking":false,"_monsterinsights_sitenote_active":false,"_monsterinsights_sitenote_note":"","_monsterinsights_sitenote_category":0,"footnotes":""},"categories":[1],"tags":[],"class_list":["post-20399","post","type-post","status-publish","format-standard","has-post-thumbnail","hentry","category-sem-categoria"],"_links":{"self":[{"href":"https:\/\/acontecenafronteira.com.br\/index.php\/wp-json\/wp\/v2\/posts\/20399","targetHints":{"allow":["GET"]}}],"collection":[{"href":"https:\/\/acontecenafronteira.com.br\/index.php\/wp-json\/wp\/v2\/posts"}],"about":[{"href":"https:\/\/acontecenafronteira.com.br\/index.php\/wp-json\/wp\/v2\/types\/post"}],"author":[{"embeddable":true,"href":"https:\/\/acontecenafronteira.com.br\/index.php\/wp-json\/wp\/v2\/users\/2"}],"replies":[{"embeddable":true,"href":"https:\/\/acontecenafronteira.com.br\/index.php\/wp-json\/wp\/v2\/comments?post=20399"}],"version-history":[{"count":1,"href":"https:\/\/acontecenafronteira.com.br\/index.php\/wp-json\/wp\/v2\/posts\/20399\/revisions"}],"predecessor-version":[{"id":20401,"href":"https:\/\/acontecenafronteira.com.br\/index.php\/wp-json\/wp\/v2\/posts\/20399\/revisions\/20401"}],"wp:featuredmedia":[{"embeddable":true,"href":"https:\/\/acontecenafronteira.com.br\/index.php\/wp-json\/wp\/v2\/media\/20400"}],"wp:attachment":[{"href":"https:\/\/acontecenafronteira.com.br\/index.php\/wp-json\/wp\/v2\/media?parent=20399"}],"wp:term":[{"taxonomy":"category","embeddable":true,"href":"https:\/\/acontecenafronteira.com.br\/index.php\/wp-json\/wp\/v2\/categories?post=20399"},{"taxonomy":"post_tag","embeddable":true,"href":"https:\/\/acontecenafronteira.com.br\/index.php\/wp-json\/wp\/v2\/tags?post=20399"}],"curies":[{"name":"wp","href":"https:\/\/api.w.org\/{rel}","templated":true}]}}