{"id":20336,"date":"2024-11-11T12:09:37","date_gmt":"2024-11-11T15:09:37","guid":{"rendered":"https:\/\/acontecenafronteira.com.br\/?p=20336"},"modified":"2024-11-11T12:09:38","modified_gmt":"2024-11-11T15:09:38","slug":"aumento-dos-casos-de-covid-19-volta-do-uso-de-mascara-esta-no-radar-do-brasil","status":"publish","type":"post","link":"https:\/\/acontecenafronteira.com.br\/index.php\/2024\/11\/11\/aumento-dos-casos-de-covid-19-volta-do-uso-de-mascara-esta-no-radar-do-brasil\/","title":{"rendered":"Aumento dos casos de covid-19: volta do uso de m\u00e1scara est\u00e1 no radar do Brasil?"},"content":{"rendered":"\n<p><strong><em>Alguns pa\u00edses do hemisf\u00e9rio norte, como a Espanha, consideram reimplantar a medida com chegada do inverno por l\u00e1<\/em><\/strong><\/p>\n\n\n\n<p>Quase cinco anos ap\u00f3s o in\u00edcio da pandemia de covid-19, a doen\u00e7a continua sendo tema de debates em todo o mundo. Agora, com a aproxima\u00e7\u00e3o da chegada do inverno no hemisf\u00e9rio norte, alguns pa\u00edses da Europa discutem a volta da obrigatoriedade da m\u00e1scara no transporte p\u00fablico e espa\u00e7os p\u00fablicos, como supermercados e shoppings. De acordo com o jornal El Espa\u00f1ol, o Minist\u00e9rio da Sa\u00fade da Espanha est\u00e1, desde j\u00e1, recomendando o uso de m\u00e1scara durante toda a temporada de v\u00edrus respirat\u00f3rios, tamb\u00e9m avaliando a possibilidade de torn\u00e1-las obrigat\u00f3rias em cen\u00e1rios de alta transmiss\u00e3o.<\/p>\n\n\n\n<p>No Brasil, mesmo depois do inverno, os dados tamb\u00e9m apontam para um aumento no n\u00famero de casos da doen\u00e7a. Segundo dados do Minist\u00e9rio da Sa\u00fade, esse n\u00famero praticamente dobrou na \u00faltima semana de outubro, alcan\u00e7ando quase 11 mil entre 27 de outubro e 1\u00ba de novembro, contra 5,5 mil na semana anterior. Por aqui, embora a nova variante do coronav\u00edrus esteja causando esse aumento em rela\u00e7\u00e3o aos \u00faltimos meses, os \u00edndices ainda est\u00e3o muito abaixo das m\u00e1ximas dos anos anteriores para pensar numa volta obrigat\u00f3ria das m\u00e1scaras. &#8220;As novas variantes tendem a aumentar a incid\u00eancia pois as pessoas t\u00eam menor imunidade contra esses v\u00edrus, mas isso n\u00e3o necessariamente se reflete em um risco de morte maior&#8221;, aponta o infectologista e professor do&nbsp;<a rel=\"noreferrer noopener\" target=\"_blank\" href=\"https:\/\/www.up.edu.br\/graduacao\/medicina?utm_source=assessoria-imprensa&amp;utm_medium=release&amp;utm_campaign=pauta-fria&amp;utm_content=volta-das-mascaras-2024-2&amp;utm_term=up\">curso de Medicina da Universidade Positivo (UP)<\/a>, Marcelo Ducroquet.<\/p>\n\n\n\n<p>Caso haja uma press\u00e3o significativa nos servi\u00e7os de sa\u00fade, a ponto de impactar na qualidade desses servi\u00e7os, essa medida pode passar a ser considerada. Entretanto, o especialista acredita que n\u00e3o seja o caso no momento. &#8220;O uso de m\u00e1scara \u00e9 uma medida que afeta diretamente o modo de vida de todos e deve ser usada apenas em casos extremos, com o objetivo de diminuir temporariamente a incid\u00eancia de doen\u00e7as respirat\u00f3rias e permitir que os servi\u00e7os de sa\u00fade atendam a demanda&#8221;, explica.<\/p>\n\n\n\n<p>O especialista ainda ressalta que, antes da covid-19, o mundo conviveu por muitos anos com outros coronav\u00edrus que tamb\u00e9m sofriam muta\u00e7\u00f5es e causavam ondas. Passaram-se muitas d\u00e9cadas para que uma dessas variantes evolu\u00edsse para algo capaz de causar uma doen\u00e7a grave, respons\u00e1vel pela pandemia de 2019. &#8220;O mais prov\u00e1vel \u00e9 que tenhamos muitos anos de casos leves pela frente antes que outra variante grave apare\u00e7a.&#8221;<\/p>\n\n\n\n<p>Ao n\u00e3o adotar a volta obrigat\u00f3ria do uso de m\u00e1scara, o risco mais prov\u00e1vel \u00e9 o de um aumento no n\u00famero de casos. Entretanto, nada que cause uma alta taxa de mortalidade, como foi na pandemia. A tend\u00eancia \u00e9 que aconte\u00e7a algo parecido com o que ocorreu ap\u00f3s a pandemia de influenza de 2009, que ficou conhecida como gripe su\u00edna. &#8220;A incid\u00eancia dos v\u00edrus respirat\u00f3rios na popula\u00e7\u00e3o \u00e9 monitorada pelo Minist\u00e9rio da Sa\u00fade e Secretarias de Sa\u00fade estaduais, ent\u00e3o \u00e9 improv\u00e1vel que sejamos pegos de surpresa. Haver\u00e1 tempo de implementar medidas para reduzir a circula\u00e7\u00e3o viral, como o pr\u00f3prio uso da m\u00e1scara. Se isso acontecer, ser\u00e1 feito de forma escalonada&#8221;, finaliza o infectologista.<\/p>\n\n\n\n<p>imagem:google<\/p>\n","protected":false},"excerpt":{"rendered":"<p>Alguns pa\u00edses do hemisf\u00e9rio norte, como a Espanha, consideram reimplantar a medida com chegada do inverno por l\u00e1 Quase cinco anos ap\u00f3s o in\u00edcio da pandemia de covid-19, a doen\u00e7a continua sendo tema de debates em todo o mundo. Agora, com a aproxima\u00e7\u00e3o da chegada do inverno no hemisf\u00e9rio norte, alguns pa\u00edses da Europa discutem [&hellip;]<\/p>\n","protected":false},"author":2,"featured_media":20337,"comment_status":"open","ping_status":"open","sticky":false,"template":"","format":"standard","meta":{"om_disable_all_campaigns":false,"_monsterinsights_skip_tracking":false,"_monsterinsights_sitenote_active":false,"_monsterinsights_sitenote_note":"","_monsterinsights_sitenote_category":0,"footnotes":""},"categories":[23,7,10],"tags":[],"class_list":["post-20336","post","type-post","status-publish","format-standard","has-post-thumbnail","hentry","category-clima","category-covid-19","category-saude"],"_links":{"self":[{"href":"https:\/\/acontecenafronteira.com.br\/index.php\/wp-json\/wp\/v2\/posts\/20336","targetHints":{"allow":["GET"]}}],"collection":[{"href":"https:\/\/acontecenafronteira.com.br\/index.php\/wp-json\/wp\/v2\/posts"}],"about":[{"href":"https:\/\/acontecenafronteira.com.br\/index.php\/wp-json\/wp\/v2\/types\/post"}],"author":[{"embeddable":true,"href":"https:\/\/acontecenafronteira.com.br\/index.php\/wp-json\/wp\/v2\/users\/2"}],"replies":[{"embeddable":true,"href":"https:\/\/acontecenafronteira.com.br\/index.php\/wp-json\/wp\/v2\/comments?post=20336"}],"version-history":[{"count":1,"href":"https:\/\/acontecenafronteira.com.br\/index.php\/wp-json\/wp\/v2\/posts\/20336\/revisions"}],"predecessor-version":[{"id":20338,"href":"https:\/\/acontecenafronteira.com.br\/index.php\/wp-json\/wp\/v2\/posts\/20336\/revisions\/20338"}],"wp:featuredmedia":[{"embeddable":true,"href":"https:\/\/acontecenafronteira.com.br\/index.php\/wp-json\/wp\/v2\/media\/20337"}],"wp:attachment":[{"href":"https:\/\/acontecenafronteira.com.br\/index.php\/wp-json\/wp\/v2\/media?parent=20336"}],"wp:term":[{"taxonomy":"category","embeddable":true,"href":"https:\/\/acontecenafronteira.com.br\/index.php\/wp-json\/wp\/v2\/categories?post=20336"},{"taxonomy":"post_tag","embeddable":true,"href":"https:\/\/acontecenafronteira.com.br\/index.php\/wp-json\/wp\/v2\/tags?post=20336"}],"curies":[{"name":"wp","href":"https:\/\/api.w.org\/{rel}","templated":true}]}}