{"id":20178,"date":"2024-11-01T19:15:35","date_gmt":"2024-11-01T22:15:35","guid":{"rendered":"https:\/\/acontecenafronteira.com.br\/?p=20178"},"modified":"2024-11-01T19:15:36","modified_gmt":"2024-11-01T22:15:36","slug":"jurisciencia-debate-genero-raca-e-direitos-humanos-na-unioeste-foz-do-iguacu","status":"publish","type":"post","link":"https:\/\/acontecenafronteira.com.br\/index.php\/2024\/11\/01\/jurisciencia-debate-genero-raca-e-direitos-humanos-na-unioeste-foz-do-iguacu\/","title":{"rendered":"Jurisci\u00eancia debate g\u00eanero, ra\u00e7a e direitos humanos na Unioeste Foz do Igua\u00e7u"},"content":{"rendered":"\n<p>Nos dias 5, 6 e 7 de novembro, a Universidade Estadual do Oeste do Paran\u00e1 (Unioeste), Campus<br>Foz do Igua\u00e7u, realiza a 16\u00aa edi\u00e7\u00e3o do Jurisci\u00eancia, com o tema \u201cConstitui\u00e7\u00e3o em Debate: G\u00eanero,<br>Ra\u00e7a e Direitos Humanos\u201d. O evento, organizado pelo curso de Direito, por meio do Centro<br>Acad\u00eamico e da Coordena\u00e7\u00e3o, \u00e9 gratuito e aberto ao p\u00fablico. Com in\u00edcio \u00e0s 18h30 no Audit\u00f3rio<br>Alcib\u00edades Luiz Orlando, o Jurisci\u00eancia promove a extens\u00e3o universit\u00e1ria ao oferecer \u00e0 comunidade<br>discuss\u00f5es acess\u00edveis sobre quest\u00f5es sociais e acad\u00eamicas.<br>A programa\u00e7\u00e3o abre no dia 5, \u00e0s 19h, com a palestra &#8220;Direitos Humanos e a Forma\u00e7\u00e3o Social do<br>Brasil: Desafios Hist\u00f3ricos e Perspectivas Contempor\u00e2neas&#8221;, ministrada pela Prof\u00aa. Dra. Amar\u00edlis<br>Costa, com media\u00e7\u00e3o da Prof\u00aa. Dra. Lissandra Aguirre. No dia 6, \u00e0s 19h, uma mesa de conversa<br>abordar\u00e1 &#8220;A Consolida\u00e7\u00e3o de um Estado Democr\u00e1tico de Direito diante da Viol\u00eancia de G\u00eanero&#8221;,<br>com contribui\u00e7\u00f5es do Prof. Dr. Alexandre Silva Bortolini de Castro, Prof. Dr. Fanny Mencato, Dra.<br>Patricia Maeda e Dr. Marcelo Bruzinga, sob media\u00e7\u00e3o da Coordenadora Institucional do Centro<br>Acad\u00eamico, Flora de Moura Silva.<br>O \u00faltimo dia, 7 de novembro, inclui oficinas \u00e0s 19h, nas salas L6 e K1, explorando temas como<br>&#8220;G\u00eanero e Sexualidade na Forma\u00e7\u00e3o Social Brasileira&#8221;, por Alexandre Silva Bortolini de Castro, e<br>&#8220;Estado de Direito: A N\u00e3o Discrimina\u00e7\u00e3o como Objetivo da Rep\u00fablica Federativa do Brasil&#8221;,<br>conduzida pelo advogado Igor Moraes de Cardoso. \u00c0s 20h30, ocorre a apresenta\u00e7\u00e3o de resumos<br>expandidos aprovados para esta edi\u00e7\u00e3o.<br>O Jurisci\u00eancia, ao promover o di\u00e1logo sobre quest\u00f5es raciais e de g\u00eanero, reafirma o compromisso<br>da Unioeste com a inclus\u00e3o social e o fortalecimento dos direitos humanos, consolidando seu papel<br>como espa\u00e7o de reflex\u00e3o para uma sociedade mais justa e consciente.<\/p>\n","protected":false},"excerpt":{"rendered":"<p>Nos dias 5, 6 e 7 de novembro, a Universidade Estadual do Oeste do Paran\u00e1 (Unioeste), CampusFoz do Igua\u00e7u, realiza a 16\u00aa edi\u00e7\u00e3o do Jurisci\u00eancia, com o tema \u201cConstitui\u00e7\u00e3o em Debate: G\u00eanero,Ra\u00e7a e Direitos Humanos\u201d. O evento, organizado pelo curso de Direito, por meio do CentroAcad\u00eamico e da Coordena\u00e7\u00e3o, \u00e9 gratuito e aberto ao p\u00fablico. [&hellip;]<\/p>\n","protected":false},"author":2,"featured_media":20179,"comment_status":"open","ping_status":"open","sticky":false,"template":"","format":"standard","meta":{"om_disable_all_campaigns":false,"_monsterinsights_skip_tracking":false,"_monsterinsights_sitenote_active":false,"_monsterinsights_sitenote_note":"","_monsterinsights_sitenote_category":0,"footnotes":""},"categories":[8],"tags":[],"class_list":["post-20178","post","type-post","status-publish","format-standard","has-post-thumbnail","hentry","category-educaca0"],"_links":{"self":[{"href":"https:\/\/acontecenafronteira.com.br\/index.php\/wp-json\/wp\/v2\/posts\/20178","targetHints":{"allow":["GET"]}}],"collection":[{"href":"https:\/\/acontecenafronteira.com.br\/index.php\/wp-json\/wp\/v2\/posts"}],"about":[{"href":"https:\/\/acontecenafronteira.com.br\/index.php\/wp-json\/wp\/v2\/types\/post"}],"author":[{"embeddable":true,"href":"https:\/\/acontecenafronteira.com.br\/index.php\/wp-json\/wp\/v2\/users\/2"}],"replies":[{"embeddable":true,"href":"https:\/\/acontecenafronteira.com.br\/index.php\/wp-json\/wp\/v2\/comments?post=20178"}],"version-history":[{"count":1,"href":"https:\/\/acontecenafronteira.com.br\/index.php\/wp-json\/wp\/v2\/posts\/20178\/revisions"}],"predecessor-version":[{"id":20180,"href":"https:\/\/acontecenafronteira.com.br\/index.php\/wp-json\/wp\/v2\/posts\/20178\/revisions\/20180"}],"wp:featuredmedia":[{"embeddable":true,"href":"https:\/\/acontecenafronteira.com.br\/index.php\/wp-json\/wp\/v2\/media\/20179"}],"wp:attachment":[{"href":"https:\/\/acontecenafronteira.com.br\/index.php\/wp-json\/wp\/v2\/media?parent=20178"}],"wp:term":[{"taxonomy":"category","embeddable":true,"href":"https:\/\/acontecenafronteira.com.br\/index.php\/wp-json\/wp\/v2\/categories?post=20178"},{"taxonomy":"post_tag","embeddable":true,"href":"https:\/\/acontecenafronteira.com.br\/index.php\/wp-json\/wp\/v2\/tags?post=20178"}],"curies":[{"name":"wp","href":"https:\/\/api.w.org\/{rel}","templated":true}]}}