{"id":20134,"date":"2024-10-31T14:56:33","date_gmt":"2024-10-31T17:56:33","guid":{"rendered":"https:\/\/acontecenafronteira.com.br\/?p=20134"},"modified":"2024-10-31T14:56:34","modified_gmt":"2024-10-31T17:56:34","slug":"prazo-de-transferencia-dos-creditos-do-nota-parana-para-pagar-ipva-comeca-nesta-sexta","status":"publish","type":"post","link":"https:\/\/acontecenafronteira.com.br\/index.php\/2024\/10\/31\/prazo-de-transferencia-dos-creditos-do-nota-parana-para-pagar-ipva-comeca-nesta-sexta\/","title":{"rendered":"Prazo de transfer\u00eancia dos cr\u00e9ditos do Nota Paran\u00e1 para pagar IPVA come\u00e7a nesta sexta"},"content":{"rendered":"\n<p>Come\u00e7a nesta sexta-feira (1\u00ba) o prazo de transfer\u00eancia dos cr\u00e9ditos do Programa Nota Paran\u00e1 para pagamento do Imposto sobre Propriedade de Ve\u00edculos Automotores (IPVA) de 2025. O resgate com essa finalidade pode ser feito at\u00e9 30 de novembro, sem limite m\u00ednimo de valor.<\/p>\n\n\n\n<p>De acordo com a Secretaria de Estado da Fazenda (Sefa), cerca de 4 milh\u00f5es de ve\u00edculos tributados podem ter o IPVA pago no valor parcial ou total por meio do programa, caso possuam cr\u00e9ditos gerados por solicita\u00e7\u00e3o de CPF nas notas.<\/p>\n\n\n\n<p>O uso do Nota Paran\u00e1 para o pagamento do IPVA s\u00f3 vale para ve\u00edculos de propriedade do contribuinte cadastrado. N\u00e3o \u00e9 poss\u00edvel pagar o imposto dessa forma para terceiros.<\/p>\n\n\n\n<p>Para o IPVA de 2024, cerca de 107,3 mil ve\u00edculos utilizaram os cr\u00e9ditos para quitar ou obter descontos no imposto, totalizando mais de R$ 6,9 milh\u00f5es em transfer\u00eancias. Desde 2016, foram utilizados aproximadamente R$ 82,5 milh\u00f5es.<\/p>\n\n\n\n<p><strong>COMO UTILIZAR<\/strong>&nbsp;\u2013&nbsp;Para transferir \u00e9 preciso acessar o&nbsp;<a href=\"https:\/\/www.notaparana.pr.gov.br\/\" target=\"_blank\" rel=\"noreferrer noopener\">site do Nota Paran\u00e1<\/a>, fazer o login com CPF e senha, clicar na aba \u201cMinha Conta Corrente\u201d e selecionar \u201cTransferir cr\u00e9dito para pagamento de IPVA\u201d.<\/p>\n\n\n\n<p>A op\u00e7\u00e3o de transfer\u00eancia de IPVA fica dispon\u00edvel apenas durante o m\u00eas de novembro. Por ser integrado com o sistema do Detran\/PR, n\u00e3o \u00e9 necess\u00e1rio preencher dados de n\u00famero de placa ou Renavam. Por isso mesmo, s\u00f3 \u00e9 poss\u00edvel fazer a transfer\u00eancia para ve\u00edculos e propriedade do contribuinte.<\/p>\n\n\n\n<p>Caso o ve\u00edculo n\u00e3o esteja listado no aplicativo ou no site do Nota Paran\u00e1, entre em contato pelo WhatsApp (44) 99831-9499.<\/p>\n\n\n\n<p><strong>NOTA PARAN\u00c1<\/strong>&nbsp;\u2013&nbsp;Programa do Governo do Estado, o Nota Paran\u00e1 devolve ao contribuinte parte do ICMS pago nas compras feitas no com\u00e9rcio varejista. Al\u00e9m de cr\u00e9ditos, tamb\u00e9m h\u00e1&nbsp;<a href=\"https:\/\/www.aen.pr.gov.br\/Noticia\/Premio-de-R-100-mil-do-Nota-Parana-vai-para-moradora-de-Florestopolis\" target=\"_blank\" rel=\"noreferrer noopener\">sorteio de pr\u00eamios mensais em dinheiro<\/a>&nbsp;aos contribuintes.<\/p>\n\n\n\n<p>Para participar, os consumidores cadastrados devem solicitar a inclus\u00e3o do CPF na nota fiscal. Essa pr\u00e1tica possibilita acumular cr\u00e9ditos, os quais podem ser transferidos para a conta banc\u00e1ria do participante ou usados no IPVA.<\/p>\n\n\n\n<p>Para se cadastrar, basta acessar o site&nbsp;<a href=\"https:\/\/www.notaparana.pr.gov.br\/\" target=\"_blank\" rel=\"noreferrer noopener\">www.notaparana.pr.gov.br<\/a>, clicar na op\u00e7\u00e3o \u201ccadastre-se\u201d e preencher a ficha com os dados pessoais, como CPF, data de nascimento, nome completo, CEP e endere\u00e7o para cria\u00e7\u00e3o da senha pessoal.<\/p>\n","protected":false},"excerpt":{"rendered":"<p>Come\u00e7a nesta sexta-feira (1\u00ba) o prazo de transfer\u00eancia dos cr\u00e9ditos do Programa Nota Paran\u00e1 para pagamento do Imposto sobre Propriedade de Ve\u00edculos Automotores (IPVA) de 2025. O resgate com essa finalidade pode ser feito at\u00e9 30 de novembro, sem limite m\u00ednimo de valor. De acordo com a Secretaria de Estado da Fazenda (Sefa), cerca de [&hellip;]<\/p>\n","protected":false},"author":2,"featured_media":20135,"comment_status":"open","ping_status":"open","sticky":false,"template":"","format":"standard","meta":{"om_disable_all_campaigns":false,"_monsterinsights_skip_tracking":false,"_monsterinsights_sitenote_active":false,"_monsterinsights_sitenote_note":"","_monsterinsights_sitenote_category":0,"footnotes":""},"categories":[18],"tags":[],"class_list":["post-20134","post","type-post","status-publish","format-standard","has-post-thumbnail","hentry","category-parana"],"_links":{"self":[{"href":"https:\/\/acontecenafronteira.com.br\/index.php\/wp-json\/wp\/v2\/posts\/20134","targetHints":{"allow":["GET"]}}],"collection":[{"href":"https:\/\/acontecenafronteira.com.br\/index.php\/wp-json\/wp\/v2\/posts"}],"about":[{"href":"https:\/\/acontecenafronteira.com.br\/index.php\/wp-json\/wp\/v2\/types\/post"}],"author":[{"embeddable":true,"href":"https:\/\/acontecenafronteira.com.br\/index.php\/wp-json\/wp\/v2\/users\/2"}],"replies":[{"embeddable":true,"href":"https:\/\/acontecenafronteira.com.br\/index.php\/wp-json\/wp\/v2\/comments?post=20134"}],"version-history":[{"count":1,"href":"https:\/\/acontecenafronteira.com.br\/index.php\/wp-json\/wp\/v2\/posts\/20134\/revisions"}],"predecessor-version":[{"id":20136,"href":"https:\/\/acontecenafronteira.com.br\/index.php\/wp-json\/wp\/v2\/posts\/20134\/revisions\/20136"}],"wp:featuredmedia":[{"embeddable":true,"href":"https:\/\/acontecenafronteira.com.br\/index.php\/wp-json\/wp\/v2\/media\/20135"}],"wp:attachment":[{"href":"https:\/\/acontecenafronteira.com.br\/index.php\/wp-json\/wp\/v2\/media?parent=20134"}],"wp:term":[{"taxonomy":"category","embeddable":true,"href":"https:\/\/acontecenafronteira.com.br\/index.php\/wp-json\/wp\/v2\/categories?post=20134"},{"taxonomy":"post_tag","embeddable":true,"href":"https:\/\/acontecenafronteira.com.br\/index.php\/wp-json\/wp\/v2\/tags?post=20134"}],"curies":[{"name":"wp","href":"https:\/\/api.w.org\/{rel}","templated":true}]}}