{"id":20076,"date":"2024-10-29T16:29:09","date_gmt":"2024-10-29T19:29:09","guid":{"rendered":"https:\/\/acontecenafronteira.com.br\/?p=20076"},"modified":"2024-10-29T16:29:10","modified_gmt":"2024-10-29T19:29:10","slug":"filfi-tera-feirinha-da-jk-e-abertura-da-biblioteca-no-final-de-semana","status":"publish","type":"post","link":"https:\/\/acontecenafronteira.com.br\/index.php\/2024\/10\/29\/filfi-tera-feirinha-da-jk-e-abertura-da-biblioteca-no-final-de-semana\/","title":{"rendered":"FILFI ter\u00e1 Feirinha da JK e abertura da biblioteca no final de semana"},"content":{"rendered":"\n<p>A 19.\u00aa edi\u00e7\u00e3o da Feira Internacional do Livro de Foz do Igua\u00e7u (FILFI) acontecer\u00e1 de 6 a 10 de novembro, na Pra\u00e7a Get\u00falio Vargas (antiga C\u00e2mara), e contar\u00e1 com uma programa\u00e7\u00e3o especial com a presen\u00e7a de escritores locais e convidados. Tamb\u00e9m ter\u00e1 eventos paralelos como a Feirinha da JK e a abertura da biblioteca municipal no final de semana da feira.<\/p>\n\n\n\n<p>A ideia \u00e9 integrar os espa\u00e7os p\u00fablicos localizados na pra\u00e7a e fomentar a utiliza\u00e7\u00e3o do complexo que hoje abriga o cal\u00e7ad\u00e3o, a Esta\u00e7\u00e3o Cultural Haroldo Alvarenga e a Esta\u00e7\u00e3o Cultural do Artesanato, que ficam pr\u00f3ximos ao pr\u00e9dio da Funda\u00e7\u00e3o Cultural e da biblioteca p\u00fablica. \u201cA feira volta a acontecer em pra\u00e7a p\u00fablica justamente com o intuito de fomentar esse movimento em locais que devem ser ocupados pela comunidade\u201d, disse o diretor-presidente da Funda\u00e7\u00e3o Cultural, Juca Rodrigues.<\/p>\n\n\n\n<p>Al\u00e9m dos espa\u00e7os, a FILFI vai contar com a montagem da Feirinha da JK, que estar\u00e1 presente de quarta a s\u00e1bado, das 18h \u00e0s 22h, e domingo, das 8h \u00e0s 18h, com op\u00e7\u00f5es gastron\u00f4micas e artesanato. \u201cA presen\u00e7a de feirantes que participam das feiras livres na programa\u00e7\u00e3o de eventos culturais, como a Feira Internacional do Livro de Foz do Igua\u00e7u, \u00e9 uma iniciativa que fortalece a integra\u00e7\u00e3o entre a cultura e a economia local. A participa\u00e7\u00e3o desses trabalhadores n\u00e3o s\u00f3 promove uma troca valiosa entre diferentes p\u00fablicos, mas tamb\u00e9m enriquece o evento ao trazer diversidade e uma nova din\u00e2mica de intera\u00e7\u00e3o com a comunidade\u201d, real\u00e7ou o coordenador da feirinha, Alexandre Barbosa.<\/p>\n\n\n\n<p>Outra novidade \u00e9 o hor\u00e1rio de abertura da biblioteca municipal. Durante o per\u00edodo da FILFI, de quarta a sexta-feira, o funcionamento ser\u00e1 das 8h \u00e0s 20h, e no final de semana, das 9h \u00e0s 18h, com conta\u00e7\u00e3o de hist\u00f3rias, oficinas e jogos de RPG. Os hor\u00e1rios e a programa\u00e7\u00e3o podem ser acompanhados pelas redes sociais.<\/p>\n\n\n\n<p>A FILFI \u00e9 uma realiza\u00e7\u00e3o da Prefeitura de Foz do Igua\u00e7u, por meio da Funda\u00e7\u00e3o Cultural, Biblioteca Municipal e das secretarias municipais de Educa\u00e7\u00e3o, Turismo e Projetos Estrat\u00e9gicos.<\/p>\n\n\n\n<figure class=\"wp-block-image size-large\"><img loading=\"lazy\" decoding=\"async\" width=\"1024\" height=\"684\" src=\"https:\/\/acontecenafronteira.com.br\/wp-content\/uploads\/2024\/10\/WhatsApp-Image-2024-10-29-at-14.21.36-1024x684.jpeg?v=1730230132\" alt=\"\" class=\"wp-image-20077\" srcset=\"https:\/\/acontecenafronteira.com.br\/wp-content\/uploads\/2024\/10\/WhatsApp-Image-2024-10-29-at-14.21.36-1024x684.jpeg?v=1730230132 1024w, https:\/\/acontecenafronteira.com.br\/wp-content\/uploads\/2024\/10\/WhatsApp-Image-2024-10-29-at-14.21.36-300x200.jpeg?v=1730230132 300w, https:\/\/acontecenafronteira.com.br\/wp-content\/uploads\/2024\/10\/WhatsApp-Image-2024-10-29-at-14.21.36-768x513.jpeg?v=1730230132 768w, https:\/\/acontecenafronteira.com.br\/wp-content\/uploads\/2024\/10\/WhatsApp-Image-2024-10-29-at-14.21.36-1536x1025.jpeg?v=1730230132 1536w, https:\/\/acontecenafronteira.com.br\/wp-content\/uploads\/2024\/10\/WhatsApp-Image-2024-10-29-at-14.21.36.jpeg?v=1730230132 1600w\" sizes=\"auto, (max-width: 1024px) 100vw, 1024px\" \/><\/figure>\n","protected":false},"excerpt":{"rendered":"<p>A 19.\u00aa edi\u00e7\u00e3o da Feira Internacional do Livro de Foz do Igua\u00e7u (FILFI) acontecer\u00e1 de 6 a 10 de novembro, na Pra\u00e7a Get\u00falio Vargas (antiga C\u00e2mara), e contar\u00e1 com uma programa\u00e7\u00e3o especial com a presen\u00e7a de escritores locais e convidados. Tamb\u00e9m ter\u00e1 eventos paralelos como a Feirinha da JK e a abertura da biblioteca municipal [&hellip;]<\/p>\n","protected":false},"author":2,"featured_media":20078,"comment_status":"open","ping_status":"open","sticky":false,"template":"","format":"standard","meta":{"om_disable_all_campaigns":false,"_monsterinsights_skip_tracking":false,"_monsterinsights_sitenote_active":false,"_monsterinsights_sitenote_note":"","_monsterinsights_sitenote_category":0,"footnotes":""},"categories":[4,3,13],"tags":[],"class_list":["post-20076","post","type-post","status-publish","format-standard","has-post-thumbnail","hentry","category-cidade","category-cultura","category-entretenimento"],"_links":{"self":[{"href":"https:\/\/acontecenafronteira.com.br\/index.php\/wp-json\/wp\/v2\/posts\/20076","targetHints":{"allow":["GET"]}}],"collection":[{"href":"https:\/\/acontecenafronteira.com.br\/index.php\/wp-json\/wp\/v2\/posts"}],"about":[{"href":"https:\/\/acontecenafronteira.com.br\/index.php\/wp-json\/wp\/v2\/types\/post"}],"author":[{"embeddable":true,"href":"https:\/\/acontecenafronteira.com.br\/index.php\/wp-json\/wp\/v2\/users\/2"}],"replies":[{"embeddable":true,"href":"https:\/\/acontecenafronteira.com.br\/index.php\/wp-json\/wp\/v2\/comments?post=20076"}],"version-history":[{"count":1,"href":"https:\/\/acontecenafronteira.com.br\/index.php\/wp-json\/wp\/v2\/posts\/20076\/revisions"}],"predecessor-version":[{"id":20079,"href":"https:\/\/acontecenafronteira.com.br\/index.php\/wp-json\/wp\/v2\/posts\/20076\/revisions\/20079"}],"wp:featuredmedia":[{"embeddable":true,"href":"https:\/\/acontecenafronteira.com.br\/index.php\/wp-json\/wp\/v2\/media\/20078"}],"wp:attachment":[{"href":"https:\/\/acontecenafronteira.com.br\/index.php\/wp-json\/wp\/v2\/media?parent=20076"}],"wp:term":[{"taxonomy":"category","embeddable":true,"href":"https:\/\/acontecenafronteira.com.br\/index.php\/wp-json\/wp\/v2\/categories?post=20076"},{"taxonomy":"post_tag","embeddable":true,"href":"https:\/\/acontecenafronteira.com.br\/index.php\/wp-json\/wp\/v2\/tags?post=20076"}],"curies":[{"name":"wp","href":"https:\/\/api.w.org\/{rel}","templated":true}]}}