{"id":20073,"date":"2024-10-29T12:05:15","date_gmt":"2024-10-29T15:05:15","guid":{"rendered":"https:\/\/acontecenafronteira.com.br\/?p=20073"},"modified":"2024-10-29T12:05:17","modified_gmt":"2024-10-29T15:05:17","slug":"nota-de-pesar-pelo-falecimento-da-ex-vereadora-rozily-de-freitas","status":"publish","type":"post","link":"https:\/\/acontecenafronteira.com.br\/index.php\/2024\/10\/29\/nota-de-pesar-pelo-falecimento-da-ex-vereadora-rozily-de-freitas\/","title":{"rendered":"Nota de pesar pelo falecimento da ex-vereadora Rozily de Freitas"},"content":{"rendered":"\n<p>A C\u00e2mara Municipal de Foz do Igua\u00e7u expressa profundo pesar pelo falecimento da ex-vereadora Rozily San\u00e7\u00e3o de Freitas, de 66 anos, ocorrido na manh\u00e3 desta ter\u00e7a-feira, 29 de outubro, de causas naturais, no Hospital Municipal de Foz do Igua\u00e7u, onde estava internada desde o m\u00eas passado. Rozily fez hist\u00f3ria na pol\u00edtica como uma das primeiras mulheres a ocupar uma cadeira no Poder Legislativo, onde atuou por quatro mandatos e teve uma trajet\u00f3ria marcante na vida p\u00fablica da nossa cidade. O vel\u00f3rio ocorrer\u00e1 nesta ter\u00e7a-feira a partir das 16h, na Capela II do Cemit\u00e9rio S\u00e3o Jo\u00e3o Batista e o sepultamento est\u00e1 previsto para amanh\u00e3, dia 30.<\/p>\n\n\n\n<p><em>Mat\u00e9ria completa:<\/em> https:\/\/x.gd\/iVQcz<\/p>\n\n\n\n<p><em>Foto: Arquivo pessoal<\/em><\/p>\n","protected":false},"excerpt":{"rendered":"<p>A C\u00e2mara Municipal de Foz do Igua\u00e7u expressa profundo pesar pelo falecimento da ex-vereadora Rozily San\u00e7\u00e3o de Freitas, de 66 anos, ocorrido na manh\u00e3 desta ter\u00e7a-feira, 29 de outubro, de causas naturais, no Hospital Municipal de Foz do Igua\u00e7u, onde estava internada desde o m\u00eas passado. Rozily fez hist\u00f3ria na pol\u00edtica como uma das primeiras [&hellip;]<\/p>\n","protected":false},"author":2,"featured_media":20074,"comment_status":"open","ping_status":"open","sticky":false,"template":"","format":"standard","meta":{"om_disable_all_campaigns":false,"_monsterinsights_skip_tracking":false,"_monsterinsights_sitenote_active":false,"_monsterinsights_sitenote_note":"","_monsterinsights_sitenote_category":0,"footnotes":""},"categories":[4,19],"tags":[],"class_list":["post-20073","post","type-post","status-publish","format-standard","has-post-thumbnail","hentry","category-cidade","category-politica"],"_links":{"self":[{"href":"https:\/\/acontecenafronteira.com.br\/index.php\/wp-json\/wp\/v2\/posts\/20073","targetHints":{"allow":["GET"]}}],"collection":[{"href":"https:\/\/acontecenafronteira.com.br\/index.php\/wp-json\/wp\/v2\/posts"}],"about":[{"href":"https:\/\/acontecenafronteira.com.br\/index.php\/wp-json\/wp\/v2\/types\/post"}],"author":[{"embeddable":true,"href":"https:\/\/acontecenafronteira.com.br\/index.php\/wp-json\/wp\/v2\/users\/2"}],"replies":[{"embeddable":true,"href":"https:\/\/acontecenafronteira.com.br\/index.php\/wp-json\/wp\/v2\/comments?post=20073"}],"version-history":[{"count":1,"href":"https:\/\/acontecenafronteira.com.br\/index.php\/wp-json\/wp\/v2\/posts\/20073\/revisions"}],"predecessor-version":[{"id":20075,"href":"https:\/\/acontecenafronteira.com.br\/index.php\/wp-json\/wp\/v2\/posts\/20073\/revisions\/20075"}],"wp:featuredmedia":[{"embeddable":true,"href":"https:\/\/acontecenafronteira.com.br\/index.php\/wp-json\/wp\/v2\/media\/20074"}],"wp:attachment":[{"href":"https:\/\/acontecenafronteira.com.br\/index.php\/wp-json\/wp\/v2\/media?parent=20073"}],"wp:term":[{"taxonomy":"category","embeddable":true,"href":"https:\/\/acontecenafronteira.com.br\/index.php\/wp-json\/wp\/v2\/categories?post=20073"},{"taxonomy":"post_tag","embeddable":true,"href":"https:\/\/acontecenafronteira.com.br\/index.php\/wp-json\/wp\/v2\/tags?post=20073"}],"curies":[{"name":"wp","href":"https:\/\/api.w.org\/{rel}","templated":true}]}}