{"id":19960,"date":"2024-10-23T15:16:24","date_gmt":"2024-10-23T18:16:24","guid":{"rendered":"https:\/\/acontecenafronteira.com.br\/?p=19960"},"modified":"2024-10-23T15:16:26","modified_gmt":"2024-10-23T18:16:26","slug":"acifi-codefoz-e-codetri-pedem-amplo-debate-sobre-pedagio-nas-pontes-para-evitar-prejuizos-a-regiao","status":"publish","type":"post","link":"https:\/\/acontecenafronteira.com.br\/index.php\/2024\/10\/23\/acifi-codefoz-e-codetri-pedem-amplo-debate-sobre-pedagio-nas-pontes-para-evitar-prejuizos-a-regiao\/","title":{"rendered":"ACIFI, Codefoz e Codetri pedem amplo debate sobre ped\u00e1gio nas pontes para evitar preju\u00edzos \u00e0 regi\u00e3o"},"content":{"rendered":"\n<p><em><strong>Medida poderia representar passo atr\u00e1s na integra\u00e7\u00e3o fronteiri\u00e7a e afetar segmentos do com\u00e9rcio, turismo e transporte de cargas.<\/strong><\/em><\/p>\n\n\n\n<p>A Associa\u00e7\u00e3o Comercial e Empresarial (ACIFI), o Conselho de Desenvolvimento Econ\u00f4mico e Social (Codefoz) e o Conselho de Desenvolvimento Trinacional (Codetri) defendem o amplo debate diante de proposta que est\u00e1 sendo considerada pelo governo federal para instituir a cobran\u00e7a de ped\u00e1gio em<a><\/a> pontes internacionais. O objetivo \u00e9 evitar preju\u00edzo \u00e0 integra\u00e7\u00e3o fronteiri\u00e7a e aos segmentos do com\u00e9rcio, turismo e transporte de cargas.<\/p>\n\n\n\n<p>Para as entidades, tal cobran\u00e7a se mostra invi\u00e1vel, devido ao intenso fluxo di\u00e1rio de ve\u00edculos e pessoas, caracter\u00edstica das Tr\u00eas Fronteiras, em que as cidades da Argentina, Brasil e Paraguai formam uma \u00e1rea metropolitana de um milh\u00e3o de habitantes. Somam-se, ainda, as intensas atividades tur\u00edsticas e do com\u00e9rcio internacional, bem como a grande quantidade de motocicletas de trabalhadores que usam essa modalidade de transporte por ser barato e r\u00e1pido para as travessias de fronteira.<\/p>\n\n\n\n<p>\u201cTemos o maior porto seco da Am\u00e9rica Latina, que est\u00e1 sendo ampliado para elevar ainda mais a sua capacidade, e somos um destino que atrai pessoas do mundo. Nossa regi\u00e3o \u00e9 exemplo de integra\u00e7\u00e3o mesmo para pa\u00edses como os europeus\u201d, pondera o presidente da ACIFI, Danilo Vendruscolo. \u201cN\u00e3o podemos colocar esse patrim\u00f4nio sob risco\u201d, completa.<\/p>\n\n\n\n<p>Para o dirigente empresarial, quem vive e produz neste territ\u00f3rio \u00fanico no mundo deve ser ouvido quanto a qualquer mudan\u00e7a no tr\u00e2nsito fronteiri\u00e7o. Ele defende que h\u00e1 medidas para ampliar a mobilidade e tornar o tr\u00e1fego mais fluido, com solu\u00e7\u00f5es inteligentes e a ado\u00e7\u00e3o da Gest\u00e3o Integrada de Fronteiras.<\/p>\n\n\n\n<p>\u201cN\u00e3o \u00e9 uma simples decis\u00e3o de cobrar ou n\u00e3o para a passagem pelas pontes, o que j\u00e1 seria reprov\u00e1vel\u201d, reflete Danilo. \u201cSe trata de integra\u00e7\u00e3o, das rela\u00e7\u00f5es hist\u00f3ricas com nossos irm\u00e3os argentinos e paraguaios, e de intera\u00e7\u00e3o econ\u00f4mica, social, cultural e educacional. Basta vermos o grande n\u00famero de universit\u00e1rios que atravessam as pontes para estudo. E sediamos a Unila, universidade que enfoca a integra\u00e7\u00e3o latino-americana\u201d, enumera Danilo.<\/p>\n\n\n\n<p>Na regi\u00e3o trinacional, o Brasil est\u00e1 conectado com o Paraguai pelas pontes internacionais da Amizade e da Integra\u00e7\u00e3o, ligando respectivamente Foz do Igua\u00e7u a Ciudaddel Este e Presidente Franco. Com a Argentina, a integra\u00e7\u00e3o ocorre pela Ponte Tancredo Neves, confluindo com Puerto Iguaz\u00fa.<\/p>\n\n\n\n<p>\u201cHistoricamente, somos cidades, pa\u00edses e povos que cooperam, com economias que se complementam e se fortalecem\u201d, contextualiza o presidente do Codefoz, Fernando Castro Alves. \u201c\u00c9 inconceb\u00edvel qualquer medida que possa estabelecer obst\u00e1culos para essa integra\u00e7\u00e3o sendo imposta por quem n\u00e3o vive nem conhece essa realidade.\u201d<\/p>\n\n\n\n<p>Presidente do Codetri, Roni Temp avalia que se a inten\u00e7\u00e3o do ped\u00e1gio prosperar, ir\u00e1 enfraquecer um modelo de integra\u00e7\u00e3o internacional que \u00e9 exemplo para o mundo. \u201cSeria um passo atr\u00e1s com perdas para Brasil, Paraguai e Argentina, uma barreira para o desenvolvimento.\u201d<\/p>\n\n\n\n<p><strong>E o Mercosul?<\/strong><\/p>\n\n\n\n<p>A possibilidade de cobran\u00e7a de ped\u00e1gio para a passagem pelas pontes do Brasil com a Argentina e o Paraguai contrasta com o objetivo comum da integra\u00e7\u00e3o, reiterado durante sess\u00e3o do Parlamento do Mercosul (Parlasul), em Foz do Igua\u00e7u, no m\u00eas de agosto. A carta de pactua\u00e7\u00e3o do encontro reafirmou o compromisso de agentes p\u00fablicos e da sociedade civil com a integra\u00e7\u00e3o e a coopera\u00e7\u00e3o regional.<\/p>\n\n\n\n<p>Os debates no \u00e2mbito do Parlasul consolidaram o comprometimento das institui\u00e7\u00f5es dos pa\u00edses do Mercosul com a implementa\u00e7\u00e3o de estrat\u00e9gias e propostas com a finalidade de otimizar a infraestrutura, a log\u00edstica e a livre circula\u00e7\u00e3o de pessoas na regi\u00e3o. Foi refor\u00e7ado o papel econ\u00f4mico e social das Tr\u00eas Fronteiras para esse conjunto de na\u00e7\u00f5es.<\/p>\n\n\n\n<p><strong>Fronteiras fluidas<\/strong><\/p>\n\n\n\n<p>A ACIFI encabe\u00e7a, em conjunto com in\u00fameras institui\u00e7\u00f5es, o projeto de Gest\u00e3o Coordenada de Fronteiras, que otimiza e integra processos e opera\u00e7\u00f5es aduaneiras para tornar o transporte de cargas mais fluido, reduzindo filas e tempo de frete. A medida \u00e9 pensada para ser posta em pr\u00e1tica nas fronteiras da Argentina, Brasil e Paraguai.<\/p>\n\n\n\n<p>A proposta vem sendo constru\u00edda junto a autoridades dos tr\u00eas pa\u00edses. Durante <em>workshop<\/em> internacional, por exemplo, o modelo de Gest\u00e3o Coordenada de Fronteiras foi apresentado para os diretores-gerais brasileiro e paraguaio da Itaipu Binacional, EnioVerri e Justo Zacar\u00edasIr\u00fan.<\/p>\n\n\n\n<p><em>(AI&nbsp;ACIFI)<\/em><\/p>\n\n\n\n<p>Foto: Cristian Rizzi<\/p>\n","protected":false},"excerpt":{"rendered":"<p>Medida poderia representar passo atr\u00e1s na integra\u00e7\u00e3o fronteiri\u00e7a e afetar segmentos do com\u00e9rcio, turismo e transporte de cargas. A Associa\u00e7\u00e3o Comercial e Empresarial (ACIFI), o Conselho de Desenvolvimento Econ\u00f4mico e Social (Codefoz) e o Conselho de Desenvolvimento Trinacional (Codetri) defendem o amplo debate diante de proposta que est\u00e1 sendo considerada pelo governo federal para instituir [&hellip;]<\/p>\n","protected":false},"author":2,"featured_media":19961,"comment_status":"open","ping_status":"open","sticky":false,"template":"","format":"standard","meta":{"om_disable_all_campaigns":false,"_monsterinsights_skip_tracking":false,"_monsterinsights_sitenote_active":false,"_monsterinsights_sitenote_note":"","_monsterinsights_sitenote_category":0,"footnotes":""},"categories":[1],"tags":[],"class_list":["post-19960","post","type-post","status-publish","format-standard","has-post-thumbnail","hentry","category-sem-categoria"],"_links":{"self":[{"href":"https:\/\/acontecenafronteira.com.br\/index.php\/wp-json\/wp\/v2\/posts\/19960","targetHints":{"allow":["GET"]}}],"collection":[{"href":"https:\/\/acontecenafronteira.com.br\/index.php\/wp-json\/wp\/v2\/posts"}],"about":[{"href":"https:\/\/acontecenafronteira.com.br\/index.php\/wp-json\/wp\/v2\/types\/post"}],"author":[{"embeddable":true,"href":"https:\/\/acontecenafronteira.com.br\/index.php\/wp-json\/wp\/v2\/users\/2"}],"replies":[{"embeddable":true,"href":"https:\/\/acontecenafronteira.com.br\/index.php\/wp-json\/wp\/v2\/comments?post=19960"}],"version-history":[{"count":1,"href":"https:\/\/acontecenafronteira.com.br\/index.php\/wp-json\/wp\/v2\/posts\/19960\/revisions"}],"predecessor-version":[{"id":19962,"href":"https:\/\/acontecenafronteira.com.br\/index.php\/wp-json\/wp\/v2\/posts\/19960\/revisions\/19962"}],"wp:featuredmedia":[{"embeddable":true,"href":"https:\/\/acontecenafronteira.com.br\/index.php\/wp-json\/wp\/v2\/media\/19961"}],"wp:attachment":[{"href":"https:\/\/acontecenafronteira.com.br\/index.php\/wp-json\/wp\/v2\/media?parent=19960"}],"wp:term":[{"taxonomy":"category","embeddable":true,"href":"https:\/\/acontecenafronteira.com.br\/index.php\/wp-json\/wp\/v2\/categories?post=19960"},{"taxonomy":"post_tag","embeddable":true,"href":"https:\/\/acontecenafronteira.com.br\/index.php\/wp-json\/wp\/v2\/tags?post=19960"}],"curies":[{"name":"wp","href":"https:\/\/api.w.org\/{rel}","templated":true}]}}