{"id":1994,"date":"2021-11-11T13:57:36","date_gmt":"2021-11-11T16:57:36","guid":{"rendered":"https:\/\/acontecenafronteira.com.br\/?p=1994"},"modified":"2021-11-11T13:57:36","modified_gmt":"2021-11-11T16:57:36","slug":"secretaria-de-meio-ambiente-de-foz-integra-colegiado-representando-o-pr-rs-e-sc-no-forum-nacional-de-gestores-de-limpeza-urbana-e-manejo-de-residuos-solidos","status":"publish","type":"post","link":"https:\/\/acontecenafronteira.com.br\/index.php\/2021\/11\/11\/secretaria-de-meio-ambiente-de-foz-integra-colegiado-representando-o-pr-rs-e-sc-no-forum-nacional-de-gestores-de-limpeza-urbana-e-manejo-de-residuos-solidos\/","title":{"rendered":"Secret\u00e1ria de Meio Ambiente de Foz integra colegiado representando o PR, RS e SC no F\u00f3rum Nacional de Gestores de Limpeza Urbana e Manejo de Res\u00edduos S\u00f3lidos"},"content":{"rendered":"\n<p>\u00c2ngela Meira ir\u00e1 representar o munic\u00edpio no grupo da regi\u00e3o Sul; ela participou da assembleia de elei\u00e7\u00e3o da entidade na ter\u00e7a-feira (09)<\/p>\n\n\n\n<p>A secret\u00e1ria municipal de Meio Ambiente, \u00c2ngela Meira, ir\u00e1 compor o colegiado da regi\u00e3o Sul no F\u00f3rum Nacional de Gestores de Limpeza Urbana e Manejo de Res\u00edduos S\u00f3lidos. Ela participou na ter\u00e7a-feira (09) de assembleia virtual que elegeu a nova diretoria do grupo.\u00a0<br><br>A elei\u00e7\u00e3o teve apoio da Frente Nacional dos Prefeitos (FNP) e contou com a presen\u00e7a de cerca de 100 secret\u00e1rios (as) e gestores (as) de limpeza urbana e manejo de res\u00edduos s\u00f3lidos dos munic\u00edpios. O secret\u00e1rio-executivo da FNP, Gilberto Perre, tamb\u00e9m esteve presente.<br><br>O secret\u00e1rio de Meio Ambiente de Guaruj\u00e1\/SP, Sidnei Aranha, assumiu como novo presidente da entidade. No encontro, as regi\u00f5es Sul e Sudeste sugeriram a cria\u00e7\u00e3o de colegiados. A institui\u00e7\u00e3o das inst\u00e2ncias ser\u00e1 referendada em reuni\u00e3o espec\u00edfica que debater\u00e1 altera\u00e7\u00f5es no estatuto.\u00a0<br><br>Os nomes que ir\u00e3o compor estes colegiados j\u00e1 foram escolhidos &#8211; entre eles est\u00e1 a secret\u00e1ria de Meio Ambiente de Foz do Igua\u00e7u, \u00c2ngela Meira. \u201cA participa\u00e7\u00e3o de Foz do Igua\u00e7u no F\u00f3rum Nacional \u00e9 fundamental tanto para mostrarmos nossas a\u00e7\u00f5es e atipicidade por se tratar de uma\u00a0 Tr\u00edplice Fronteira, trocar experi\u00eancias, como para nos fortalecermos e obtermos apoio em nossas demandas \u201d, destaca \u00c2ngela.<\/p>\n\n\n\n<p> <em>Foto: Christian Rizzi.<\/em><br> <\/p>\n","protected":false},"excerpt":{"rendered":"<p>\u00c2ngela Meira ir\u00e1 representar o munic\u00edpio no grupo da regi\u00e3o Sul; ela participou da assembleia de elei\u00e7\u00e3o da entidade na ter\u00e7a-feira (09) A secret\u00e1ria municipal de Meio Ambiente, \u00c2ngela Meira, ir\u00e1 compor o colegiado da regi\u00e3o Sul no F\u00f3rum Nacional de Gestores de Limpeza Urbana e Manejo de Res\u00edduos S\u00f3lidos. Ela participou na ter\u00e7a-feira (09) [&hellip;]<\/p>\n","protected":false},"author":2,"featured_media":1996,"comment_status":"open","ping_status":"open","sticky":false,"template":"","format":"standard","meta":{"om_disable_all_campaigns":false,"_monsterinsights_skip_tracking":false,"_monsterinsights_sitenote_active":false,"_monsterinsights_sitenote_note":"","_monsterinsights_sitenote_category":0,"footnotes":""},"categories":[4],"tags":[],"class_list":["post-1994","post","type-post","status-publish","format-standard","has-post-thumbnail","hentry","category-cidade"],"_links":{"self":[{"href":"https:\/\/acontecenafronteira.com.br\/index.php\/wp-json\/wp\/v2\/posts\/1994","targetHints":{"allow":["GET"]}}],"collection":[{"href":"https:\/\/acontecenafronteira.com.br\/index.php\/wp-json\/wp\/v2\/posts"}],"about":[{"href":"https:\/\/acontecenafronteira.com.br\/index.php\/wp-json\/wp\/v2\/types\/post"}],"author":[{"embeddable":true,"href":"https:\/\/acontecenafronteira.com.br\/index.php\/wp-json\/wp\/v2\/users\/2"}],"replies":[{"embeddable":true,"href":"https:\/\/acontecenafronteira.com.br\/index.php\/wp-json\/wp\/v2\/comments?post=1994"}],"version-history":[{"count":1,"href":"https:\/\/acontecenafronteira.com.br\/index.php\/wp-json\/wp\/v2\/posts\/1994\/revisions"}],"predecessor-version":[{"id":1997,"href":"https:\/\/acontecenafronteira.com.br\/index.php\/wp-json\/wp\/v2\/posts\/1994\/revisions\/1997"}],"wp:featuredmedia":[{"embeddable":true,"href":"https:\/\/acontecenafronteira.com.br\/index.php\/wp-json\/wp\/v2\/media\/1996"}],"wp:attachment":[{"href":"https:\/\/acontecenafronteira.com.br\/index.php\/wp-json\/wp\/v2\/media?parent=1994"}],"wp:term":[{"taxonomy":"category","embeddable":true,"href":"https:\/\/acontecenafronteira.com.br\/index.php\/wp-json\/wp\/v2\/categories?post=1994"},{"taxonomy":"post_tag","embeddable":true,"href":"https:\/\/acontecenafronteira.com.br\/index.php\/wp-json\/wp\/v2\/tags?post=1994"}],"curies":[{"name":"wp","href":"https:\/\/api.w.org\/{rel}","templated":true}]}}