{"id":19909,"date":"2024-10-22T09:38:14","date_gmt":"2024-10-22T12:38:14","guid":{"rendered":"https:\/\/acontecenafronteira.com.br\/?p=19909"},"modified":"2024-10-22T09:38:15","modified_gmt":"2024-10-22T12:38:15","slug":"policia-civil-prende-suposto-autor-do-homicidio-de-cleiton-eugenio-da-silva","status":"publish","type":"post","link":"https:\/\/acontecenafronteira.com.br\/index.php\/2024\/10\/22\/policia-civil-prende-suposto-autor-do-homicidio-de-cleiton-eugenio-da-silva\/","title":{"rendered":"Policia Civil Prende Suposto Autor do Homic\u00eddio de Cleiton Eugenio da Silva."},"content":{"rendered":"\n<p>Na tarde desta segunda-feira (21\/10), policiais civis da Delegacia de Homic\u00eddios, da 6\u00aa Subdivis\u00e3o Policial de Foz do Igua\u00e7u, prenderam um homem de 40 anos, apontado como suspeito do brutal assassinato de Cleiton Eug\u00eanio da Silva. O corpo da v\u00edtima, desaparecido desde 9\/10, foi encontrado em estado de decomposi\u00e7\u00e3o no Lago de Itaipu (margem paraguaia) no dia 14, mutilado e com uma pedra amarrada \u00e0 cintura.<br>As investiga\u00e7\u00f5es da Pol\u00edcia Civil do Paran\u00e1 (PCPR) iniciaram-se no dia 10\/10, ap\u00f3s o registro do boletim de ocorr\u00eancia pelos familiares de Cleiton. Com a localiza\u00e7\u00e3o do corpo, a equipe da Delegacia de Homic\u00eddios intensificou as dilig\u00eancias e conseguiu identificar o local do crime: um box no condom\u00ednio Oeste Paran\u00e1 Clube.<br>A an\u00e1lise de imagens das c\u00e2meras de seguran\u00e7a revelaram uma sequ\u00eancia de eventos que culminaram com o desaparecimento e morte de Cleiton. A v\u00edtima foi vista pela, \u00faltima vez, seguindo em dire\u00e7\u00e3o ao box do suspeito. C\u00e2meras de vigil\u00e2ncia foram<br>Intencionalmente desligadas. A caminhonete da vitima foi observada estacionada na garagem ao lado do box do suspeito .<br>Diante do desaparecimento, a fam\u00edlia de Cleiton , ainda em data de 10\/10, chegou a procurar por ele no box e o suspeito alegou que Cleiton teria sa\u00eddo no dia 09\/10 e n\u00e3o avisou para onde. Ap\u00f3s os familiares deixarem o local, as c\u00e2meras continuaram sendo manipuladas, com frequentes desligamentos e ligamentos. O autor foi flagrado agindo de forma suspeita, alterando tamb\u00e9m a posi\u00e7\u00e3o das c\u00e2meras e movimentando objetos no local em data de 10\/10.<br>Diante das suspeitas, per\u00edcia criminal foi realizada na \u00e1rea externa ao Box do investigado, onde sujidades de sangue foram localizadas.<br>No decorrer das investiga\u00e7\u00f5es, foram apreendidos um carro e uma lancha, que havia sido removida do local pelo autor e outro indiv\u00edduo, objetos estes identificados como elementos cruciais para a investiga\u00e7\u00e3o e que foram submetidos a per\u00edcia.<br>Com base nas imagens das c\u00e2meras de seguran\u00e7a, nos exames periciais, nos depoimentos de testemunhas e em outros elementos informativos , a autoridade policial representou pela pris\u00e3o preventiva do homem de 40 anos e por mandado de busca e apreens\u00e3o em sua resid\u00eancia, que foram decretados pela Justi\u00e7a e cumpridos em data de ontem.<br>Quando do interrogat\u00f3rio, investigado se reservou ao direito de permanecer em sil\u00eancio.<br>Equipes da PCPR e Policia Cient\u00edfica , ato cont\u00ednuo, estiveram na resid\u00eancia do suspeito, ainda na data de ontem, para realizar uma per\u00edcia minuciosa, visando coletar provas. No im\u00f3vel , os peritos encontraram vest\u00edgios de sangue em diversas superf\u00edcies.<\/p>\n\n\n\n<p>Ap\u00f3s a pris\u00e3o, preso foi encaminhado \u00e0 Cadeia P\u00fablica, onde seguir\u00e1 \u00e0 disposi\u00e7\u00e3o da justi\u00e7a.<\/p>\n\n\n\n<p>Ordem cronol\u00f3gica dos acontecimentos:<\/p>\n\n\n\n<p>09\/10, por volta das 11:30- suspeito \u00e9 visto indo em dire\u00e7\u00e3o ao padr\u00e3o de energia do clube, logo em seguida as c\u00e2meras de vigil\u00e2ncia do bloco onde possui um Box residencial param de funcionar;<br>09\/10, \u00e0s 12:13- v\u00edtima , em sua caminhonete, chega ao clube, onde suspeito reside;<br>09\/10, \u00e0s 12:45- vitima faz uma chamada de video para um amigo , que v\u00ea que Cleiton est\u00e1 na casa do suspeito e na companhia deste;<br>09\/10, por volta das 15:25- v\u00edtima deixa o clube e vai a um estand de tiro, onde conversa com um amigo, mas logo retorna, \u00e0s 15:45min e segue sentido \u00e0 casa do suspeito;<br>09\/10, \u00e0s 17:30- familiares j\u00e1 estranham porque Cleiton n\u00e3o responde mais as mensagens;<br>09\/10, \u00e0s 18:07- as c\u00e2meras do bloco s\u00e3o ligadas e v\u00ea-se o ve\u00edculo da v\u00edtima estacionado ao lado do Box do suspeito;<br>10\/10, \u00e0s 06:55- familiares da v\u00edtima chegam ao clube , procurando por ela;<br>10\/10, \u00e0s 07:37- ap\u00f3s a sa\u00edda dos familiares da v\u00edtima, suspeito se dirige ao padr\u00e3o de energia e as c\u00e2meras do bloco onde suspeito reside mais uma vez s\u00e3o desligadas. \u00c0s 09:45 as c\u00e2meras s\u00e3o ligadas novamente;<br>10\/10, \u00e0s 10:31- c\u00e2meras s\u00e3o desligadas de novo e s\u00f3 s\u00e3o religadas \u00e0s 14:30;<br>10\/10, \u00e0s 15:20- lancha que estava estacionada em frente ao Box do suspeito \u00e9 retirada do local pelo propriet\u00e1rio e pelo suspeito;<br>14\/10, por volta das 10:00- sujidades de sangue s\u00e3o encontradas nas proximidades do Box do suspeito, na \u00e1rea externa. Pol\u00edcia cientifica \u00e9 acionada;<br>14\/10, j\u00e1 no final da tarde &#8211; corpo da v\u00edtima, esquartejado, \u00e9 localizado em zona marinha(lago de itaipu), na cidade de Hernandarias\/PY;<br>17\/10- corpo da vitima \u00e9 trasladado ao Brasil e submetido a exame de necropsia. Laudo ainda n\u00e3o foi conclu\u00eddo<br>21\/10- suspeito \u00e9 preso.<\/p>\n\n\n\n<p>Assessoria : PCPR &#8211; Foto: Redes Sociais<\/p>\n","protected":false},"excerpt":{"rendered":"<p>Na tarde desta segunda-feira (21\/10), policiais civis da Delegacia de Homic\u00eddios, da 6\u00aa Subdivis\u00e3o Policial de Foz do Igua\u00e7u, prenderam um homem de 40 anos, apontado como suspeito do brutal assassinato de Cleiton Eug\u00eanio da Silva. O corpo da v\u00edtima, desaparecido desde 9\/10, foi encontrado em estado de decomposi\u00e7\u00e3o no Lago de Itaipu (margem paraguaia) [&hellip;]<\/p>\n","protected":false},"author":2,"featured_media":19910,"comment_status":"open","ping_status":"open","sticky":false,"template":"","format":"standard","meta":{"om_disable_all_campaigns":false,"_monsterinsights_skip_tracking":false,"_monsterinsights_sitenote_active":false,"_monsterinsights_sitenote_note":"","_monsterinsights_sitenote_category":0,"footnotes":""},"categories":[1],"tags":[],"class_list":["post-19909","post","type-post","status-publish","format-standard","has-post-thumbnail","hentry","category-sem-categoria"],"_links":{"self":[{"href":"https:\/\/acontecenafronteira.com.br\/index.php\/wp-json\/wp\/v2\/posts\/19909","targetHints":{"allow":["GET"]}}],"collection":[{"href":"https:\/\/acontecenafronteira.com.br\/index.php\/wp-json\/wp\/v2\/posts"}],"about":[{"href":"https:\/\/acontecenafronteira.com.br\/index.php\/wp-json\/wp\/v2\/types\/post"}],"author":[{"embeddable":true,"href":"https:\/\/acontecenafronteira.com.br\/index.php\/wp-json\/wp\/v2\/users\/2"}],"replies":[{"embeddable":true,"href":"https:\/\/acontecenafronteira.com.br\/index.php\/wp-json\/wp\/v2\/comments?post=19909"}],"version-history":[{"count":1,"href":"https:\/\/acontecenafronteira.com.br\/index.php\/wp-json\/wp\/v2\/posts\/19909\/revisions"}],"predecessor-version":[{"id":19911,"href":"https:\/\/acontecenafronteira.com.br\/index.php\/wp-json\/wp\/v2\/posts\/19909\/revisions\/19911"}],"wp:featuredmedia":[{"embeddable":true,"href":"https:\/\/acontecenafronteira.com.br\/index.php\/wp-json\/wp\/v2\/media\/19910"}],"wp:attachment":[{"href":"https:\/\/acontecenafronteira.com.br\/index.php\/wp-json\/wp\/v2\/media?parent=19909"}],"wp:term":[{"taxonomy":"category","embeddable":true,"href":"https:\/\/acontecenafronteira.com.br\/index.php\/wp-json\/wp\/v2\/categories?post=19909"},{"taxonomy":"post_tag","embeddable":true,"href":"https:\/\/acontecenafronteira.com.br\/index.php\/wp-json\/wp\/v2\/tags?post=19909"}],"curies":[{"name":"wp","href":"https:\/\/api.w.org\/{rel}","templated":true}]}}