{"id":19798,"date":"2024-10-17T08:46:52","date_gmt":"2024-10-17T11:46:52","guid":{"rendered":"https:\/\/acontecenafronteira.com.br\/?p=19798"},"modified":"2024-10-17T08:46:53","modified_gmt":"2024-10-17T11:46:53","slug":"itaipu-participa-de-lancamento-de-programa-alimento-saudavel-no-prato-do-governo-federal","status":"publish","type":"post","link":"https:\/\/acontecenafronteira.com.br\/index.php\/2024\/10\/17\/itaipu-participa-de-lancamento-de-programa-alimento-saudavel-no-prato-do-governo-federal\/","title":{"rendered":"Itaipu participa de lan\u00e7amento de Programa Alimento Saud\u00e1vel no Prato, do Governo Federal"},"content":{"rendered":"\n<p><strong><em>A empresa est\u00e1 investindo R$ 55 milh\u00f5es na moderniza\u00e7\u00e3o de armaz\u00e9ns para estocagem de alimentos. O presidente Lula, ministros de Estado e o diretor-geral brasileiro de Itaipu, Enio Verri, prestigiaram a cerim\u00f4nia, em Bras\u00edlia (DF)<\/em><\/strong><\/p>\n\n\n\n<p>A Itaipu Binacional vai contribuir com o Programa Alimento Saud\u00e1vel no Prato, do Governo Federal, que lan\u00e7ou dois planos nesta quarta-feira (16). A cerim\u00f4nia, no Pal\u00e1cio do Planalto, em Bras\u00edlia (DF), teve a presen\u00e7a do presidente Luiz In\u00e1cio Lula da Silva, e fez alus\u00e3o ao Dia Mundial da Alimenta\u00e7\u00e3o, celebrado neste 16 de outubro. O diretor-geral brasileiro de Itaipu, Enio Verri, representou a empresa no evento.<\/p>\n\n\n\n<p>Na ocasi\u00e3o, foram lan\u00e7ados o Plano Nacional de Abastecimento Alimentar&nbsp;(Planab) e o Plano Nacional de Agroecologia e Produ\u00e7\u00e3o Org\u00e2nica (Planapo), que t\u00eam o objetivo conjunto de combater a fome no Pa\u00eds, facilitando o acesso aos alimentos, al\u00e9m de contribuir para uma alimenta\u00e7\u00e3o mais saud\u00e1vel, por meio da agricultura familiar e com pr\u00e1ticas agroecol\u00f3gicas.<\/p>\n\n\n\n<p>O investimento da Itaipu, da ordem de R$ 55 milh\u00f5es, ser\u00e1 voltado para a moderniza\u00e7\u00e3o de armaz\u00e9ns de estocagem de alimentos nos estados do Paran\u00e1 e do Mato Grosso do Sul. O conv\u00eanio assinado com o Minist\u00e9rio Desenvolvimento Agr\u00e1rio e Agricultura Familiar e com a Companhia Nacional de Abastecimento (Conab) \u00e9 uma das 29 iniciativas do Planab.<\/p>\n\n\n\n<p>Para Lula, em um mundo que produz mais alimentos do que se consome, \u00e9 inaceit\u00e1vel que as pessoas ainda passem fome. \u201cN\u00f3s estamos fazendo um gesto nobre. Acabar com a fome no Brasil e no mundo n\u00e3o deve ser motivo de orgulho, \u00e9 obriga\u00e7\u00e3o moral, \u00e9tica, pol\u00edtica e at\u00e9 humanista. \u00c9 o m\u00ednimo que a gente pode fazer por um pa\u00eds justo\u201d, considerou o presidente.<\/p>\n\n\n\n<p>Enio Verri destacou as a\u00e7\u00f5es do Governo Federal de redu\u00e7\u00e3o da mis\u00e9ria e do desemprego e o aumento do sal\u00e1rio-m\u00ednimo, que permitem a chegada do alimento \u00e0 mesa da popula\u00e7\u00e3o. \u201cSomos parceiros neste esfor\u00e7o. Estamos investindo na reforma dos armaz\u00e9ns para que a agricultura familiar tenha onde depositar o seu produto. Itaipu est\u00e1 conectada com a pol\u00edtica do governo Lula para construir um Brasil melhor\u201d, afirmou.<\/p>\n\n\n\n<p><strong>Moderniza\u00e7\u00e3o de armaz\u00e9ns<\/strong><\/p>\n\n\n\n<p>A iniciativa de melhorar a infraestrutura de armazenamento de alimentos no Paran\u00e1 e no Mato Grosso do Sul surgiu em fevereiro deste ano, ap\u00f3s a assinatura de uma Carta de Interesse entre as institui\u00e7\u00f5es. Foram escolhidas as unidades de Ponta Grossa, Camb\u00e9 e Rol\u00e2ndia, no Paran\u00e1, e Maracaju (MS), eleitas como prioridades pela Conab. O objetivo \u00e9 garantir que os produtores, as cooperativas, possam estocar os produtos, al\u00e9m de fornecer comida para quem vive nas cidades.<\/p>\n\n\n\n<p>As unidades escolhidas entraram em funcionamento entre as d\u00e9cadas de 1960 e 1980 e, atualmente, enfrentam limita\u00e7\u00f5es na capacidade operacional, devido \u00e0 obsolesc\u00eancia dos equipamentos e \u00e0 falta de manuten\u00e7\u00e3o dos silos.&nbsp;Os investimentos v\u00e3o fortalecer a seguran\u00e7a alimentar e contribuir para a estabilidade econ\u00f4mica ao permitir uma resposta eficaz \u00e0s exig\u00eancias do mercado e \u00e0s necessidades internas de abastecimento.&nbsp;<\/p>\n\n\n\n<p>O conv\u00eanio tem um prazo previsto de tr\u00eas anos, entre elabora\u00e7\u00e3o de projetos, contrata\u00e7\u00e3o e execu\u00e7\u00e3o das obras. Ap\u00f3s a conclus\u00e3o, as unidades estar\u00e3o aptas a utilizar a capacidade total de armazenamento de forma adequada e segura, utilizando as tecnologias mais modernas de controle e gest\u00e3o de suas estruturas.<\/p>\n\n\n\n<p><strong><em>Cr\u00e9dito das fotos: Ricardo Stuckert\/PR.<\/em><\/strong><\/p>\n\n\n\n<figure class=\"wp-block-gallery has-nested-images columns-default is-cropped wp-block-gallery-1 is-layout-flex wp-block-gallery-is-layout-flex\">\n<figure class=\"wp-block-image size-large\"><img loading=\"lazy\" decoding=\"async\" width=\"1024\" height=\"586\" data-id=\"19801\" src=\"https:\/\/acontecenafronteira.com.br\/wp-content\/uploads\/2024\/10\/6710f30713336-1024x586.jpg?v=1729165557\" alt=\"\" class=\"wp-image-19801\" srcset=\"https:\/\/acontecenafronteira.com.br\/wp-content\/uploads\/2024\/10\/6710f30713336-1024x586.jpg?v=1729165557 1024w, https:\/\/acontecenafronteira.com.br\/wp-content\/uploads\/2024\/10\/6710f30713336-300x172.jpg?v=1729165557 300w, https:\/\/acontecenafronteira.com.br\/wp-content\/uploads\/2024\/10\/6710f30713336-768x440.jpg?v=1729165557 768w, https:\/\/acontecenafronteira.com.br\/wp-content\/uploads\/2024\/10\/6710f30713336-1536x879.jpg?v=1729165557 1536w, https:\/\/acontecenafronteira.com.br\/wp-content\/uploads\/2024\/10\/6710f30713336.jpg?v=1729165557 2047w\" sizes=\"auto, (max-width: 1024px) 100vw, 1024px\" \/><\/figure>\n\n\n\n<figure class=\"wp-block-image size-large\"><img loading=\"lazy\" decoding=\"async\" width=\"1024\" height=\"615\" data-id=\"19800\" src=\"https:\/\/acontecenafronteira.com.br\/wp-content\/uploads\/2024\/10\/6710f2febddbc-1024x615.jpg?v=1729165557\" alt=\"\" class=\"wp-image-19800\" srcset=\"https:\/\/acontecenafronteira.com.br\/wp-content\/uploads\/2024\/10\/6710f2febddbc-1024x615.jpg?v=1729165557 1024w, https:\/\/acontecenafronteira.com.br\/wp-content\/uploads\/2024\/10\/6710f2febddbc-300x180.jpg?v=1729165557 300w, https:\/\/acontecenafronteira.com.br\/wp-content\/uploads\/2024\/10\/6710f2febddbc-768x461.jpg?v=1729165557 768w, https:\/\/acontecenafronteira.com.br\/wp-content\/uploads\/2024\/10\/6710f2febddbc-1536x922.jpg?v=1729165557 1536w, https:\/\/acontecenafronteira.com.br\/wp-content\/uploads\/2024\/10\/6710f2febddbc.jpg?v=1729165557 2048w\" sizes=\"auto, (max-width: 1024px) 100vw, 1024px\" \/><\/figure>\n\n\n\n<figure class=\"wp-block-image size-large\"><img loading=\"lazy\" decoding=\"async\" width=\"1024\" height=\"542\" data-id=\"19799\" src=\"https:\/\/acontecenafronteira.com.br\/wp-content\/uploads\/2024\/10\/6710f2efa0d73-1024x542.jpg?v=1729165557\" alt=\"\" class=\"wp-image-19799\" srcset=\"https:\/\/acontecenafronteira.com.br\/wp-content\/uploads\/2024\/10\/6710f2efa0d73-1024x542.jpg?v=1729165557 1024w, https:\/\/acontecenafronteira.com.br\/wp-content\/uploads\/2024\/10\/6710f2efa0d73-300x159.jpg?v=1729165557 300w, https:\/\/acontecenafronteira.com.br\/wp-content\/uploads\/2024\/10\/6710f2efa0d73-768x407.jpg?v=1729165557 768w, https:\/\/acontecenafronteira.com.br\/wp-content\/uploads\/2024\/10\/6710f2efa0d73-1536x813.jpg?v=1729165557 1536w, https:\/\/acontecenafronteira.com.br\/wp-content\/uploads\/2024\/10\/6710f2efa0d73.jpg?v=1729165557 2047w\" sizes=\"auto, (max-width: 1024px) 100vw, 1024px\" \/><\/figure>\n<\/figure>\n","protected":false},"excerpt":{"rendered":"<p>A empresa est\u00e1 investindo R$ 55 milh\u00f5es na moderniza\u00e7\u00e3o de armaz\u00e9ns para estocagem de alimentos. O presidente Lula, ministros de Estado e o diretor-geral brasileiro de Itaipu, Enio Verri, prestigiaram a cerim\u00f4nia, em Bras\u00edlia (DF) A Itaipu Binacional vai contribuir com o Programa Alimento Saud\u00e1vel no Prato, do Governo Federal, que lan\u00e7ou dois planos nesta [&hellip;]<\/p>\n","protected":false},"author":2,"featured_media":19799,"comment_status":"open","ping_status":"open","sticky":false,"template":"","format":"standard","meta":{"om_disable_all_campaigns":false,"_monsterinsights_skip_tracking":false,"_monsterinsights_sitenote_active":false,"_monsterinsights_sitenote_note":"","_monsterinsights_sitenote_category":0,"footnotes":""},"categories":[26,8,11,10],"tags":[],"class_list":["post-19798","post","type-post","status-publish","format-standard","has-post-thumbnail","hentry","category-brasil","category-educaca0","category-itaipu","category-saude"],"_links":{"self":[{"href":"https:\/\/acontecenafronteira.com.br\/index.php\/wp-json\/wp\/v2\/posts\/19798","targetHints":{"allow":["GET"]}}],"collection":[{"href":"https:\/\/acontecenafronteira.com.br\/index.php\/wp-json\/wp\/v2\/posts"}],"about":[{"href":"https:\/\/acontecenafronteira.com.br\/index.php\/wp-json\/wp\/v2\/types\/post"}],"author":[{"embeddable":true,"href":"https:\/\/acontecenafronteira.com.br\/index.php\/wp-json\/wp\/v2\/users\/2"}],"replies":[{"embeddable":true,"href":"https:\/\/acontecenafronteira.com.br\/index.php\/wp-json\/wp\/v2\/comments?post=19798"}],"version-history":[{"count":1,"href":"https:\/\/acontecenafronteira.com.br\/index.php\/wp-json\/wp\/v2\/posts\/19798\/revisions"}],"predecessor-version":[{"id":19802,"href":"https:\/\/acontecenafronteira.com.br\/index.php\/wp-json\/wp\/v2\/posts\/19798\/revisions\/19802"}],"wp:featuredmedia":[{"embeddable":true,"href":"https:\/\/acontecenafronteira.com.br\/index.php\/wp-json\/wp\/v2\/media\/19799"}],"wp:attachment":[{"href":"https:\/\/acontecenafronteira.com.br\/index.php\/wp-json\/wp\/v2\/media?parent=19798"}],"wp:term":[{"taxonomy":"category","embeddable":true,"href":"https:\/\/acontecenafronteira.com.br\/index.php\/wp-json\/wp\/v2\/categories?post=19798"},{"taxonomy":"post_tag","embeddable":true,"href":"https:\/\/acontecenafronteira.com.br\/index.php\/wp-json\/wp\/v2\/tags?post=19798"}],"curies":[{"name":"wp","href":"https:\/\/api.w.org\/{rel}","templated":true}]}}