{"id":19792,"date":"2024-10-17T08:41:20","date_gmt":"2024-10-17T11:41:20","guid":{"rendered":"https:\/\/acontecenafronteira.com.br\/?p=19792"},"modified":"2024-10-17T08:41:20","modified_gmt":"2024-10-17T11:41:20","slug":"parana-firma-parceria-com-google-para-qualificar-alunos-de-escolas-profissionalizantes","status":"publish","type":"post","link":"https:\/\/acontecenafronteira.com.br\/index.php\/2024\/10\/17\/parana-firma-parceria-com-google-para-qualificar-alunos-de-escolas-profissionalizantes\/","title":{"rendered":"Paran\u00e1 firma parceria com Google para qualificar alunos de escolas profissionalizantes"},"content":{"rendered":"\n<p>O Governo do Paran\u00e1 e o Google Cloud Learning firmaram uma parceria para a concess\u00e3o de licen\u00e7as de cursos que qualifiquem alunos da rede estadual de escolas profissionalizantes. A autoriza\u00e7\u00e3o para a parceria foi assinada nesta quarta-feira (16) pelo governador Carlos Massa Ratinho Junior e tem como objetivo capacitar os estudantes para novas tecnologias.<\/p>\n\n\n\n<p>A coopera\u00e7\u00e3o, que envolve as secretarias estaduais do Planejamento e Educa\u00e7\u00e3o, prev\u00ea que at\u00e9 500 licen\u00e7as sejam liberadas por escolas selecionadas pelo programa de acordo com crit\u00e9rios t\u00e9cnicos. A estimativa \u00e9 que cerca de 15 mil alunos sejam beneficiados com os cursos.<\/p>\n\n\n\n<p>\u201cEstamos trabalhando para fazer do Paran\u00e1 um grande celeiro de talentos ligados \u00e0 tecnologia e \u00e0 inova\u00e7\u00e3o. Existe uma grande demanda do mercado por profissionais capacitados em programa\u00e7\u00e3o, que entendam de intelig\u00eancia artificial e estejam preparados para lidar com estas novas tecnologias. Nosso objetivo \u00e9 preparar nossos alunos para este ambiente\u201d, disse o governador.<\/p>\n\n\n\n<p>O fornecimento das licen\u00e7as para os alunos do ensino t\u00e9cnico d\u00e1 sequ\u00eancia a um planejamento de a\u00e7\u00f5es do Governo do Estado em parceria com o Google. Em setembro, um outro acordo garantiu a&nbsp;<strong><a href=\"https:\/\/www.aen.pr.gov.br\/Noticia\/Estado-viabiliza-com-o-Google-qualificacao-em-IA-para-alunos-das-universidades-estaduais\" target=\"_blank\" rel=\"noreferrer noopener\">concess\u00e3o de 10 mil licen\u00e7as de cursos<\/a><\/strong>&nbsp;da empresa para alunos das universidades estaduais do Paran\u00e1.<\/p>\n\n\n\n<blockquote class=\"wp-block-quote is-layout-flow wp-block-quote-is-layout-flow\">\n<p>\u201cEstamos dando mais um passo, agora com as escolas t\u00e9cnicas. Estamos conseguindo atingir diferentes camadas, de diferentes idades, colaborando com este plano de transformar o Paran\u00e1 em um celeiro de talentos em tecnologia no Brasil\u201d, disse o diretor-chefe de gabinete da Google Cloud, Gustavo Pacheco.<\/p>\n<\/blockquote>\n\n\n\n<p><strong>EDUCA\u00c7\u00c3O<\/strong>&nbsp;&#8211; O acesso a conhecimentos avan\u00e7ados em tecnologia tende a elevar o n\u00edvel de qualifica\u00e7\u00e3o dos alunos. Os cursos previstos abrangem t\u00f3picos como aprendizado de m\u00e1quina, an\u00e1lise de dados, aplica\u00e7\u00f5es em nuvem, marketing e seguran\u00e7a de dados.<\/p>\n\n\n\n<blockquote class=\"wp-block-quote is-layout-flow wp-block-quote-is-layout-flow\">\n<p>\u201cS\u00e3o trilhas espec\u00edficas de conhecimento, mas muito conectadas com o futuro. \u00c9 uma forma de dar ao jovem da escola p\u00fablica uma oportunidade diferenciada. Formando profissionais de qualidade, vamos atrair empresas e, consequentemente, conseguir reter estes talentos no nosso Estado\u201d, afirmou o secret\u00e1rio do Planejamento, Guto Silva.<\/p>\n<\/blockquote>\n\n\n\n<p>A oferta dos cursos se soma a uma s\u00e9rie de iniciativas que visam aproximar a inova\u00e7\u00e3o ao ensino p\u00fablico do Paran\u00e1, como a oferta de aulas de programa\u00e7\u00e3o aos estudantes do ensino regular.<\/p>\n\n\n\n<blockquote class=\"wp-block-quote is-layout-flow wp-block-quote-is-layout-flow\">\n<p>\u201cA parceria com o Google proporciona uma chancela ao estudante, que ajuda com que ele saia da escola e tenha mais oportunidades no mercado de trabalho. S\u00e3o medidas como esta que fazem do Paran\u00e1 a melhor educa\u00e7\u00e3o t\u00e9cnica do Brasil\u201d, disse o secret\u00e1rio da Educa\u00e7\u00e3o, Roni Miranda.<\/p>\n<\/blockquote>\n\n\n\n<figure class=\"wp-block-gallery has-nested-images columns-default is-cropped wp-block-gallery-1 is-layout-flex wp-block-gallery-is-layout-flex\">\n<figure class=\"wp-block-image size-large\"><img loading=\"lazy\" decoding=\"async\" width=\"1024\" height=\"683\" data-id=\"19794\" src=\"https:\/\/acontecenafronteira.com.br\/wp-content\/uploads\/2024\/10\/20241016_agb_google-7-1024x683.jpg?v=1729165269\" alt=\"\" class=\"wp-image-19794\" srcset=\"https:\/\/acontecenafronteira.com.br\/wp-content\/uploads\/2024\/10\/20241016_agb_google-7-1024x683.jpg?v=1729165269 1024w, https:\/\/acontecenafronteira.com.br\/wp-content\/uploads\/2024\/10\/20241016_agb_google-7-300x200.jpg?v=1729165269 300w, https:\/\/acontecenafronteira.com.br\/wp-content\/uploads\/2024\/10\/20241016_agb_google-7-768x512.jpg?v=1729165269 768w, https:\/\/acontecenafronteira.com.br\/wp-content\/uploads\/2024\/10\/20241016_agb_google-7-1536x1024.jpg?v=1729165269 1536w, https:\/\/acontecenafronteira.com.br\/wp-content\/uploads\/2024\/10\/20241016_agb_google-7-2048x1365.jpg?v=1729165269 2048w\" sizes=\"auto, (max-width: 1024px) 100vw, 1024px\" \/><figcaption class=\"wp-element-caption\">O governador Carlos Massa Ratinho Junior participa nesta quarta-feira (16)  do Lan\u00e7amento da a\u00e7\u00e3o \u2013 Cres\u00e7a com a Google \u2013 libera\u00e7\u00e3o, pela Google de 500 licen\u00e7as por escola profissionalizante para cursos gratuitos em diversas \u00e1reas de Tecnologia.<\/figcaption><\/figure>\n\n\n\n<figure class=\"wp-block-image size-large\"><img loading=\"lazy\" decoding=\"async\" width=\"1024\" height=\"683\" data-id=\"19796\" src=\"https:\/\/acontecenafronteira.com.br\/wp-content\/uploads\/2024\/10\/20241016_agb_google-25-1024x683.jpg?v=1729165270\" alt=\"\" class=\"wp-image-19796\" srcset=\"https:\/\/acontecenafronteira.com.br\/wp-content\/uploads\/2024\/10\/20241016_agb_google-25-1024x683.jpg?v=1729165270 1024w, https:\/\/acontecenafronteira.com.br\/wp-content\/uploads\/2024\/10\/20241016_agb_google-25-300x200.jpg?v=1729165270 300w, https:\/\/acontecenafronteira.com.br\/wp-content\/uploads\/2024\/10\/20241016_agb_google-25-768x512.jpg?v=1729165270 768w, https:\/\/acontecenafronteira.com.br\/wp-content\/uploads\/2024\/10\/20241016_agb_google-25-1536x1024.jpg?v=1729165270 1536w, https:\/\/acontecenafronteira.com.br\/wp-content\/uploads\/2024\/10\/20241016_agb_google-25-2048x1365.jpg?v=1729165270 2048w\" sizes=\"auto, (max-width: 1024px) 100vw, 1024px\" \/><figcaption class=\"wp-element-caption\">O governador Carlos Massa Ratinho Junior participa nesta quarta-feira (16)  do Lan\u00e7amento da a\u00e7\u00e3o \u2013 Cres\u00e7a com a Google \u2013 libera\u00e7\u00e3o, pela Google de 500 licen\u00e7as por escola profissionalizante para cursos gratuitos em diversas \u00e1reas de Tecnologia.<\/figcaption><\/figure>\n\n\n\n<figure class=\"wp-block-image size-large\"><img loading=\"lazy\" decoding=\"async\" width=\"1024\" height=\"683\" data-id=\"19793\" src=\"https:\/\/acontecenafronteira.com.br\/wp-content\/uploads\/2024\/10\/20241016_agb_google-3-1024x683.jpg?v=1729165270\" alt=\"\" class=\"wp-image-19793\" srcset=\"https:\/\/acontecenafronteira.com.br\/wp-content\/uploads\/2024\/10\/20241016_agb_google-3-1024x683.jpg?v=1729165270 1024w, https:\/\/acontecenafronteira.com.br\/wp-content\/uploads\/2024\/10\/20241016_agb_google-3-300x200.jpg?v=1729165270 300w, https:\/\/acontecenafronteira.com.br\/wp-content\/uploads\/2024\/10\/20241016_agb_google-3-768x512.jpg?v=1729165270 768w, https:\/\/acontecenafronteira.com.br\/wp-content\/uploads\/2024\/10\/20241016_agb_google-3-1536x1024.jpg?v=1729165270 1536w, https:\/\/acontecenafronteira.com.br\/wp-content\/uploads\/2024\/10\/20241016_agb_google-3-2048x1365.jpg?v=1729165270 2048w\" sizes=\"auto, (max-width: 1024px) 100vw, 1024px\" \/><figcaption class=\"wp-element-caption\">O governador Carlos Massa Ratinho Junior participa nesta quarta-feira (16)  do Lan\u00e7amento da a\u00e7\u00e3o \u2013 Cres\u00e7a com a Google \u2013 libera\u00e7\u00e3o, pela Google de 500 licen\u00e7as por escola profissionalizante para cursos gratuitos em diversas \u00e1reas de Tecnologia.<\/figcaption><\/figure>\n\n\n\n<figure class=\"wp-block-image size-large\"><img loading=\"lazy\" decoding=\"async\" width=\"1024\" height=\"683\" data-id=\"19795\" src=\"https:\/\/acontecenafronteira.com.br\/wp-content\/uploads\/2024\/10\/20241016_agb_google-27-1024x683.jpg?v=1729165270\" alt=\"\" class=\"wp-image-19795\" srcset=\"https:\/\/acontecenafronteira.com.br\/wp-content\/uploads\/2024\/10\/20241016_agb_google-27-1024x683.jpg?v=1729165270 1024w, https:\/\/acontecenafronteira.com.br\/wp-content\/uploads\/2024\/10\/20241016_agb_google-27-300x200.jpg?v=1729165270 300w, https:\/\/acontecenafronteira.com.br\/wp-content\/uploads\/2024\/10\/20241016_agb_google-27-768x512.jpg?v=1729165270 768w, https:\/\/acontecenafronteira.com.br\/wp-content\/uploads\/2024\/10\/20241016_agb_google-27-1536x1024.jpg?v=1729165270 1536w, https:\/\/acontecenafronteira.com.br\/wp-content\/uploads\/2024\/10\/20241016_agb_google-27-2048x1365.jpg?v=1729165270 2048w\" sizes=\"auto, (max-width: 1024px) 100vw, 1024px\" \/><figcaption class=\"wp-element-caption\">O governador Carlos Massa Ratinho Junior participa nesta quarta-feira (16)  do Lan\u00e7amento da a\u00e7\u00e3o \u2013 Cres\u00e7a com a Google \u2013 libera\u00e7\u00e3o, pela Google de 500 licen\u00e7as por escola profissionalizante para cursos gratuitos em diversas \u00e1reas de Tecnologia.<\/figcaption><\/figure>\n<\/figure>\n","protected":false},"excerpt":{"rendered":"<p>O Governo do Paran\u00e1 e o Google Cloud Learning firmaram uma parceria para a concess\u00e3o de licen\u00e7as de cursos que qualifiquem alunos da rede estadual de escolas profissionalizantes. A autoriza\u00e7\u00e3o para a parceria foi assinada nesta quarta-feira (16) pelo governador Carlos Massa Ratinho Junior e tem como objetivo capacitar os estudantes para novas tecnologias. A [&hellip;]<\/p>\n","protected":false},"author":2,"featured_media":19795,"comment_status":"open","ping_status":"open","sticky":false,"template":"","format":"standard","meta":{"om_disable_all_campaigns":false,"_monsterinsights_skip_tracking":false,"_monsterinsights_sitenote_active":false,"_monsterinsights_sitenote_note":"","_monsterinsights_sitenote_category":0,"footnotes":""},"categories":[8,18,12],"tags":[],"class_list":["post-19792","post","type-post","status-publish","format-standard","has-post-thumbnail","hentry","category-educaca0","category-parana","category-tecnologia"],"_links":{"self":[{"href":"https:\/\/acontecenafronteira.com.br\/index.php\/wp-json\/wp\/v2\/posts\/19792","targetHints":{"allow":["GET"]}}],"collection":[{"href":"https:\/\/acontecenafronteira.com.br\/index.php\/wp-json\/wp\/v2\/posts"}],"about":[{"href":"https:\/\/acontecenafronteira.com.br\/index.php\/wp-json\/wp\/v2\/types\/post"}],"author":[{"embeddable":true,"href":"https:\/\/acontecenafronteira.com.br\/index.php\/wp-json\/wp\/v2\/users\/2"}],"replies":[{"embeddable":true,"href":"https:\/\/acontecenafronteira.com.br\/index.php\/wp-json\/wp\/v2\/comments?post=19792"}],"version-history":[{"count":1,"href":"https:\/\/acontecenafronteira.com.br\/index.php\/wp-json\/wp\/v2\/posts\/19792\/revisions"}],"predecessor-version":[{"id":19797,"href":"https:\/\/acontecenafronteira.com.br\/index.php\/wp-json\/wp\/v2\/posts\/19792\/revisions\/19797"}],"wp:featuredmedia":[{"embeddable":true,"href":"https:\/\/acontecenafronteira.com.br\/index.php\/wp-json\/wp\/v2\/media\/19795"}],"wp:attachment":[{"href":"https:\/\/acontecenafronteira.com.br\/index.php\/wp-json\/wp\/v2\/media?parent=19792"}],"wp:term":[{"taxonomy":"category","embeddable":true,"href":"https:\/\/acontecenafronteira.com.br\/index.php\/wp-json\/wp\/v2\/categories?post=19792"},{"taxonomy":"post_tag","embeddable":true,"href":"https:\/\/acontecenafronteira.com.br\/index.php\/wp-json\/wp\/v2\/tags?post=19792"}],"curies":[{"name":"wp","href":"https:\/\/api.w.org\/{rel}","templated":true}]}}