{"id":19605,"date":"2024-10-05T19:59:33","date_gmt":"2024-10-05T22:59:33","guid":{"rendered":"https:\/\/acontecenafronteira.com.br\/?p=19605"},"modified":"2024-10-05T19:59:34","modified_gmt":"2024-10-05T22:59:34","slug":"foz-tera-transporte-coletivo-de-graca-no-domingo-de-eleicao","status":"publish","type":"post","link":"https:\/\/acontecenafronteira.com.br\/index.php\/2024\/10\/05\/foz-tera-transporte-coletivo-de-graca-no-domingo-de-eleicao\/","title":{"rendered":"Foz ter\u00e1 transporte coletivo de gra\u00e7a no domingo de elei\u00e7\u00e3o"},"content":{"rendered":"\n<p>\u00d4nibus ser\u00e1 gratuito no per\u00edodo das 7h \u00e0s 18 horas; ve\u00edculos v\u00e3o circular com os hor\u00e1rios de s\u00e1bado<\/p>\n\n\n\n<p>O Foztrans informa que o Transporte Coletivo de Foz do Igua\u00e7u ser\u00e1 gratuito neste domingo (6), dia do primeiro turno das elei\u00e7\u00f5es municipais. A medida visa facilitar o acesso dos eleitores aos locais de vota\u00e7\u00e3o.<\/p>\n\n\n\n<p>A gratuidade \u00e9 v\u00e1lida para o per\u00edodo das 7h \u00e0s 18 horas. Durante todo o domingo, os \u00f4nibus v\u00e3o circular conforme a escala de hor\u00e1rio dos s\u00e1bados.<\/p>\n\n\n\n<p>Os usu\u00e1rios do Transporte Coletivo precisam passar o Cart\u00e3o \u00danico Foztrans para liberar a catraca do \u00f4nibus, mas o valor da tarifa n\u00e3o ser\u00e1 descontado. Caso o passageiro n\u00e3o tenha o cart\u00e3o, dever\u00e1 informar ao motorista para que seja feita a libera\u00e7\u00e3o da catraca.<\/p>\n\n\n\n<p>A gratuidade ser\u00e1 promovida tamb\u00e9m no dia 27 de outubro, caso haja segundo turno.<\/p>\n","protected":false},"excerpt":{"rendered":"<p>\u00d4nibus ser\u00e1 gratuito no per\u00edodo das 7h \u00e0s 18 horas; ve\u00edculos v\u00e3o circular com os hor\u00e1rios de s\u00e1bado O Foztrans informa que o Transporte Coletivo de Foz do Igua\u00e7u ser\u00e1 gratuito neste domingo (6), dia do primeiro turno das elei\u00e7\u00f5es municipais. A medida visa facilitar o acesso dos eleitores aos locais de vota\u00e7\u00e3o. A gratuidade [&hellip;]<\/p>\n","protected":false},"author":2,"featured_media":19606,"comment_status":"open","ping_status":"open","sticky":false,"template":"","format":"standard","meta":{"om_disable_all_campaigns":false,"_monsterinsights_skip_tracking":false,"_monsterinsights_sitenote_active":false,"_monsterinsights_sitenote_note":"","_monsterinsights_sitenote_category":0,"footnotes":""},"categories":[4,24],"tags":[],"class_list":["post-19605","post","type-post","status-publish","format-standard","has-post-thumbnail","hentry","category-cidade","category-eleicoes"],"_links":{"self":[{"href":"https:\/\/acontecenafronteira.com.br\/index.php\/wp-json\/wp\/v2\/posts\/19605","targetHints":{"allow":["GET"]}}],"collection":[{"href":"https:\/\/acontecenafronteira.com.br\/index.php\/wp-json\/wp\/v2\/posts"}],"about":[{"href":"https:\/\/acontecenafronteira.com.br\/index.php\/wp-json\/wp\/v2\/types\/post"}],"author":[{"embeddable":true,"href":"https:\/\/acontecenafronteira.com.br\/index.php\/wp-json\/wp\/v2\/users\/2"}],"replies":[{"embeddable":true,"href":"https:\/\/acontecenafronteira.com.br\/index.php\/wp-json\/wp\/v2\/comments?post=19605"}],"version-history":[{"count":1,"href":"https:\/\/acontecenafronteira.com.br\/index.php\/wp-json\/wp\/v2\/posts\/19605\/revisions"}],"predecessor-version":[{"id":19607,"href":"https:\/\/acontecenafronteira.com.br\/index.php\/wp-json\/wp\/v2\/posts\/19605\/revisions\/19607"}],"wp:featuredmedia":[{"embeddable":true,"href":"https:\/\/acontecenafronteira.com.br\/index.php\/wp-json\/wp\/v2\/media\/19606"}],"wp:attachment":[{"href":"https:\/\/acontecenafronteira.com.br\/index.php\/wp-json\/wp\/v2\/media?parent=19605"}],"wp:term":[{"taxonomy":"category","embeddable":true,"href":"https:\/\/acontecenafronteira.com.br\/index.php\/wp-json\/wp\/v2\/categories?post=19605"},{"taxonomy":"post_tag","embeddable":true,"href":"https:\/\/acontecenafronteira.com.br\/index.php\/wp-json\/wp\/v2\/tags?post=19605"}],"curies":[{"name":"wp","href":"https:\/\/api.w.org\/{rel}","templated":true}]}}