{"id":19599,"date":"2024-10-05T19:56:46","date_gmt":"2024-10-05T22:56:46","guid":{"rendered":"https:\/\/acontecenafronteira.com.br\/?p=19599"},"modified":"2024-10-05T19:56:47","modified_gmt":"2024-10-05T22:56:47","slug":"campanha-outubro-rosa-e-lancado-em-foz-com-foco-na-saude-da-mulher-e-prevencao-ao-cancer-de-mama","status":"publish","type":"post","link":"https:\/\/acontecenafronteira.com.br\/index.php\/2024\/10\/05\/campanha-outubro-rosa-e-lancado-em-foz-com-foco-na-saude-da-mulher-e-prevencao-ao-cancer-de-mama\/","title":{"rendered":"Campanha Outubro Rosa \u00e9 lan\u00e7ado em Foz com foco na sa\u00fade da mulher e preven\u00e7\u00e3o ao c\u00e2ncer de mama"},"content":{"rendered":"\n<p>Teve in\u00edcio nesta sexta-feira, 4, a abertura oficial do Outubro Rosa em Foz do Igua\u00e7u, no audit\u00f3rio da Pol\u00edcia Federal. A campanha visa aumentar a conscientiza\u00e7\u00e3o sobre a import\u00e2ncia da preven\u00e7\u00e3o e do diagn\u00f3stico precoce do c\u00e2ncer de mama, al\u00e9m de refor\u00e7ar o compromisso do munic\u00edpio com a sa\u00fade da mulher. Durante o evento, a\u00e7\u00f5es e servi\u00e7os de sa\u00fade foram apresentados, refor\u00e7ando a import\u00e2ncia do atendimento integral e humanizado \u00e0 mulher.<\/p>\n\n\n\n<p>O Secret\u00e1rio de Sa\u00fade, Ulisses Figueiredo, expressou a preocupa\u00e7\u00e3o em atender \u00e0s mulheres n\u00e3o apenas na preven\u00e7\u00e3o do c\u00e2ncer de mama, mas tamb\u00e9m em rela\u00e7\u00e3o \u00e0 preven\u00e7\u00e3o de outras doen\u00e7as e \u00e0 viol\u00eancia. <\/p>\n\n\n\n<blockquote class=\"wp-block-quote is-layout-flow wp-block-quote-is-layout-flow\">\n<p>\u201cEm menos de dois anos, realizamos mais de 140 mil exames preventivos no munic\u00edpio, incluindo quase 17 mil mamografias. Com esta campanha, nosso objetivo \u00e9 ampliar o acesso \u00e0 sa\u00fade para cada vez mais mulheres, promovendo mais consultas ginecol\u00f3gicas, obst\u00e9tricas e cirurgias necess\u00e1rias\u201d, destacou o secret\u00e1rio.<\/p>\n<\/blockquote>\n\n\n\n<p>Durante a solenidade, foi destacada a reuni\u00e3o realizada em 27 de setembro, na qual o munic\u00edpio firmou contratos com os hospitais Madre de Dio, de S\u00e3o Miguel do Igua\u00e7u, e Nossa Senhora de F\u00e1tima, de Missal. Esses contratos visam apoiar a demanda por cirurgias na \u00e1rea de ginecologia. O processo inclui consultas e exames realizados em Foz do Igua\u00e7u, com encaminhamento para os hospitais de refer\u00eancia e o retorno dos pacientes para realizar o p\u00f3s-operat\u00f3rio na cidade.<\/p>\n\n\n\n<p>A Presidente da Associa\u00e7\u00e3o de Remadoras Flor de L\u00f3tus de Foz do Igua\u00e7u, Regina Maura Santos, esteve presente no evento e destacou o papel da Associa\u00e7\u00e3o, criada em 2020 em Foz. \u201c\u00c9 preciso estarmos atentas na hora de falar sobre o c\u00e2ncer de mama. Para n\u00f3s, \u00e9 fundamental e emocionante compartilhar a hist\u00f3ria de cada mulher da nossa Associa\u00e7\u00e3o, mostrando que \u00e9 poss\u00edvel ter uma vida saud\u00e1vel ap\u00f3s a doen\u00e7a. Embora outubro represente um m\u00eas de conscientiza\u00e7\u00e3o, \u00e9 um tema que precisamos abordar o ano todo&#8221;, enfatizou Regina.<\/p>\n\n\n\n<figure class=\"wp-block-gallery has-nested-images columns-default is-cropped wp-block-gallery-1 is-layout-flex wp-block-gallery-is-layout-flex\">\n<figure class=\"wp-block-image\"><img decoding=\"async\" src=\"blob:https:\/\/acontecenafronteira.com.br\/615fe240-af3f-4add-8788-c7f444fb990d\" alt=\"\"\/><\/figure>\n\n\n\n<figure class=\"wp-block-image\"><img decoding=\"async\" src=\"blob:https:\/\/acontecenafronteira.com.br\/76ae01fe-036c-413e-b8d6-b1f84a49be0a\" alt=\"\"\/><\/figure>\n\n\n\n<figure class=\"wp-block-image\"><img decoding=\"async\" src=\"blob:https:\/\/acontecenafronteira.com.br\/0dc1f0b6-ad0e-47d5-bbb4-2424ce1dc309\" alt=\"\"\/><\/figure>\n\n\n\n<figure class=\"wp-block-image\"><img decoding=\"async\" src=\"blob:https:\/\/acontecenafronteira.com.br\/7a2cbe5b-3bef-427f-921d-c0a5762a5a11\" alt=\"\"\/><\/figure>\n<\/figure>\n","protected":false},"excerpt":{"rendered":"<p>Teve in\u00edcio nesta sexta-feira, 4, a abertura oficial do Outubro Rosa em Foz do Igua\u00e7u, no audit\u00f3rio da Pol\u00edcia Federal. A campanha visa aumentar a conscientiza\u00e7\u00e3o sobre a import\u00e2ncia da preven\u00e7\u00e3o e do diagn\u00f3stico precoce do c\u00e2ncer de mama, al\u00e9m de refor\u00e7ar o compromisso do munic\u00edpio com a sa\u00fade da mulher. Durante o evento, a\u00e7\u00f5es [&hellip;]<\/p>\n","protected":false},"author":2,"featured_media":19600,"comment_status":"open","ping_status":"open","sticky":false,"template":"","format":"standard","meta":{"om_disable_all_campaigns":false,"_monsterinsights_skip_tracking":false,"_monsterinsights_sitenote_active":false,"_monsterinsights_sitenote_note":"","_monsterinsights_sitenote_category":0,"footnotes":""},"categories":[4,10],"tags":[],"class_list":["post-19599","post","type-post","status-publish","format-standard","has-post-thumbnail","hentry","category-cidade","category-saude"],"_links":{"self":[{"href":"https:\/\/acontecenafronteira.com.br\/index.php\/wp-json\/wp\/v2\/posts\/19599","targetHints":{"allow":["GET"]}}],"collection":[{"href":"https:\/\/acontecenafronteira.com.br\/index.php\/wp-json\/wp\/v2\/posts"}],"about":[{"href":"https:\/\/acontecenafronteira.com.br\/index.php\/wp-json\/wp\/v2\/types\/post"}],"author":[{"embeddable":true,"href":"https:\/\/acontecenafronteira.com.br\/index.php\/wp-json\/wp\/v2\/users\/2"}],"replies":[{"embeddable":true,"href":"https:\/\/acontecenafronteira.com.br\/index.php\/wp-json\/wp\/v2\/comments?post=19599"}],"version-history":[{"count":1,"href":"https:\/\/acontecenafronteira.com.br\/index.php\/wp-json\/wp\/v2\/posts\/19599\/revisions"}],"predecessor-version":[{"id":19604,"href":"https:\/\/acontecenafronteira.com.br\/index.php\/wp-json\/wp\/v2\/posts\/19599\/revisions\/19604"}],"wp:featuredmedia":[{"embeddable":true,"href":"https:\/\/acontecenafronteira.com.br\/index.php\/wp-json\/wp\/v2\/media\/19600"}],"wp:attachment":[{"href":"https:\/\/acontecenafronteira.com.br\/index.php\/wp-json\/wp\/v2\/media?parent=19599"}],"wp:term":[{"taxonomy":"category","embeddable":true,"href":"https:\/\/acontecenafronteira.com.br\/index.php\/wp-json\/wp\/v2\/categories?post=19599"},{"taxonomy":"post_tag","embeddable":true,"href":"https:\/\/acontecenafronteira.com.br\/index.php\/wp-json\/wp\/v2\/tags?post=19599"}],"curies":[{"name":"wp","href":"https:\/\/api.w.org\/{rel}","templated":true}]}}