{"id":19484,"date":"2024-09-26T15:27:47","date_gmt":"2024-09-26T18:27:47","guid":{"rendered":"https:\/\/acontecenafronteira.com.br\/?p=19484"},"modified":"2024-09-26T15:27:48","modified_gmt":"2024-09-26T18:27:48","slug":"em-parceria-com-aacd-governador-anuncia-complexo-de-reabilitacao-silvio-santos","status":"publish","type":"post","link":"https:\/\/acontecenafronteira.com.br\/index.php\/2024\/09\/26\/em-parceria-com-aacd-governador-anuncia-complexo-de-reabilitacao-silvio-santos\/","title":{"rendered":"Em parceria com AACD, governador anuncia Complexo de Reabilita\u00e7\u00e3o Silvio Santos"},"content":{"rendered":"\n<p>O governador Carlos Massa Ratinho Junior anunciou nesta quinta-feira (26) a cria\u00e7\u00e3o do Complexo de Reabilita\u00e7\u00e3o Silvio Santos, em Curitiba, em parceria com a AACD (Associa\u00e7\u00e3o de Assist\u00eancia \u00e0 Crian\u00e7a Deficiente). A estrutura vai contar com a constru\u00e7\u00e3o de um novo hospital, fruto de um investimento de R$ 65 milh\u00f5es do Governo do Estado, e tamb\u00e9m marca a chegada da AACD ao Paran\u00e1.<\/p>\n\n\n\n<p>A nova unidade ser\u00e1 constru\u00edda em um terreno de mais de 7 mil metros quadrados ao lado do&nbsp;<a href=\"https:\/\/www.aen.pr.gov.br\/Noticia\/Referencia-nacional-Hospital-de-Reabilitacao-do-Estado-realiza-80-mil-atendimentos-por-ano\" target=\"_blank\" rel=\"noreferrer noopener\">Hospital de Reabilita\u00e7\u00e3o Ana Carolina Moura Xavier<\/a>. Com os dois hospitais e a parceria com a AACD, o complexo vai expandir os servi\u00e7os de reabilita\u00e7\u00e3o f\u00edsica, auditiva, visual e intelectual prestados pelo Estado.<\/p>\n\n\n\n<blockquote class=\"wp-block-quote is-layout-flow wp-block-quote-is-layout-flow\">\n<p>\u201c\u00c9 um presente que o Paran\u00e1 ganha. A AACD \u00e9 uma das institui\u00e7\u00f5es mais respeitadas do mundo e essa parceria foi uma constru\u00e7\u00e3o de tr\u00eas anos entre o Governo Estadual e equipe t\u00e9cnica e o conselho da associa\u00e7\u00e3o, com o objetivo de trazer toda a capacidade t\u00e9cnica que a entidade tem para o Estado\u201d, disse o governador.<\/p>\n<\/blockquote>\n\n\n\n<p>Ratinho Junior explicou que o nome do Complexo foi uma homenagem a quem contribuiu para o crescimento da AACD. \u201cA for\u00e7a e a credibilidade do Silvio Santos deram uma dimens\u00e3o nacional \u00e0 institui\u00e7\u00e3o e foi o gesto que o Paran\u00e1 encontrou de homenage\u00e1-lo\u201d, disse. O apresentador e empres\u00e1rio, dono do SBT, faleceu no \u00faltimo dia 17 de agosto.&nbsp;<\/p>\n\n\n\n<p>J\u00e1 o objetivo da parceria e da cria\u00e7\u00e3o do complexo \u00e9 agregar ao escopo do hospital, que j\u00e1 promove um atendimento de excel\u00eancia em tratamentos especializados a portadores de complica\u00e7\u00f5es neurol\u00f3gicas, ortop\u00e9dicas e p\u00f3s-trauma, a experi\u00eancia de mais de 70 anos da AACD em reabilita\u00e7\u00e3o f\u00edsica e tratamentos ortop\u00e9dicos, que s\u00e3o refer\u00eancia no Brasil.<\/p>\n\n\n\n<p><strong>COMPLEXO&nbsp;<\/strong>\u2013 O termo de denomina\u00e7\u00e3o do novo Complexo de Reabilita\u00e7\u00e3o Silvio Santos foi assinado pelo governador Ratinho Junior, pelo secret\u00e1rio de Sa\u00fade, C\u00e9sar Neves, e pelas filhas do apresentador, S\u00edlvia e C\u00edntia Abravanel.<\/p>\n\n\n\n<p>O complexo ser\u00e1 criado a partir da constru\u00e7\u00e3o de um novo hospital ao lado do Hospital de Reabilita\u00e7\u00e3o Ana Carolina Moura Xavier, no bairro Cabral. Dos recursos investidos na constru\u00e7\u00e3o do novo hospital, R$ 40 milh\u00f5es ser\u00e3o oriundos da transforma\u00e7\u00e3o da Copel em corpora\u00e7\u00e3o.<\/p>\n\n\n\n<p>Esta nova unidade vai unificar servi\u00e7os j\u00e1 existentes no Estado como o Centro de Atendimento Integral ao Fissurado L\u00e1bio Palatal (CAIF), al\u00e9m de ofertar novos servi\u00e7os como ambulat\u00f3rio de marcha e oficina ortop\u00e9dica para confec\u00e7\u00e3o, adapta\u00e7\u00e3o e manuten\u00e7\u00e3o de \u00d3rteses, Pr\u00f3teses e Meios de Locomo\u00e7\u00e3o (OPMAL). O complexo tamb\u00e9m vai contar com um novo centro cir\u00fargico que ampliar\u00e1 a oferta de procedimentos ortop\u00e9dicos, neurol\u00f3gicos e urol\u00f3gicos.<\/p>\n\n\n\n<blockquote class=\"wp-block-quote is-layout-flow wp-block-quote-is-layout-flow\">\n<p>&#8220;S\u00e3o medidas que v\u00e3o triplicar a nossa capacidade de atendimento nestas \u00e1reas, tanto nas entregas de pr\u00f3teses, \u00f3rteses e equipamentos, quanto em exames e servi\u00e7os aos pacientes&#8221;, explicou o secret\u00e1rio de Sa\u00fade, C\u00e9sar Neves.<\/p>\n<\/blockquote>\n\n\n\n<p>Ao promover o Teleton, em parceria com a AACD, Silvio Santos colocou em pauta a mobiliza\u00e7\u00e3o social em prol da reabilita\u00e7\u00e3o e do tratamento das pessoas com dificuldades motoras, f\u00edsicas e intelectuais. Em mais de 20 anos de campanha, o Teleton viabilizou mais de 15 milh\u00f5es de atendimentos a pacientes com defici\u00eancia e ajudou na constru\u00e7\u00e3o de dez unidades da AACD pelo Brasil.<\/p>\n\n\n\n<blockquote class=\"wp-block-quote is-layout-flow wp-block-quote-is-layout-flow\">\n<p>\u201cFoi um grato presente para n\u00f3s. Estamos indo para 27 anos de Teleton, esse projeto que ele [Silvio Santos] deixou para a gente propagar\u201d, refletiu Silvia Abravanel.<\/p>\n<\/blockquote>\n\n\n\n<p>\u201cQue bom que meu pai abra\u00e7ou essa causa e pode ajudar o maior n\u00famero de pessoas, a gente est\u00e1 aqui representando a fam\u00edlia. A gente s\u00f3 pode agradecer, \u00e9 uma honra\u201d, celebrou Cintia Abravanel.<\/p>\n\n\n\n<p><strong>PARCERIA&nbsp;<\/strong>\u2013<strong>&nbsp;<\/strong>O termo de coopera\u00e7\u00e3o formalizado com a AACD prev\u00ea que, antes mesmo da constru\u00e7\u00e3o do novo hospital, a institui\u00e7\u00e3o realize um mapeamento geral dos atendimentos realizados no hospital paranaense para aperfei\u00e7oar os protocolos, com treinamentos para todos da \u00e1rea assistencial. Ser\u00e1 feito tamb\u00e9m um estudo sobre a jornada dos pacientes para ajudar a definir novos marcos de atendimento.<\/p>\n\n\n\n<p>Para o presidente do Conselho de Administra\u00e7\u00e3o da AACD, Carlos Eduardo Moraes Scripilliti, a parceria vai ampliar os atendimentos da institui\u00e7\u00e3o. \u201cEstive aqui h\u00e1 um ano e fiquei encantado com a estrutura do Hospital de Reabilita\u00e7\u00e3o e com essas parcerias podemos aumentar os atendimentos do AACD. Agora a nossa equipe vai realizar capacita\u00e7\u00f5es para que seja prestado o melhor atendimento poss\u00edvel. Como aqui j\u00e1 funciona o hospital, certamente n\u00e3o haver\u00e1 dificuldade\u201d, avaliou.<\/p>\n\n\n\n<p>Al\u00e9m disso, profissionais do Paran\u00e1 passar\u00e3o por uma imers\u00e3o na AACD conhecendo as unidades, o trabalho e os processos adotados pela associa\u00e7\u00e3o. Isso compreende desde as pr\u00e1ticas de agendamento at\u00e9 as consultas multidisciplinares com fisioterapeutas, terapeutas ocupacionais e fisiatrias. Por outro lado, profissionais da AACD tamb\u00e9m v\u00e3o visitar o Hospital de Reabilita\u00e7\u00e3o em Curitiba para entender os processos existentes e os fluxos adotados pela unidade.<\/p>\n\n\n\n<p>Um primeiro grupo de 18 profissionais do Hospital de Reabilita\u00e7\u00e3o j\u00e1 tem uma visita de uma semana agendada para outubro, dando in\u00edcio \u00e0 parceria entre as duas institui\u00e7\u00f5es.<\/p>\n\n\n\n<p>Ap\u00f3s a constru\u00e7\u00e3o da nova unidade, a institui\u00e7\u00e3o vai atuar em parceria com o Governo do Paran\u00e1 nas atividades e servi\u00e7os prestados pelo hospital, ampliando os atendimentos de reabilita\u00e7\u00e3o por todo o Estado. A entrega de cadeiras de rodas especiais, cadeiras de banho, \u00f3rteses, pr\u00f3teses e outros equipamentos na unidade pode triplicar, passando de 1.800 por ano para mais de 5.000..<\/p>\n\n\n\n<p>Como parte do incremento das atividades do Hospital de Reabilita\u00e7\u00e3o, o Estado j\u00e1 deu in\u00edcio a uma entrega de 2.712 cadeiras de rodas e de 4.954 acess\u00f3rios, no valor total de R$ 8,1 milh\u00f5es. Entre os equipamentos est\u00e3o cadeiras de rodas infantis, cadeiras de banho, cadeiras motorizadas, assentos reclin\u00e1veis, carrinhos dobr\u00e1veis, entre outros.<\/p>\n\n\n\n<p><strong>HOSPITAL DE REABILITA\u00c7\u00c3O<\/strong>&nbsp;\u2013 Atualmente, o Hospital de Reabilita\u00e7\u00e3o Ana Carolina Moura Xavier oferta servi\u00e7os reabilita\u00e7\u00e3o pelo SUS para pessoas com defici\u00eancia f\u00edsica de todo o Paran\u00e1. Ela oferece tratamento para uma ampla gama de condi\u00e7\u00f5es, incluindo doen\u00e7as neuromusculares, les\u00f5es encef\u00e1licas, les\u00f5es medulares, malforma\u00e7\u00f5es cong\u00eanitas, sequelas de hansen\u00edase, paralisia cerebral, amputa\u00e7\u00f5es, S\u00edndrome P\u00f3s-Poliomielite, Parkinson, entre outras.<\/p>\n\n\n\n<p>Atualmente, no setor de reabilita\u00e7\u00e3o, s\u00e3o oferecidos servi\u00e7os de fisioterapia, hidroterapia, terapia ocupacional, fonoaudiologia, psicologia, servi\u00e7o social, enfermagem e nutri\u00e7\u00e3o, al\u00e9m de um servi\u00e7o especializado em \u00d3rteses, Pr\u00f3teses e Meios Auxiliares de Locomo\u00e7\u00e3o (OPMAL).<\/p>\n\n\n\n<p>A unidade paranaense possui 20 leitos de UTI e 51 leitos de enfermaria. Al\u00e9m disso tem cinco salas cir\u00fargicas, um laborat\u00f3rio de neurocirurgia, um posto de coleta laboratorial que funciona 24 horas, piscina e diversas salas exclusivas para fisioterapia. No \u00faltimo ano, o Hospital de Reabilita\u00e7\u00e3o realizou 82.442 atendimentos, incluindo 53.349 sess\u00f5es terap\u00eauticas, 24.589 consultas e 4.504 exames.<\/p>\n\n\n\n<p><strong>INVESTIMENTOS<\/strong>&nbsp;\u2013<strong>&nbsp;<\/strong>A parceria refor\u00e7a a prioridade do Governo do Estado nos investimentos na \u00e1rea da sa\u00fade e na melhoria dos processos visando um melhor atendimento \u00e0 popula\u00e7\u00e3o.&nbsp;<a href=\"https:\/\/www.aen.pr.gov.br\/Noticia\/Lider-em-doacoes-de-orgaos-Parana-registra-aumento-de-transplantes-no-1o-semestre\" target=\"_blank\" rel=\"noreferrer noopener\">O Paran\u00e1 \u00e9 l\u00edder nacional na doa\u00e7\u00e3o de \u00f3rg\u00e3os<\/a>&nbsp;e no&nbsp;<a href=\"https:\/\/www.aen.pr.gov.br\/Noticia\/Parana-e-o-estado-que-mais-realiza-consultas-pre-natal-pelo-Sistema-Unico-de-Saude\" target=\"_blank\" rel=\"noreferrer noopener\">volume de consultas pr\u00e9-natal para gestantes<\/a>, por exemplo. Al\u00e9m disso, est\u00e1 investindo mais de<a href=\"https:\/\/www.aen.pr.gov.br\/Noticia\/Com-investimento-de-mais-de-R-260-milhoes-Parana-vai-ganhar-11-novos-hospitais\" target=\"_blank\" rel=\"noreferrer noopener\">&nbsp;R$ 260 milh\u00f5es na constru\u00e7\u00e3o de 11 hospitais por todo o Estado.<\/a><\/p>\n\n\n\n<p>No primeiro semestre de 2024, o Paran\u00e1 ainda foi&nbsp;<a href=\"https:\/\/www.aen.pr.gov.br\/Noticia\/Parana-e-o-3o-estado-que-mais-investiu-em-2024-apontam-dados-do-Tesouro-Nacional#:~:text=Confira%20o%20%C3%A1udio%20desta%20not%C3%ADcia&amp;text=Com%20isso%2C%20o%20Paran%C3%A1%20subiu,%24%203%2C57%20bilh%C3%B5es).\" target=\"_blank\" rel=\"noreferrer noopener\">o terceiro estado que mais investiu em sa\u00fade no Brasil<\/a>, com uma amplia\u00e7\u00e3o de 140% nos investimentos na \u00e1rea em rela\u00e7\u00e3o ao mesmo per\u00edodo do ano passado. Nos seis primeiros meses de 2023, foram investidos R$ 232,3 milh\u00f5es e em 2024 foram R$ 557 milh\u00f5es, segundo o Relat\u00f3rio de Execu\u00e7\u00e3o Or\u00e7ament\u00e1ria da Secretaria do Tesouro Nacional (STN).<\/p>\n\n\n\n<p>Os investimentos se refletem tamb\u00e9m em um aumento nas entregas feitas pelo Hospital de Reabilita\u00e7\u00e3o. De 2021 para 2023, a unidade aumentou em 146% o n\u00famero de produtos entre \u00f3rteses, pr\u00f3teses, cadeiras de rodas e palmilhas. Foram 798 produtos em 2021 e 1.962 em 2023. Neste ano, as entregas seguem aumentando. Somente nos oito primeiros meses de 2024, o quantitativo de materiais j\u00e1 est\u00e1 pr\u00f3ximo do total distribu\u00eddo ao longo de todo o ano passado. De janeiro a agosto foram entregues 1.908 \u00f3rteses, pr\u00f3teses e materiais de aux\u00edlio \u00e0 locomo\u00e7\u00e3o.<\/p>\n\n\n\n<p><strong>SOBRE A AACD&nbsp;<\/strong>\u2013 A AACD \u00e9 refer\u00eancia em ortopedia e na reabilita\u00e7\u00e3o de pessoas com defici\u00eancia f\u00edsica. Com infraestrutura completa, equipe multidisciplinar, corpo cl\u00ednico especializado e mais de 70 anos de expertise, a institui\u00e7\u00e3o \u00e9 composta por um Hospital Ortop\u00e9dico, sete Centros de Reabilita\u00e7\u00e3o e cinco Oficinas para entrega de servi\u00e7os e produtos ortop\u00e9dicos sob medida.<\/p>\n\n\n\n<p>Dos cerca de 800 mil atendimentos anuais, 80% s\u00e3o feitos via Sistema \u00danico de Sa\u00fade (SUS), contudo a tabela de repasse \u00e9 deficit\u00e1ria. Assim, os valores provenientes de atendimentos privados (conv\u00eanio ou particular) e arrecadados pela \u00e1rea de capta\u00e7\u00e3o de recursos s\u00e3o fundamentais na viabiliza\u00e7\u00e3o de um servi\u00e7o de sa\u00fade qualificado e constru\u00e7\u00e3o de uma sociedade mais inclusiva para que os pacientes possam exercer plenamente a sua cidadania com acesso \u00e0 educa\u00e7\u00e3o, emprego e outros direitos essenciais.<\/p>\n\n\n\n<p>Atualmente, a AACD possui unidades pr\u00f3prias localizadas em S\u00e3o Paulo, Mogi das Cruzes e Osasco (SP), Recife (PE), Porto Alegre (RS) e Uberl\u00e2ndia (MG). Tamb\u00e9m conta com a Coopera\u00e7\u00e3o T\u00e9cnica, que leva o padr\u00e3o de excel\u00eancia da Institui\u00e7\u00e3o, atrav\u00e9s de entidades parceiras, para Salvador e Jequi\u00e9 (BA), S\u00e3o Jos\u00e9 do Rio Preto (SP), Po\u00e7os de Caldas (MG), Curitiba e Maring\u00e1 (PR) e Macei\u00f3 (AL). Saiba mais no site.<\/p>\n\n\n\n<p><strong>PRESEN\u00c7AS&nbsp;<\/strong>\u2013 Estiveram presentes no evento o vice-governador Darci Piana; a primeira-dama Luciana Saito Massa; os secret\u00e1rios da Casa Civil, Jo\u00e3o Carlos Ortega; da Casa Militar, tenente-coronel Marcos Ant\u00f4nio Tordoro; do Planejamento, Guto Silva; da Comunica\u00e7\u00e3o, Cleber Mata; do Desenvolvimento Social e Fam\u00edlia, Rogerio Carboni; o deputado federal Beto Preto; os deputados estaduais M\u00e1rcia Hu\u00e7ulak e Pedro Paulo Bazana; o diretor-geral do Complexo do Hospital do Trabalhador, Guilherme Graziani; o presidente da Funda\u00e7\u00e3o da Universidade Federal do Paran\u00e1 (Funpar), Tom\u00e1s Sparano Martins; o diretor-presidente do Ipardes, Jorge Callado; o diretor das afiliadas do SBT, Daniel Abravanel; o empres\u00e1rio e apresentador Carlos Massa e sua esposa Solange Massa; o presidente do Grupo Massa, Gabriel Massa; o apresentador Rafael Massa; a 1\u00aa subdefensora p\u00fablica-geral do Paran\u00e1, L\u00edvia&nbsp;Martins Salom\u00e3o&nbsp;Brodbeck&nbsp;e Silva; e demais autoridades.<\/p>\n\n\n\n<figure class=\"wp-block-gallery has-nested-images columns-default is-cropped wp-block-gallery-1 is-layout-flex wp-block-gallery-is-layout-flex\">\n<figure class=\"wp-block-image size-large\"><img loading=\"lazy\" decoding=\"async\" width=\"1024\" height=\"683\" data-id=\"19487\" src=\"https:\/\/acontecenafronteira.com.br\/wp-content\/uploads\/2024\/09\/mg_2257-1024x683.jpg?v=1727375253\" alt=\"\" class=\"wp-image-19487\" srcset=\"https:\/\/acontecenafronteira.com.br\/wp-content\/uploads\/2024\/09\/mg_2257-1024x683.jpg?v=1727375253 1024w, https:\/\/acontecenafronteira.com.br\/wp-content\/uploads\/2024\/09\/mg_2257-300x200.jpg?v=1727375253 300w, https:\/\/acontecenafronteira.com.br\/wp-content\/uploads\/2024\/09\/mg_2257-768x512.jpg?v=1727375253 768w, https:\/\/acontecenafronteira.com.br\/wp-content\/uploads\/2024\/09\/mg_2257-1536x1024.jpg?v=1727375253 1536w, https:\/\/acontecenafronteira.com.br\/wp-content\/uploads\/2024\/09\/mg_2257-2048x1365.jpg?v=1727375253 2048w\" sizes=\"auto, (max-width: 1024px) 100vw, 1024px\" \/><\/figure>\n\n\n\n<figure class=\"wp-block-image size-large\"><img loading=\"lazy\" decoding=\"async\" width=\"1024\" height=\"683\" data-id=\"19486\" src=\"https:\/\/acontecenafronteira.com.br\/wp-content\/uploads\/2024\/09\/mg_2290-1024x683.jpg?v=1727375253\" alt=\"\" class=\"wp-image-19486\" srcset=\"https:\/\/acontecenafronteira.com.br\/wp-content\/uploads\/2024\/09\/mg_2290-1024x683.jpg?v=1727375253 1024w, https:\/\/acontecenafronteira.com.br\/wp-content\/uploads\/2024\/09\/mg_2290-300x200.jpg?v=1727375253 300w, https:\/\/acontecenafronteira.com.br\/wp-content\/uploads\/2024\/09\/mg_2290-768x512.jpg?v=1727375253 768w, https:\/\/acontecenafronteira.com.br\/wp-content\/uploads\/2024\/09\/mg_2290-1536x1024.jpg?v=1727375253 1536w, https:\/\/acontecenafronteira.com.br\/wp-content\/uploads\/2024\/09\/mg_2290-2048x1365.jpg?v=1727375253 2048w\" sizes=\"auto, (max-width: 1024px) 100vw, 1024px\" \/><\/figure>\n\n\n\n<figure class=\"wp-block-image size-large\"><img loading=\"lazy\" decoding=\"async\" width=\"1024\" height=\"683\" data-id=\"19485\" src=\"https:\/\/acontecenafronteira.com.br\/wp-content\/uploads\/2024\/09\/mg_2342-1024x683.jpg?v=1727375252\" alt=\"\" class=\"wp-image-19485\" srcset=\"https:\/\/acontecenafronteira.com.br\/wp-content\/uploads\/2024\/09\/mg_2342-1024x683.jpg?v=1727375252 1024w, https:\/\/acontecenafronteira.com.br\/wp-content\/uploads\/2024\/09\/mg_2342-300x200.jpg?v=1727375252 300w, https:\/\/acontecenafronteira.com.br\/wp-content\/uploads\/2024\/09\/mg_2342-768x512.jpg?v=1727375252 768w, https:\/\/acontecenafronteira.com.br\/wp-content\/uploads\/2024\/09\/mg_2342-1536x1024.jpg?v=1727375252 1536w, https:\/\/acontecenafronteira.com.br\/wp-content\/uploads\/2024\/09\/mg_2342-2048x1365.jpg?v=1727375252 2048w\" sizes=\"auto, (max-width: 1024px) 100vw, 1024px\" \/><\/figure>\n<\/figure>\n","protected":false},"excerpt":{"rendered":"<p>O governador Carlos Massa Ratinho Junior anunciou nesta quinta-feira (26) a cria\u00e7\u00e3o do Complexo de Reabilita\u00e7\u00e3o Silvio Santos, em Curitiba, em parceria com a AACD (Associa\u00e7\u00e3o de Assist\u00eancia \u00e0 Crian\u00e7a Deficiente). A estrutura vai contar com a constru\u00e7\u00e3o de um novo hospital, fruto de um investimento de R$ 65 milh\u00f5es do Governo do Estado, e [&hellip;]<\/p>\n","protected":false},"author":2,"featured_media":19486,"comment_status":"open","ping_status":"open","sticky":false,"template":"","format":"standard","meta":{"om_disable_all_campaigns":false,"_monsterinsights_skip_tracking":false,"_monsterinsights_sitenote_active":false,"_monsterinsights_sitenote_note":"","_monsterinsights_sitenote_category":0,"footnotes":""},"categories":[26,18,10],"tags":[],"class_list":["post-19484","post","type-post","status-publish","format-standard","has-post-thumbnail","hentry","category-brasil","category-parana","category-saude"],"_links":{"self":[{"href":"https:\/\/acontecenafronteira.com.br\/index.php\/wp-json\/wp\/v2\/posts\/19484","targetHints":{"allow":["GET"]}}],"collection":[{"href":"https:\/\/acontecenafronteira.com.br\/index.php\/wp-json\/wp\/v2\/posts"}],"about":[{"href":"https:\/\/acontecenafronteira.com.br\/index.php\/wp-json\/wp\/v2\/types\/post"}],"author":[{"embeddable":true,"href":"https:\/\/acontecenafronteira.com.br\/index.php\/wp-json\/wp\/v2\/users\/2"}],"replies":[{"embeddable":true,"href":"https:\/\/acontecenafronteira.com.br\/index.php\/wp-json\/wp\/v2\/comments?post=19484"}],"version-history":[{"count":1,"href":"https:\/\/acontecenafronteira.com.br\/index.php\/wp-json\/wp\/v2\/posts\/19484\/revisions"}],"predecessor-version":[{"id":19488,"href":"https:\/\/acontecenafronteira.com.br\/index.php\/wp-json\/wp\/v2\/posts\/19484\/revisions\/19488"}],"wp:featuredmedia":[{"embeddable":true,"href":"https:\/\/acontecenafronteira.com.br\/index.php\/wp-json\/wp\/v2\/media\/19486"}],"wp:attachment":[{"href":"https:\/\/acontecenafronteira.com.br\/index.php\/wp-json\/wp\/v2\/media?parent=19484"}],"wp:term":[{"taxonomy":"category","embeddable":true,"href":"https:\/\/acontecenafronteira.com.br\/index.php\/wp-json\/wp\/v2\/categories?post=19484"},{"taxonomy":"post_tag","embeddable":true,"href":"https:\/\/acontecenafronteira.com.br\/index.php\/wp-json\/wp\/v2\/tags?post=19484"}],"curies":[{"name":"wp","href":"https:\/\/api.w.org\/{rel}","templated":true}]}}