{"id":1916,"date":"2021-11-09T22:49:45","date_gmt":"2021-11-10T01:49:45","guid":{"rendered":"https:\/\/acontecenafronteira.com.br\/?p=1916"},"modified":"2021-11-09T22:49:49","modified_gmt":"2021-11-10T01:49:49","slug":"parque-das-aves-decreta-luto","status":"publish","type":"post","link":"https:\/\/acontecenafronteira.com.br\/index.php\/2021\/11\/09\/parque-das-aves-decreta-luto\/","title":{"rendered":"Parque das Aves decreta luto"},"content":{"rendered":"\n<p>Hoje \u00e9 um dia muito dif\u00edcil para a fam\u00edlia Parque das Aves, em Foz do Igua\u00e7u. \u00c9 com enorme pesar que anunciamos a perda de 172 flamingos que viviam conosco. Na madrugada dessa ter\u00e7a-feira, 9\/11, duas on\u00e7as do Parque Nacional do Igua\u00e7u, Indira e seu filhote, Aritana, que est\u00e1 aprendendo a ca\u00e7ar, adentraram o recinto dos flamingos. Nem todos os animais vieram a \u00f3bito pela encontro direto com as on\u00e7as. Alguns flamingos vieram a \u00f3bito pelo estresse da situa\u00e7\u00e3o (fen\u00f4meno chamado de miopatia de captura). Apenas 4 flamingos est\u00e3o vivos.<\/p>\n\n\n\n<p>O Parque decretou luto de tr\u00eas dias e tem previs\u00e3o de reabertura ao p\u00fablico na sexta-feira (12). Neste momento, estamos acolhendo os nossos colaboradores que criaram essa col\u00f4nia de flamingos desde 1995, quando chegaram aqui os 16 primeiros indiv\u00edduos resgatados. No Parque das Aves, esses animais encontraram uma segunda chance de vida, recebendo todos os cuidados e aten\u00e7\u00e3o da nossa equipe t\u00e9cnica, posteriormente se reproduzindo e gerando a col\u00f4nia.<\/p>\n\n\n\n<p>Essa cicatriz ficar\u00e1 para sempre na hist\u00f3ria do Parque, por\u00e9m estamos confiantes de que recome\u00e7aremos a col\u00f4nia de flamingos e uma nova hist\u00f3ria.<\/p>\n","protected":false},"excerpt":{"rendered":"<p>Hoje \u00e9 um dia muito dif\u00edcil para a fam\u00edlia Parque das Aves, em Foz do Igua\u00e7u. \u00c9 com enorme pesar que anunciamos a perda de 172 flamingos que viviam conosco. Na madrugada dessa ter\u00e7a-feira, 9\/11, duas on\u00e7as do Parque Nacional do Igua\u00e7u, Indira e seu filhote, Aritana, que est\u00e1 aprendendo a ca\u00e7ar, adentraram o recinto [&hellip;]<\/p>\n","protected":false},"author":2,"featured_media":1917,"comment_status":"open","ping_status":"open","sticky":false,"template":"","format":"standard","meta":{"om_disable_all_campaigns":false,"_monsterinsights_skip_tracking":false,"_monsterinsights_sitenote_active":false,"_monsterinsights_sitenote_note":"","_monsterinsights_sitenote_category":0,"footnotes":""},"categories":[4],"tags":[],"class_list":["post-1916","post","type-post","status-publish","format-standard","has-post-thumbnail","hentry","category-cidade"],"_links":{"self":[{"href":"https:\/\/acontecenafronteira.com.br\/index.php\/wp-json\/wp\/v2\/posts\/1916","targetHints":{"allow":["GET"]}}],"collection":[{"href":"https:\/\/acontecenafronteira.com.br\/index.php\/wp-json\/wp\/v2\/posts"}],"about":[{"href":"https:\/\/acontecenafronteira.com.br\/index.php\/wp-json\/wp\/v2\/types\/post"}],"author":[{"embeddable":true,"href":"https:\/\/acontecenafronteira.com.br\/index.php\/wp-json\/wp\/v2\/users\/2"}],"replies":[{"embeddable":true,"href":"https:\/\/acontecenafronteira.com.br\/index.php\/wp-json\/wp\/v2\/comments?post=1916"}],"version-history":[{"count":1,"href":"https:\/\/acontecenafronteira.com.br\/index.php\/wp-json\/wp\/v2\/posts\/1916\/revisions"}],"predecessor-version":[{"id":1918,"href":"https:\/\/acontecenafronteira.com.br\/index.php\/wp-json\/wp\/v2\/posts\/1916\/revisions\/1918"}],"wp:featuredmedia":[{"embeddable":true,"href":"https:\/\/acontecenafronteira.com.br\/index.php\/wp-json\/wp\/v2\/media\/1917"}],"wp:attachment":[{"href":"https:\/\/acontecenafronteira.com.br\/index.php\/wp-json\/wp\/v2\/media?parent=1916"}],"wp:term":[{"taxonomy":"category","embeddable":true,"href":"https:\/\/acontecenafronteira.com.br\/index.php\/wp-json\/wp\/v2\/categories?post=1916"},{"taxonomy":"post_tag","embeddable":true,"href":"https:\/\/acontecenafronteira.com.br\/index.php\/wp-json\/wp\/v2\/tags?post=1916"}],"curies":[{"name":"wp","href":"https:\/\/api.w.org\/{rel}","templated":true}]}}