{"id":18824,"date":"2024-08-05T14:10:33","date_gmt":"2024-08-05T17:10:33","guid":{"rendered":"https:\/\/acontecenafronteira.com.br\/?p=18824"},"modified":"2024-08-05T14:10:34","modified_gmt":"2024-08-05T17:10:34","slug":"estado-vai-difundir-selo-da-abnt-que-reconhece-boas-praticas-na-defesa-das-mulheres","status":"publish","type":"post","link":"https:\/\/acontecenafronteira.com.br\/index.php\/2024\/08\/05\/estado-vai-difundir-selo-da-abnt-que-reconhece-boas-praticas-na-defesa-das-mulheres\/","title":{"rendered":"Estado vai difundir selo da ABNT que reconhece boas pr\u00e1ticas na defesa das mulheres"},"content":{"rendered":"\n<p>O Governo do Estado, por meio da Secretaria da Mulher, Igualdade Racial e Pessoa Idosa (Semipi), vai aderir formalmente ao Selo de Boas Pr\u00e1ticas no Combate \u00e0 Viol\u00eancia contra Mulheres junto a empresas p\u00fablicas e privadas. A iniciativa tem a parceria do Conselho Regional de Engenharia e Agronomia do Paran\u00e1 (Crea-PR) e da Associa\u00e7\u00e3o Brasileira de Normas T\u00e9cnicas (ABNT). A apresenta\u00e7\u00e3o ser\u00e1 dia 13 de agosto, \u00e0s 9 horas, no Sal\u00e3o de Atos do Pal\u00e1cio Igua\u00e7u, com a presen\u00e7a da ex-modelo e atriz Luiza Brunet, fundadora do Instituto N\u00f3s por Elas (NPE).<\/p>\n\n\n\n<p>O&nbsp;<a href=\"https:\/\/abnt.org.br\/certificacao\/nos-por-elas\/\" target=\"_blank\" rel=\"noreferrer noopener\">selo foi criado pela ABNT<\/a>, em parceria com o Instituto NPE e faz reconhecimento p\u00fablico a \u00f3rg\u00e3os governamentais e empresas e entidades do setor privado comprometidas com a causa da preven\u00e7\u00e3o e combate \u00e0 viol\u00eancia contra as mulheres.&nbsp;<\/p>\n\n\n\n<p>A ABNT \u00e9 respons\u00e1vel por avaliar e monitorar institui\u00e7\u00f5es que adotam o modelo, a partir do seu \u201cManual para a Certifica\u00e7\u00e3o de Boas Pr\u00e1ticas no Combate \u00e0 Viol\u00eancia contra as Mulheres\u201d. A certifica\u00e7\u00e3o formaliza o compromisso de organiza\u00e7\u00f5es em garantir os direitos das mulheres, contribuindo, assim, na redu\u00e7\u00e3o dos \u00edndices de desigualdade e viol\u00eancia no Pa\u00eds. Possui selos Bronze, Prata, Ouro e Platina, de acordo com os requisitos atendidos.<\/p>\n\n\n\n<p>Os estados aderem ao projeto por entender que se trata de um instrumento na rede de prote\u00e7\u00e3o e no combate \u00e0 viol\u00eancia contra as mulheres.&nbsp;J\u00e1 as empresas buscam reconhecimento social por iniciativas focadas nas mulheres, principalmente por oferecer um bom ambiente de trabalho e por alinhar a\u00e7\u00f5es internas com a Agenda 2030 \u2013 ODS 5 \u2013 Igualdade de G\u00eanero.<\/p>\n\n\n\n<p>A secret\u00e1ria estadual da Mulher, Igualdade Racial e Pessoa Idosa, Leandre Dal Ponte, afirma que o selo chega para se somar aos esfor\u00e7os j\u00e1 realizados pela Semipi. Nessa parceria o Estado vai ampliar a divulga\u00e7\u00e3o da iniciativa. \u201c\u00c9 mais um instrumento na rede de prote\u00e7\u00e3o \u00e0s mulheres v\u00edtimas de viol\u00eancia. Com isso, o Governo do Estado reitera seu compromisso na causa da prote\u00e7\u00e3o e defesa dos direitos, com pol\u00edticas p\u00fablicas eficazes em prol dessa popula\u00e7\u00e3o e do combate a qualquer tipo de viol\u00eancia que elas venham a sofrer\u201d, enfatiza.<\/p>\n\n\n\n<p>O presidente do Crea-PR, Clodomir Ascari, refor\u00e7ou a import\u00e2ncia da iniciativa. \u201cA assinatura do protocolo de inten\u00e7\u00f5es entre o Governo do Paran\u00e1, a ABNT e o Crea-PR representa um compromisso conjunto em promover um ambiente mais seguro e igualit\u00e1rio, no qual as boas pr\u00e1ticas sejam n\u00e3o apenas reconhecidas, mas tamb\u00e9m implementadas em todas as esferas da sociedade\u201d, afirmou.<\/p>\n\n\n\n<p>O evento de lan\u00e7amento ser\u00e1 realizado pela Semipi, Crea-PR, ABNT, Instituto N\u00f3s por Elas e tem o apoio do Conselho Federal de Engenharia e Agronomia (Confea), da M\u00fatua \u2013 Caixa de Assist\u00eancia dos Profissionais do Crea, e do G7, grupo que re\u00fane as principais entidades representativas do setor produtivo paranaense.<\/p>\n\n\n\n<p>Al\u00e9m da secret\u00e1ria da Mulher, Igualdade Racial e Pessoa Idosa, Leandre Dal Ponte, do presidente do Crea-PR, Clodomir Ascari, e de Luiza Brunet, o evento ter\u00e1 a participa\u00e7\u00e3o do presidente do Conselho Deliberativo da Associa\u00e7\u00e3o Brasileira de Normas T\u00e9cnicas (ABNT), Mario William Esper; da presidente do Instituto Virada Feminina, Marta Livia Suplicy e de outros representantes do Governo do Estado.<\/p>\n","protected":false},"excerpt":{"rendered":"<p>O Governo do Estado, por meio da Secretaria da Mulher, Igualdade Racial e Pessoa Idosa (Semipi), vai aderir formalmente ao Selo de Boas Pr\u00e1ticas no Combate \u00e0 Viol\u00eancia contra Mulheres junto a empresas p\u00fablicas e privadas. A iniciativa tem a parceria do Conselho Regional de Engenharia e Agronomia do Paran\u00e1 (Crea-PR) e da Associa\u00e7\u00e3o Brasileira [&hellip;]<\/p>\n","protected":false},"author":2,"featured_media":18825,"comment_status":"open","ping_status":"open","sticky":false,"template":"","format":"standard","meta":{"om_disable_all_campaigns":false,"_monsterinsights_skip_tracking":false,"_monsterinsights_sitenote_active":false,"_monsterinsights_sitenote_note":"","_monsterinsights_sitenote_category":0,"footnotes":""},"categories":[18],"tags":[],"class_list":["post-18824","post","type-post","status-publish","format-standard","has-post-thumbnail","hentry","category-parana"],"_links":{"self":[{"href":"https:\/\/acontecenafronteira.com.br\/index.php\/wp-json\/wp\/v2\/posts\/18824","targetHints":{"allow":["GET"]}}],"collection":[{"href":"https:\/\/acontecenafronteira.com.br\/index.php\/wp-json\/wp\/v2\/posts"}],"about":[{"href":"https:\/\/acontecenafronteira.com.br\/index.php\/wp-json\/wp\/v2\/types\/post"}],"author":[{"embeddable":true,"href":"https:\/\/acontecenafronteira.com.br\/index.php\/wp-json\/wp\/v2\/users\/2"}],"replies":[{"embeddable":true,"href":"https:\/\/acontecenafronteira.com.br\/index.php\/wp-json\/wp\/v2\/comments?post=18824"}],"version-history":[{"count":1,"href":"https:\/\/acontecenafronteira.com.br\/index.php\/wp-json\/wp\/v2\/posts\/18824\/revisions"}],"predecessor-version":[{"id":18826,"href":"https:\/\/acontecenafronteira.com.br\/index.php\/wp-json\/wp\/v2\/posts\/18824\/revisions\/18826"}],"wp:featuredmedia":[{"embeddable":true,"href":"https:\/\/acontecenafronteira.com.br\/index.php\/wp-json\/wp\/v2\/media\/18825"}],"wp:attachment":[{"href":"https:\/\/acontecenafronteira.com.br\/index.php\/wp-json\/wp\/v2\/media?parent=18824"}],"wp:term":[{"taxonomy":"category","embeddable":true,"href":"https:\/\/acontecenafronteira.com.br\/index.php\/wp-json\/wp\/v2\/categories?post=18824"},{"taxonomy":"post_tag","embeddable":true,"href":"https:\/\/acontecenafronteira.com.br\/index.php\/wp-json\/wp\/v2\/tags?post=18824"}],"curies":[{"name":"wp","href":"https:\/\/api.w.org\/{rel}","templated":true}]}}