{"id":18809,"date":"2024-08-01T16:03:04","date_gmt":"2024-08-01T19:03:04","guid":{"rendered":"https:\/\/acontecenafronteira.com.br\/?p=18809"},"modified":"2024-08-01T16:03:05","modified_gmt":"2024-08-01T19:03:05","slug":"mestrado-em-engenharia-civil-da-unila-abre-selecao-com-oferta-de-12-vagas","status":"publish","type":"post","link":"https:\/\/acontecenafronteira.com.br\/index.php\/2024\/08\/01\/mestrado-em-engenharia-civil-da-unila-abre-selecao-com-oferta-de-12-vagas\/","title":{"rendered":"Mestrado em Engenharia Civil da UNILA abre sele\u00e7\u00e3o com oferta de 12 vagas"},"content":{"rendered":"\n<p><em>As inscri\u00e7\u00f5es podem ser feitas at\u00e9 31 de outubro; aulas ter\u00e3o in\u00edcio no primeiro semestre de\u00a02025<\/em><\/p>\n\n\n\n<p>O mestrado em Engenharia Civil da UNILA est\u00e1 com inscri\u00e7\u00f5es abertas para a sele\u00e7\u00e3o de alunos para 2025. S\u00e3o oferecidas 12 vagas. As inscri\u00e7\u00f5es s\u00e3o gratuitas e podem ser feitas at\u00e9 o dia 31 de outubro. Informa\u00e7\u00f5es completas e link para as inscri\u00e7\u00f5es podem ser consultados no edital PPGECI 011\/2024.<br><br>As 12 vagas oferecidas est\u00e3o distribu\u00eddas entre as tr\u00eas linhas de pesquisa do programa: Materiais e ecoefici\u00eancia; Sustentabilidade e inova\u00e7\u00e3o; e Estruturas. O edital prev\u00ea a reserva de vagas para pretos e pardos, pessoas com defici\u00eancia, ind\u00edgenas, quilombolas, pessoas autodeclaradas trans e para pessoas refugiadas ou solicitantes de ref\u00fagio ou portadores de visto humanit\u00e1rio. N\u00e3o havendo candidatos habilitados nessas modalidades, as vagas ser\u00e3o redistribu\u00eddas.<br><br>A sele\u00e7\u00e3o ser\u00e1 feita em duas etapas: an\u00e1lise da documenta\u00e7\u00e3o e defesa da proposta de pesquisa (por videoconfer\u00eancia). Ambas t\u00eam car\u00e1ter eliminat\u00f3rio e classificat\u00f3rio. Candidatos habilitados, mas n\u00e3o classificados como aluno regular, poder\u00e3o cursar disciplinas como alunos especiais. O programa ir\u00e1 oferecer at\u00e9 tr\u00eas vagas por linha de pesquisa.<br><br><strong>Sobre o Programa<\/strong><\/p>\n\n\n\n<p><br>O Programa de P\u00f3s-Gradua\u00e7\u00e3o em Engenharia Civil abriu a primeira turma de mestrado em 2017, sendo pioneiro na oferta de ensino em n\u00edvel de p\u00f3s-gradua\u00e7\u00e3o stricto sensu na \u00e1rea de Engenharia Civil na regi\u00e3o Oeste do Paran\u00e1 e tr\u00edplice fronteira, gerando condi\u00e7\u00f5es para o desenvolvimento de pesquisa cient\u00edfica e aplicada nas \u00e1reas de estruturas, sustentabilidade e inova\u00e7\u00e3o e materiais e ecoefici\u00eancia das constru\u00e7\u00f5es.<br><br>O programa foi concebido com o objetivo de formar profissionais com a necess\u00e1ria compet\u00eancia interdisciplinar para integrar os fatores tecnol\u00f3gicos, ambientais e socioecon\u00f4micos nas etapas de planejamento, dimensionamento, constru\u00e7\u00e3o e gest\u00e3o\/explora\u00e7\u00e3o de infraestruturas resilientes e sustent\u00e1veis.<\/p>\n","protected":false},"excerpt":{"rendered":"<p>As inscri\u00e7\u00f5es podem ser feitas at\u00e9 31 de outubro; aulas ter\u00e3o in\u00edcio no primeiro semestre de\u00a02025 O mestrado em Engenharia Civil da UNILA est\u00e1 com inscri\u00e7\u00f5es abertas para a sele\u00e7\u00e3o de alunos para 2025. S\u00e3o oferecidas 12 vagas. As inscri\u00e7\u00f5es s\u00e3o gratuitas e podem ser feitas at\u00e9 o dia 31 de outubro. Informa\u00e7\u00f5es completas e [&hellip;]<\/p>\n","protected":false},"author":2,"featured_media":8493,"comment_status":"open","ping_status":"open","sticky":false,"template":"","format":"standard","meta":{"om_disable_all_campaigns":false,"_monsterinsights_skip_tracking":false,"_monsterinsights_sitenote_active":false,"_monsterinsights_sitenote_note":"","_monsterinsights_sitenote_category":0,"footnotes":""},"categories":[26,4,8],"tags":[],"class_list":["post-18809","post","type-post","status-publish","format-standard","has-post-thumbnail","hentry","category-brasil","category-cidade","category-educaca0"],"_links":{"self":[{"href":"https:\/\/acontecenafronteira.com.br\/index.php\/wp-json\/wp\/v2\/posts\/18809","targetHints":{"allow":["GET"]}}],"collection":[{"href":"https:\/\/acontecenafronteira.com.br\/index.php\/wp-json\/wp\/v2\/posts"}],"about":[{"href":"https:\/\/acontecenafronteira.com.br\/index.php\/wp-json\/wp\/v2\/types\/post"}],"author":[{"embeddable":true,"href":"https:\/\/acontecenafronteira.com.br\/index.php\/wp-json\/wp\/v2\/users\/2"}],"replies":[{"embeddable":true,"href":"https:\/\/acontecenafronteira.com.br\/index.php\/wp-json\/wp\/v2\/comments?post=18809"}],"version-history":[{"count":1,"href":"https:\/\/acontecenafronteira.com.br\/index.php\/wp-json\/wp\/v2\/posts\/18809\/revisions"}],"predecessor-version":[{"id":18810,"href":"https:\/\/acontecenafronteira.com.br\/index.php\/wp-json\/wp\/v2\/posts\/18809\/revisions\/18810"}],"wp:featuredmedia":[{"embeddable":true,"href":"https:\/\/acontecenafronteira.com.br\/index.php\/wp-json\/wp\/v2\/media\/8493"}],"wp:attachment":[{"href":"https:\/\/acontecenafronteira.com.br\/index.php\/wp-json\/wp\/v2\/media?parent=18809"}],"wp:term":[{"taxonomy":"category","embeddable":true,"href":"https:\/\/acontecenafronteira.com.br\/index.php\/wp-json\/wp\/v2\/categories?post=18809"},{"taxonomy":"post_tag","embeddable":true,"href":"https:\/\/acontecenafronteira.com.br\/index.php\/wp-json\/wp\/v2\/tags?post=18809"}],"curies":[{"name":"wp","href":"https:\/\/api.w.org\/{rel}","templated":true}]}}