{"id":18803,"date":"2024-08-01T15:56:51","date_gmt":"2024-08-01T18:56:51","guid":{"rendered":"https:\/\/acontecenafronteira.com.br\/?p=18803"},"modified":"2024-08-01T15:56:52","modified_gmt":"2024-08-01T18:56:52","slug":"parque-nacional-do-iguacu-recebeu-mais-de-200-mil-visitantes-em-julho","status":"publish","type":"post","link":"https:\/\/acontecenafronteira.com.br\/index.php\/2024\/08\/01\/parque-nacional-do-iguacu-recebeu-mais-de-200-mil-visitantes-em-julho\/","title":{"rendered":"Parque Nacional do Igua\u00e7u recebeu mais de 200 mil visitantes em julho"},"content":{"rendered":"\n<p><em>124 nacionalidades passaram pelas Cataratas do Igua\u00e7u nesse \u00faltimo m\u00eas<\/em><\/p>\n\n\n\n<figure class=\"wp-block-table\"><table class=\"has-fixed-layout\"><tbody><tr><td>O Parque Nacional do Igua\u00e7u, que abriga as maravilhosas Cataratas do Igua\u00e7u, registrou a visita de 204.057 turistas e moradores da regi\u00e3o no m\u00eas de julho. Os estrangeiros representam 36,4% da visita\u00e7\u00e3o. Dados de janeiro a julho mostram que a unidade de conserva\u00e7\u00e3o j\u00e1 recebeu 1.057.397 pessoas em 2024.<\/td><\/tr><\/tbody><\/table><\/figure>\n\n\n\n<figure class=\"wp-block-table\"><table class=\"has-fixed-layout\"><tbody><tr><td><img decoding=\"async\" width=\"579\" alt=\"Imagem a\u00e9rea - Cr\u00e9ditos Bruno Bimbato\" src=\"https:\/\/d335luupugsy2.cloudfront.net\/cms%2Ffiles%2F747653%2F1722521729WhatsApp_Image_2024-08-01_at_10.31.16.jpeg\"><\/td><\/tr><\/tbody><\/table><\/figure>\n\n\n\n<figure class=\"wp-block-table\"><table class=\"has-fixed-layout\"><tbody><tr><td><br>Os estrangeiros marcaram presen\u00e7a com 124 nacionalidades conectando-se \u00e0 Maravilha Mundial da Natureza em julho. Os pa\u00edses com mais representantes no m\u00eas foram: Brasil, Argentina, Paraguai, Estados Unidos, Uruguai e Fran\u00e7a, respectivamente.<br>Visitantes de todos os estados brasileiros, al\u00e9m do Distrito Federal, estiveram presentes no parque em julho. Os paranaenses lideram a lista, com mais de 38 mil visitas. Em seguida vem S\u00e3o Paulo, depois Santa Catarina, Rio Grande do Sul e Rio de Janeiro.<\/td><\/tr><\/tbody><\/table><\/figure>\n\n\n\n<figure class=\"wp-block-table\"><table class=\"has-fixed-layout\"><tbody><tr><td><img decoding=\"async\" width=\"578\" alt=\"\" src=\"https:\/\/d335luupugsy2.cloudfront.net\/cms%2Ffiles%2F747653%2F1722521736WhatsApp_Image_2024-08-01_at_10.10.58.jpeg\"><\/td><\/tr><\/tbody><\/table><\/figure>\n\n\n\n<figure class=\"wp-block-table\"><table class=\"has-fixed-layout\"><tbody><tr><td><br><strong>Um milh\u00e3o em 2024 \u2013<\/strong>&nbsp;O Patrim\u00f4nio Mundial Natural recebeu, no dia 22 de julho, a visitante de n\u00famero 1.000.000, por volta das 13 horas. Livia veio do Esp\u00edrito Santo com a filha, Manuela, e o marido, Rodrigo, para conhecer as Cataratas do Igua\u00e7u. Al\u00e9m disso, curiosamente, no ano passado, o parque registrou o mesmo n\u00famero na mesma data, comemorando a fa\u00e7anha em 22 de julho de 2023.<\/td><\/tr><\/tbody><\/table><\/figure>\n\n\n\n<figure class=\"wp-block-table\"><table class=\"has-fixed-layout\"><tbody><tr><td><img decoding=\"async\" width=\"580\" alt=\"\" src=\"https:\/\/d335luupugsy2.cloudfront.net\/cms%2Ffiles%2F747653%2F1722521760WhatsApp_Image_2024-08-01_at_10.10.59.jpeg\"><\/td><\/tr><\/tbody><\/table><\/figure>\n\n\n\n<figure class=\"wp-block-table\"><table class=\"has-fixed-layout\"><tbody><tr><td><strong>Novidades de julho \u2013&nbsp;<\/strong>Iniciado no dia 6 de julho, o passeio Bike Po\u00e7o Preto oferece mais uma op\u00e7\u00e3o de turismo em conex\u00e3o com a natureza do Parque Nacional do Igua\u00e7u. O passeio guiado de bicicleta proporciona uma experi\u00eancia imersiva e informativa pelo deslumbrante Caminho do Po\u00e7o Preto, completamente imerso na floresta da Mata Atl\u00e2ntica. Os passeios s\u00e3o realizados todos os dias, em tr\u00eas hor\u00e1rios: 9h20, 11h20 e 13h20.<\/td><\/tr><\/tbody><\/table><\/figure>\n\n\n\n<figure class=\"wp-block-table\"><table class=\"has-fixed-layout\"><tbody><tr><td><img decoding=\"async\" width=\"580\" alt=\"\" src=\"https:\/\/d335luupugsy2.cloudfront.net\/cms%2Ffiles%2F747653%2F1722521784WhatsApp_Image_2024-08-01_at_10.18.19.jpeg\"><\/td><\/tr><\/tbody><\/table><\/figure>\n\n\n\n<figure class=\"wp-block-table\"><table class=\"has-fixed-layout\"><tbody><tr><td><strong>Como adquirir o ingresso \u2013&nbsp;<\/strong>Para visitar o Parque Nacional do Igua\u00e7u, \u00e9 recomendado adquirir o ingresso antecipadamente pelo site oficial (www.cataratasdoiguacu.com.br), com escolha do dia e hor\u00e1rio para a visita. Em caso de necessidade, \u00e9 poss\u00edvel reagendar o hor\u00e1rio por meio do cadastro feito no momento da compra. Os passeios ao amanhecer, p\u00f4r do sol e durante a noite possuem vagas limitadas.<br><em>Cr\u00e9dito fotografia: Bruno Bimbato<\/em><\/td><\/tr><\/tbody><\/table><\/figure>\n\n\n\n<figure class=\"wp-block-table\"><table class=\"has-fixed-layout\"><tbody><tr><td><img decoding=\"async\" width=\"580\" alt=\"\" src=\"https:\/\/d335luupugsy2.cloudfront.net\/cms%2Ffiles%2F747653%2F1722521818WhatsApp_Image_2024-08-01_at_10.10.59_1.jpeg\"><\/td><\/tr><\/tbody><\/table><\/figure>\n\n\n\n<figure class=\"wp-block-table\"><table class=\"has-fixed-layout\"><tbody><tr><td><strong>Mais informa\u00e7\u00f5es<\/strong>contato@catarataspni.com.brwww.cataratasdoiguacu.com.br<br>(Urbia Cataratas \u2013 Parque Nacional do Igua\u00e7u)<\/td><\/tr><\/tbody><\/table><\/figure>\n\n\n\n<p><\/p>\n","protected":false},"excerpt":{"rendered":"<p>124 nacionalidades passaram pelas Cataratas do Igua\u00e7u nesse \u00faltimo m\u00eas O Parque Nacional do Igua\u00e7u, que abriga as maravilhosas Cataratas do Igua\u00e7u, registrou a visita de 204.057 turistas e moradores da regi\u00e3o no m\u00eas de julho. Os estrangeiros representam 36,4% da visita\u00e7\u00e3o. Dados de janeiro a julho mostram que a unidade de conserva\u00e7\u00e3o j\u00e1 recebeu [&hellip;]<\/p>\n","protected":false},"author":2,"featured_media":14510,"comment_status":"open","ping_status":"open","sticky":false,"template":"","format":"standard","meta":{"om_disable_all_campaigns":false,"_monsterinsights_skip_tracking":false,"_monsterinsights_sitenote_active":false,"_monsterinsights_sitenote_note":"","_monsterinsights_sitenote_category":0,"footnotes":""},"categories":[26,4,13],"tags":[],"class_list":["post-18803","post","type-post","status-publish","format-standard","has-post-thumbnail","hentry","category-brasil","category-cidade","category-entretenimento"],"_links":{"self":[{"href":"https:\/\/acontecenafronteira.com.br\/index.php\/wp-json\/wp\/v2\/posts\/18803","targetHints":{"allow":["GET"]}}],"collection":[{"href":"https:\/\/acontecenafronteira.com.br\/index.php\/wp-json\/wp\/v2\/posts"}],"about":[{"href":"https:\/\/acontecenafronteira.com.br\/index.php\/wp-json\/wp\/v2\/types\/post"}],"author":[{"embeddable":true,"href":"https:\/\/acontecenafronteira.com.br\/index.php\/wp-json\/wp\/v2\/users\/2"}],"replies":[{"embeddable":true,"href":"https:\/\/acontecenafronteira.com.br\/index.php\/wp-json\/wp\/v2\/comments?post=18803"}],"version-history":[{"count":1,"href":"https:\/\/acontecenafronteira.com.br\/index.php\/wp-json\/wp\/v2\/posts\/18803\/revisions"}],"predecessor-version":[{"id":18804,"href":"https:\/\/acontecenafronteira.com.br\/index.php\/wp-json\/wp\/v2\/posts\/18803\/revisions\/18804"}],"wp:featuredmedia":[{"embeddable":true,"href":"https:\/\/acontecenafronteira.com.br\/index.php\/wp-json\/wp\/v2\/media\/14510"}],"wp:attachment":[{"href":"https:\/\/acontecenafronteira.com.br\/index.php\/wp-json\/wp\/v2\/media?parent=18803"}],"wp:term":[{"taxonomy":"category","embeddable":true,"href":"https:\/\/acontecenafronteira.com.br\/index.php\/wp-json\/wp\/v2\/categories?post=18803"},{"taxonomy":"post_tag","embeddable":true,"href":"https:\/\/acontecenafronteira.com.br\/index.php\/wp-json\/wp\/v2\/tags?post=18803"}],"curies":[{"name":"wp","href":"https:\/\/api.w.org\/{rel}","templated":true}]}}