{"id":18619,"date":"2024-06-28T23:46:16","date_gmt":"2024-06-29T02:46:16","guid":{"rendered":"https:\/\/acontecenafronteira.com.br\/?p=18619"},"modified":"2024-06-28T23:46:17","modified_gmt":"2024-06-29T02:46:17","slug":"conselho-municipal-de-patrimonio-cultural-implementa-politica-publica-de-preservacao-do-patrimonio-cultural","status":"publish","type":"post","link":"https:\/\/acontecenafronteira.com.br\/index.php\/2024\/06\/28\/conselho-municipal-de-patrimonio-cultural-implementa-politica-publica-de-preservacao-do-patrimonio-cultural\/","title":{"rendered":"Conselho Municipal de Patrim\u00f4nio Cultural implementa pol\u00edtica p\u00fablica de preserva\u00e7\u00e3o do patrim\u00f4nio cultural"},"content":{"rendered":"\n<p><strong><em>A Comiss\u00e3o Permanente de Preserva\u00e7\u00e3o e Fiscaliza\u00e7\u00e3o do CEPAC prev\u00ea a an\u00e1lise dos processos de tombamento at\u00e9 2025<\/em><\/strong><\/p>\n\n\n\n<p>Em uma decis\u00e3o hist\u00f3rica para Foz do Igua\u00e7u, o CEPAC (Conselho Municipal de Patrim\u00f4nio Cultural) aprovou, durante uma reuni\u00e3o ordin\u00e1ria ocorrida em maio, o tombamento definitivo do obelisco do Marco das Tr\u00eas Fronteiras como patrim\u00f4nio cultural municipal. Ap\u00f3s o encerramento do per\u00edodo de recurso, este se tornou o primeiro tombamento municipal na hist\u00f3ria de cidade.<\/p>\n\n\n\n<p>Segundo o entendimento dos conselheiros, o obelisco constru\u00eddo em 1903 preenche os crit\u00e9rios previstos na Lei n\u00ba 4470\/16 e constitui um elemento cultural importante como portador da identidade igua\u00e7uense. A medida dever\u00e1 impulsionar ainda mais o \u201cturismo cultural\u201d na cidade e poder\u00e1 aumentar ainda mais a visita\u00e7\u00e3o de turistas ao local.<\/p>\n\n\n\n<p>Al\u00e9m do obelisco do Marco das Tr\u00eas Fronteiras, tamb\u00e9m foi aprovado o tombamento definitivo do Col\u00e9gio Estadual Bartolomeu Mitre. Em reuni\u00e3o ordin\u00e1ria realizada no dia 21 de junho de 2024, o Pleno do CEPAC reconheceu o valor hist\u00f3rico e cultural dessa que \u00e9 uma das escolas mais antigas de Foz do Igua\u00e7u.<\/p>\n\n\n\n<p>O tombamento enquanto patrim\u00f4nio cultural municipal do Col\u00e9gio Estadual Bartolomeu Mitre trata-se apenas do pr\u00e9dio hist\u00f3rico principal, sem envolver as demais edifica\u00e7\u00f5es do conjunto arquitet\u00f4nico.<\/p>\n\n\n\n<p>De acordo com o presidente do Conselho Municipal de Patrim\u00f4nio Cultural, Pedro Louvain, Foz do Igua\u00e7u est\u00e1 iniciando a implementa\u00e7\u00e3o de uma pol\u00edtica p\u00fablica para valorizar e preservar o patrim\u00f4nio cultural. \u201cO munic\u00edpio precisa reconhecer e proteger sua heran\u00e7a cultural, hist\u00f3rica e art\u00edstica, e os recentes tombamentos s\u00e3o um passo fundamental nessa nova dire\u00e7\u00e3o da pol\u00edtica p\u00fablica. A falta de conserva\u00e7\u00e3o desse patrim\u00f4nio pode prejudicar a identidade coletiva da cidade, e o munic\u00edpio como um todo sofre um dano moral pela desvaloriza\u00e7\u00e3o da pr\u00f3pria hist\u00f3ria\u201d, complementa.<\/p>\n\n\n\n<p>O Conselho planeja analisar dois processos de tombamento por m\u00eas at\u00e9 2025, seguindo a ordem cronol\u00f3gica de abertura dos processos conforme estabelecido no cronograma de vota\u00e7\u00e3o.<\/p>\n\n\n\n<p><strong>Pr\u00f3ximos tombamentos<\/strong><br>O edif\u00edcio da Funda\u00e7\u00e3o Cultural teve o parecer preliminar aprovado pela Comiss\u00e3o Permanente de Preserva\u00e7\u00e3o e Fiscaliza\u00e7\u00e3o em 21 de junho. A decis\u00e3o final ser\u00e1 submetida \u00e0 vota\u00e7\u00e3o em 19 de julho.<\/p>\n\n\n\n<p>Al\u00e9m do pr\u00e9dio da Funda\u00e7\u00e3o, que j\u00e1 foi o antigo F\u00f3rum Estadual de Justi\u00e7a, o hist\u00f3rico conjunto arquitet\u00f4nico aeroportu\u00e1rio do GRESFI, formado pelo terminal de passageiros e posto de servi\u00e7o, onde funcionou o Aeroporto do Parque Nacional do Igua\u00e7u, primeiro aeroporto da cidade, tamb\u00e9m ser\u00e1 avaliado e votado em definitivo no m\u00eas que vem.<\/p>\n\n\n\n<p>Com informa\u00e7\u00f5es: Conselho Municipal de Patrim\u00f4nio Cultural<\/p>\n\n\n\n<p>Foto: Kiko Sierich<\/p>\n","protected":false},"excerpt":{"rendered":"<p>A Comiss\u00e3o Permanente de Preserva\u00e7\u00e3o e Fiscaliza\u00e7\u00e3o do CEPAC prev\u00ea a an\u00e1lise dos processos de tombamento at\u00e9 2025 Em uma decis\u00e3o hist\u00f3rica para Foz do Igua\u00e7u, o CEPAC (Conselho Municipal de Patrim\u00f4nio Cultural) aprovou, durante uma reuni\u00e3o ordin\u00e1ria ocorrida em maio, o tombamento definitivo do obelisco do Marco das Tr\u00eas Fronteiras como patrim\u00f4nio cultural municipal. [&hellip;]<\/p>\n","protected":false},"author":2,"featured_media":18620,"comment_status":"open","ping_status":"open","sticky":false,"template":"","format":"standard","meta":{"om_disable_all_campaigns":false,"_monsterinsights_skip_tracking":false,"_monsterinsights_sitenote_active":false,"_monsterinsights_sitenote_note":"","_monsterinsights_sitenote_category":0,"footnotes":""},"categories":[4],"tags":[],"class_list":["post-18619","post","type-post","status-publish","format-standard","has-post-thumbnail","hentry","category-cidade"],"_links":{"self":[{"href":"https:\/\/acontecenafronteira.com.br\/index.php\/wp-json\/wp\/v2\/posts\/18619","targetHints":{"allow":["GET"]}}],"collection":[{"href":"https:\/\/acontecenafronteira.com.br\/index.php\/wp-json\/wp\/v2\/posts"}],"about":[{"href":"https:\/\/acontecenafronteira.com.br\/index.php\/wp-json\/wp\/v2\/types\/post"}],"author":[{"embeddable":true,"href":"https:\/\/acontecenafronteira.com.br\/index.php\/wp-json\/wp\/v2\/users\/2"}],"replies":[{"embeddable":true,"href":"https:\/\/acontecenafronteira.com.br\/index.php\/wp-json\/wp\/v2\/comments?post=18619"}],"version-history":[{"count":1,"href":"https:\/\/acontecenafronteira.com.br\/index.php\/wp-json\/wp\/v2\/posts\/18619\/revisions"}],"predecessor-version":[{"id":18621,"href":"https:\/\/acontecenafronteira.com.br\/index.php\/wp-json\/wp\/v2\/posts\/18619\/revisions\/18621"}],"wp:featuredmedia":[{"embeddable":true,"href":"https:\/\/acontecenafronteira.com.br\/index.php\/wp-json\/wp\/v2\/media\/18620"}],"wp:attachment":[{"href":"https:\/\/acontecenafronteira.com.br\/index.php\/wp-json\/wp\/v2\/media?parent=18619"}],"wp:term":[{"taxonomy":"category","embeddable":true,"href":"https:\/\/acontecenafronteira.com.br\/index.php\/wp-json\/wp\/v2\/categories?post=18619"},{"taxonomy":"post_tag","embeddable":true,"href":"https:\/\/acontecenafronteira.com.br\/index.php\/wp-json\/wp\/v2\/tags?post=18619"}],"curies":[{"name":"wp","href":"https:\/\/api.w.org\/{rel}","templated":true}]}}